{"id":23282,"date":"2019-06-03T17:17:35","date_gmt":"2019-06-03T20:17:35","guid":{"rendered":"http:\/\/cronicasyversiones.com\/?p=23282"},"modified":"2019-06-03T17:19:46","modified_gmt":"2019-06-03T20:19:46","slug":"cesar-silva-javier-garcia-en-el-ciclo-de-guitarras-de-ernesto-snajer","status":"publish","type":"post","link":"http:\/\/cronicasyversiones.com\/?p=23282","title":{"rendered":"C\u00e9sar Silva &#038; Javier Garc\u00eda, en el Ciclo de Guitarras de Ernesto Snajer"},"content":{"rendered":"<div style=\"padding-bottom:20px; padding-top:10px;\" class=\"hupso-share-buttons\"><!-- Hupso Share Buttons - https:\/\/www.hupso.com\/share\/ --><a class=\"hupso_counters\" href=\"https:\/\/www.hupso.com\/share\/\"><img decoding=\"async\" src=\"http:\/\/static.hupso.com\/share\/buttons\/lang\/es\/share-small.png\" style=\"border:0px; padding-top:2px; float:left;\" alt=\"Share Button\"\/><\/a><script type=\"text\/javascript\">var hupso_services_c=new Array(\"twitter\",\"facebook_like\",\"google\");var hupso_counters_lang = \"es_LA\";var hupso_image_folder_url = \"\";var hupso_twitter_via=\"crsyvrs\";var hupso_url_c=\"\";<\/script><script type=\"text\/javascript\" src=\"http:\/\/static.hupso.com\/share\/js\/counters.js\"><\/script><!-- Hupso Share Buttons --><\/div><h2>Ambos instrumentistas rescatan el esp\u00edritu del arte del d\u00fao de guitarras; con m\u00fasicas que visitan los universos del jazz, el R&amp;B y la world music.<\/h2>\n<p><img loading=\"lazy\" decoding=\"async\" class=\" wp-image-23283 aligncenter\" src=\"http:\/\/cronicasyversiones.com\/wp-content\/uploads\/2019\/06\/jazz-1024x768.jpg\" alt=\"\" width=\"744\" height=\"558\" srcset=\"http:\/\/cronicasyversiones.com\/wp-content\/uploads\/2019\/06\/jazz-1024x768.jpg 1024w, http:\/\/cronicasyversiones.com\/wp-content\/uploads\/2019\/06\/jazz-300x225.jpg 300w, http:\/\/cronicasyversiones.com\/wp-content\/uploads\/2019\/06\/jazz-768x576.jpg 768w, http:\/\/cronicasyversiones.com\/wp-content\/uploads\/2019\/06\/jazz-640x480.jpg 640w, http:\/\/cronicasyversiones.com\/wp-content\/uploads\/2019\/06\/jazz.jpg 1280w\" sizes=\"auto, (max-width: 744px) 100vw, 744px\" \/><\/p>\n<p>Los guitarristas <strong>C\u00e9sar Silva &amp; Javier Garc\u00eda<\/strong> son m\u00fasicos con amplia actividad en el circuito argentino.<\/p>\n<p>Entre tantos otros proyectos, le dieron \u00a0forma tambi\u00e9n a una versi\u00f3n de sonido \u00edntimo y minimalista, donde rescatan el esp\u00edritu del arte del d\u00fao de guitarras; con m\u00fasicas que visitan los universos del jazz, el R&amp;B y la world music, con el cual se vienen presentando en vivo en distintos escenarios.<\/p>\n<p><iframe loading=\"lazy\" src=\"https:\/\/www.youtube.com\/embed\/wXXRlN8zZEo\" width=\"600\" height=\"350\" frameborder=\"0\" allowfullscreen=\"allowfullscreen\"><span style=\"display: inline-block; width: 0px; overflow: hidden; line-height: 0;\" data-mce-type=\"bookmark\" class=\"mce_SELRES_start\">?<\/span><\/iframe><\/p>\n<p>Adem\u00e1s, recientemente han editado un nuevo \u00e1lbum EP titulado <strong><em>\u00abEn Ac\u00fastico\u00bb <\/em><\/strong>ya disponible en todas las plataformas de streaming.<\/p>\n<p>Este material y otras novedades, lo estar\u00e1n recorriendo el pr\u00f3ximo jueves 6 de Junio, a las 21,30 en el <strong>Ciclo de Guitarras<\/strong> curado por <strong>Ernesto Snajer,<\/strong> en el marco del Festival 10 a\u00f1os del emblem\u00e1tico <strong>Caf\u00e9 Vinilo,<\/strong> el espacio palermitano ubicado en Gorriti 3780.<\/p>\n<div style=\"padding-bottom:20px; padding-top:10px;\" class=\"hupso-share-buttons\"><!-- Hupso Share Buttons - https:\/\/www.hupso.com\/share\/ --><a class=\"hupso_counters\" href=\"https:\/\/www.hupso.com\/share\/\"><img decoding=\"async\" src=\"http:\/\/static.hupso.com\/share\/buttons\/lang\/es\/share-small.png\" style=\"border:0px; padding-top:2px; float:left;\" alt=\"Share Button\"\/><\/a><script type=\"text\/javascript\">var hupso_services_c=new Array(\"twitter\",\"facebook_like\",\"google\");var hupso_counters_lang = \"es_LA\";var hupso_image_folder_url = \"\";var hupso_twitter_via=\"crsyvrs\";var hupso_url_c=\"\";<\/script><script type=\"text\/javascript\" src=\"http:\/\/static.hupso.com\/share\/js\/counters.js\"><\/script><!-- Hupso Share Buttons --><\/div> ","protected":false},"excerpt":{"rendered":"<div style=\"padding-bottom:20px; padding-top:10px;\" class=\"hupso-share-buttons\"><!-- Hupso Share Buttons - https:\/\/www.hupso.com\/share\/ --><a class=\"hupso_counters\" href=\"https:\/\/www.hupso.com\/share\/\"><img src=\"http:\/\/static.hupso.com\/share\/buttons\/lang\/es\/share-small.png\" style=\"border:0px; padding-top:2px; float:left;\" alt=\"Share Button\"\/><\/a><script type=\"text\/javascript\">var hupso_services_c=new Array(\"twitter\",\"facebook_like\",\"google\");var hupso_counters_lang = \"es_LA\";var hupso_image_folder_url = \"\";var hupso_twitter_via=\"crsyvrs\";var hupso_url_c=\"\";<\/script><script type=\"text\/javascript\" src=\"http:\/\/static.hupso.com\/share\/js\/counters.js\"><\/script><!-- Hupso Share Buttons --><\/div><p>Ambos instrumentistas rescatan el esp\u00edritu del arte del d\u00fao de guitarras; con m\u00fasicas que visitan los universos del jazz, el R&amp;B y la world music. Los guitarristas C\u00e9sar Silva &amp; Javier Garc\u00eda son m\u00fasicos con amplia actividad en el&#46;&#46;&#46;<\/p>\n<div style=\"padding-bottom:20px; padding-top:10px;\" class=\"hupso-share-buttons\"><!-- Hupso Share Buttons - https:\/\/www.hupso.com\/share\/ --><a class=\"hupso_counters\" href=\"https:\/\/www.hupso.com\/share\/\"><img src=\"http:\/\/static.hupso.com\/share\/buttons\/lang\/es\/share-small.png\" style=\"border:0px; padding-top:2px; float:left;\" alt=\"Share Button\"\/><\/a><script type=\"text\/javascript\">var hupso_services_c=new Array(\"twitter\",\"facebook_like\",\"google\");var hupso_counters_lang = \"es_LA\";var hupso_image_folder_url = \"\";var hupso_twitter_via=\"crsyvrs\";var hupso_url_c=\"\";<\/script><script type=\"text\/javascript\" src=\"http:\/\/static.hupso.com\/share\/js\/counters.js\"><\/script><!-- Hupso Share Buttons --><\/div>","protected":false},"author":5,"featured_media":23283,"comment_status":"open","ping_status":"closed","sticky":false,"template":"","format":"standard","meta":{"footnotes":""},"categories":[3],"tags":[4550,262],"class_list":["post-23282","post","type-post","status-publish","format-standard","has-post-thumbnail","hentry","category-musica","tag-cafe-vinilo","tag-jazz"],"_links":{"self":[{"href":"http:\/\/cronicasyversiones.com\/index.php?rest_route=\/wp\/v2\/posts\/23282","targetHints":{"allow":["GET"]}}],"collection":[{"href":"http:\/\/cronicasyversiones.com\/index.php?rest_route=\/wp\/v2\/posts"}],"about":[{"href":"http:\/\/cronicasyversiones.com\/index.php?rest_route=\/wp\/v2\/types\/post"}],"author":[{"embeddable":true,"href":"http:\/\/cronicasyversiones.com\/index.php?rest_route=\/wp\/v2\/users\/5"}],"replies":[{"embeddable":true,"href":"http:\/\/cronicasyversiones.com\/index.php?rest_route=%2Fwp%2Fv2%2Fcomments&post=23282"}],"version-history":[{"count":0,"href":"http:\/\/cronicasyversiones.com\/index.php?rest_route=\/wp\/v2\/posts\/23282\/revisions"}],"wp:featuredmedia":[{"embeddable":true,"href":"http:\/\/cronicasyversiones.com\/index.php?rest_route=\/wp\/v2\/media\/23283"}],"wp:attachment":[{"href":"http:\/\/cronicasyversiones.com\/index.php?rest_route=%2Fwp%2Fv2%2Fmedia&parent=23282"}],"wp:term":[{"taxonomy":"category","embeddable":true,"href":"http:\/\/cronicasyversiones.com\/index.php?rest_route=%2Fwp%2Fv2%2Fcategories&post=23282"},{"taxonomy":"post_tag","embeddable":true,"href":"http:\/\/cronicasyversiones.com\/index.php?rest_route=%2Fwp%2Fv2%2Ftags&post=23282"}],"curies":[{"name":"wp","href":"https:\/\/api.w.org\/{rel}","templated":true}]}}