{"id":23292,"date":"2019-06-03T22:09:19","date_gmt":"2019-06-04T01:09:19","guid":{"rendered":"http:\/\/cronicasyversiones.com\/?p=23292"},"modified":"2019-06-03T22:09:19","modified_gmt":"2019-06-04T01:09:19","slug":"un-ciclo-recorre-la-filmografia-de-jana-bokova","status":"publish","type":"post","link":"http:\/\/cronicasyversiones.com\/?p=23292","title":{"rendered":"Un ciclo recorre la filmograf\u00eda de Jana Bokova"},"content":{"rendered":"<div style=\"padding-bottom:20px; padding-top:10px;\" class=\"hupso-share-buttons\"><!-- Hupso Share Buttons - https:\/\/www.hupso.com\/share\/ --><a class=\"hupso_counters\" href=\"https:\/\/www.hupso.com\/share\/\"><img decoding=\"async\" src=\"http:\/\/static.hupso.com\/share\/buttons\/lang\/es\/share-small.png\" style=\"border:0px; padding-top:2px; float:left;\" alt=\"Share Button\"\/><\/a><script type=\"text\/javascript\">var hupso_services_c=new Array(\"twitter\",\"facebook_like\",\"google\");var hupso_counters_lang = \"es_LA\";var hupso_image_folder_url = \"\";var hupso_twitter_via=\"crsyvrs\";var hupso_url_c=\"\";<\/script><script type=\"text\/javascript\" src=\"http:\/\/static.hupso.com\/share\/js\/counters.js\"><\/script><!-- Hupso Share Buttons --><\/div><h2>Una serie de pel\u00edculas de la reconocida directora checa se ver\u00e1n en el Museo del Cine Pablo C. Ducr\u00f3s Hicken.<\/h2>\n<p><img loading=\"lazy\" decoding=\"async\" class=\"wp-image-23293 aligncenter\" src=\"http:\/\/cronicasyversiones.com\/wp-content\/uploads\/2019\/06\/tango-ideal-1024x680.jpg\" alt=\"\" width=\"709\" height=\"471\" srcset=\"http:\/\/cronicasyversiones.com\/wp-content\/uploads\/2019\/06\/tango-ideal-1024x680.jpg 1024w, http:\/\/cronicasyversiones.com\/wp-content\/uploads\/2019\/06\/tango-ideal-300x199.jpg 300w, http:\/\/cronicasyversiones.com\/wp-content\/uploads\/2019\/06\/tango-ideal-768x510.jpg 768w, http:\/\/cronicasyversiones.com\/wp-content\/uploads\/2019\/06\/tango-ideal-480x320.jpg 480w, http:\/\/cronicasyversiones.com\/wp-content\/uploads\/2019\/06\/tango-ideal.jpg 1200w\" sizes=\"auto, (max-width: 709px) 100vw, 709px\" \/><\/p>\n<p>Un ciclo con una retrospectivita de <strong>Jana Bokova t<\/strong>endr\u00e1 lugar desde el 7 de junio los viernes a las 19, y los s\u00e1bados y domingos a las 16, en el <strong>Museo del Cine Pablo C. Ducr\u00f3s Hicken,<\/strong> ubicado en Caffarena 51, con entrada libre y gratuita.<\/p>\n<p>La funci\u00f3n de apertura ser\u00e1 el pr\u00f3ximo viernes a las 20, en el auditorio del Colegio P\u00fablico de Abogados, Corrientes 1441, con la proyecci\u00f3n de su documental <em><strong>\u201cTango Sal\u00f3n, Confiter\u00eda Ideal\u201d <\/strong><\/em>(2004), con la presencia de la directora reci\u00e9n llegada de Londres para la ocasi\u00f3n.<\/p>\n<p>En el Museo del Cine, el 8 (repite el 14), se ver\u00e1 <strong>\u201cDiario para un cuento\u201d<\/strong> (1999), con Germ\u00e1n Palacios, Silke, H\u00e9ctor Alterio e In\u00e9s Est\u00e9vez; el domingo 9 (repite el 30), <em><strong>\u201cTango mio\u201d<\/strong> <\/em>(1985), con Juan Carlos Copes, Mar\u00eda Nieves, Virulazo y Elvira.<\/p>\n<p>El s\u00e1bado 15 (repite el 21) se ver\u00e1 el documental <em><strong>\u201cCiudad de M\u00e9xico\u201d<\/strong><\/em> (2000); el 16 <strong>\u201cAn argentinean journey\u201d<\/strong> (1992), documental de 3 horas para la BBC, con intervalo; el 22 <em><strong>\u201cHavana\u201d<\/strong> <\/em>(1990) y el 23, <em><strong>\u201cUn viaje andaluz\u201d<\/strong><\/em>, y el 29 <em><strong>\u201cBye Bye Shanghai\u201d<\/strong><\/em> (2008), su \u00faltimo trabajo.<\/p>\n<p>Finalmente, en el ciclo del Ministerio de Cultura de la Ciudad de Buenos Aires, el 30 se ver\u00e1 <em><strong>\u201cCuentos de Barcelona\u201d<\/strong><\/em> (1989), acerca de la ciudad y sus personajes, como Tony Miro, Carmen de Roca Sastre, performatico Albert Vidal, el dise\u00f1ador Louis Fortes, los travestis Emmy y Liberty, y el galerista Fernando Amat y Nazario.<\/p>\n<p><em><strong>LEA TAMBI\u00c9N:<\/strong> <\/em><\/p>\n<div class=\"video-container\">\n<blockquote class=\"wp-embedded-content\" data-secret=\"TuGM89vvdX\"><p><a href=\"http:\/\/cronicasyversiones.com\/?p=23149\">\u00abBadur Hogar\u201d, una comedia de Rodrigo Moscoso con B\u00e1rbara Lombardo<\/a><\/p><\/blockquote>\n<p><iframe loading=\"lazy\" class=\"wp-embedded-content\" sandbox=\"allow-scripts\" security=\"restricted\" style=\"position: absolute; clip: rect(1px, 1px, 1px, 1px);\" title=\"\u00ab\u00abBadur Hogar\u201d, una comedia de Rodrigo Moscoso con B\u00e1rbara Lombardo\u00bb \u2014    \" src=\"http:\/\/cronicasyversiones.com\/?p=23149&#038;embed=true#?secret=HzJZ7NwrZ9#?secret=TuGM89vvdX\" data-secret=\"TuGM89vvdX\" width=\"600\" height=\"338\" frameborder=\"0\" marginwidth=\"0\" marginheight=\"0\" scrolling=\"no\"><\/iframe><\/div>\n<p>Nacida en Praga, desde 1968 Jana Bokova es doctorada en Bellas Artes, en las especialidades de fotograf\u00eda y surrealismo y ha vivido y trabajado entre Francia, Argentina e Inglaterra.<\/p>\n<p>En Estados Unidos fue reportera gr\u00e1fica, colaborando con la revista Rolling Stone y poco despu\u00e9s ingres\u00f3 en la National Film School de Inglaterra, mientras que su primer largometraje documental es<em><strong> \u201cMilitia Battlefield\u201d<\/strong><\/em>(1975).<\/p>\n<p>&nbsp;<\/p>\n<p>&nbsp;<\/p>\n<div style=\"padding-bottom:20px; padding-top:10px;\" class=\"hupso-share-buttons\"><!-- Hupso Share Buttons - https:\/\/www.hupso.com\/share\/ --><a class=\"hupso_counters\" href=\"https:\/\/www.hupso.com\/share\/\"><img decoding=\"async\" src=\"http:\/\/static.hupso.com\/share\/buttons\/lang\/es\/share-small.png\" style=\"border:0px; padding-top:2px; float:left;\" alt=\"Share Button\"\/><\/a><script type=\"text\/javascript\">var hupso_services_c=new Array(\"twitter\",\"facebook_like\",\"google\");var hupso_counters_lang = \"es_LA\";var hupso_image_folder_url = \"\";var hupso_twitter_via=\"crsyvrs\";var hupso_url_c=\"\";<\/script><script type=\"text\/javascript\" src=\"http:\/\/static.hupso.com\/share\/js\/counters.js\"><\/script><!-- Hupso Share Buttons --><\/div> ","protected":false},"excerpt":{"rendered":"<div style=\"padding-bottom:20px; padding-top:10px;\" class=\"hupso-share-buttons\"><!-- Hupso Share Buttons - https:\/\/www.hupso.com\/share\/ --><a class=\"hupso_counters\" href=\"https:\/\/www.hupso.com\/share\/\"><img src=\"http:\/\/static.hupso.com\/share\/buttons\/lang\/es\/share-small.png\" style=\"border:0px; padding-top:2px; float:left;\" alt=\"Share Button\"\/><\/a><script type=\"text\/javascript\">var hupso_services_c=new Array(\"twitter\",\"facebook_like\",\"google\");var hupso_counters_lang = \"es_LA\";var hupso_image_folder_url = \"\";var hupso_twitter_via=\"crsyvrs\";var hupso_url_c=\"\";<\/script><script type=\"text\/javascript\" src=\"http:\/\/static.hupso.com\/share\/js\/counters.js\"><\/script><!-- Hupso Share Buttons --><\/div><p>Una serie de pel\u00edculas de la reconocida directora checa se ver\u00e1n en el Museo del Cine Pablo C. Ducr\u00f3s Hicken. Un ciclo con una retrospectivita de Jana Bokova tendr\u00e1 lugar desde el 7 de junio los viernes a las&#46;&#46;&#46;<\/p>\n<div style=\"padding-bottom:20px; padding-top:10px;\" class=\"hupso-share-buttons\"><!-- Hupso Share Buttons - https:\/\/www.hupso.com\/share\/ --><a class=\"hupso_counters\" href=\"https:\/\/www.hupso.com\/share\/\"><img src=\"http:\/\/static.hupso.com\/share\/buttons\/lang\/es\/share-small.png\" style=\"border:0px; padding-top:2px; float:left;\" alt=\"Share Button\"\/><\/a><script type=\"text\/javascript\">var hupso_services_c=new Array(\"twitter\",\"facebook_like\",\"google\");var hupso_counters_lang = \"es_LA\";var hupso_image_folder_url = \"\";var hupso_twitter_via=\"crsyvrs\";var hupso_url_c=\"\";<\/script><script type=\"text\/javascript\" src=\"http:\/\/static.hupso.com\/share\/js\/counters.js\"><\/script><!-- Hupso Share Buttons --><\/div>","protected":false},"author":5,"featured_media":0,"comment_status":"open","ping_status":"closed","sticky":false,"template":"","format":"standard","meta":{"footnotes":""},"categories":[4],"tags":[9245],"class_list":["post-23292","post","type-post","status-publish","format-standard","hentry","category-cine","tag-jana-bokova"],"_links":{"self":[{"href":"http:\/\/cronicasyversiones.com\/index.php?rest_route=\/wp\/v2\/posts\/23292","targetHints":{"allow":["GET"]}}],"collection":[{"href":"http:\/\/cronicasyversiones.com\/index.php?rest_route=\/wp\/v2\/posts"}],"about":[{"href":"http:\/\/cronicasyversiones.com\/index.php?rest_route=\/wp\/v2\/types\/post"}],"author":[{"embeddable":true,"href":"http:\/\/cronicasyversiones.com\/index.php?rest_route=\/wp\/v2\/users\/5"}],"replies":[{"embeddable":true,"href":"http:\/\/cronicasyversiones.com\/index.php?rest_route=%2Fwp%2Fv2%2Fcomments&post=23292"}],"version-history":[{"count":0,"href":"http:\/\/cronicasyversiones.com\/index.php?rest_route=\/wp\/v2\/posts\/23292\/revisions"}],"wp:attachment":[{"href":"http:\/\/cronicasyversiones.com\/index.php?rest_route=%2Fwp%2Fv2%2Fmedia&parent=23292"}],"wp:term":[{"taxonomy":"category","embeddable":true,"href":"http:\/\/cronicasyversiones.com\/index.php?rest_route=%2Fwp%2Fv2%2Fcategories&post=23292"},{"taxonomy":"post_tag","embeddable":true,"href":"http:\/\/cronicasyversiones.com\/index.php?rest_route=%2Fwp%2Fv2%2Ftags&post=23292"}],"curies":[{"name":"wp","href":"https:\/\/api.w.org\/{rel}","templated":true}]}}