{"id":23356,"date":"2019-06-10T22:12:33","date_gmt":"2019-06-11T01:12:33","guid":{"rendered":"http:\/\/cronicasyversiones.com\/?p=23356"},"modified":"2019-06-10T22:12:33","modified_gmt":"2019-06-11T01:12:33","slug":"el-film-de-los-40-anos-de-the-cure-se-vera-en-argentina","status":"publish","type":"post","link":"http:\/\/cronicasyversiones.com\/?p=23356","title":{"rendered":"El film de los 40 a\u00f1os de The Cure se ver\u00e1 en Argentina"},"content":{"rendered":"<div style=\"padding-bottom:20px; padding-top:10px;\" class=\"hupso-share-buttons\"><!-- Hupso Share Buttons - https:\/\/www.hupso.com\/share\/ --><a class=\"hupso_counters\" href=\"https:\/\/www.hupso.com\/share\/\"><img decoding=\"async\" src=\"http:\/\/static.hupso.com\/share\/buttons\/lang\/es\/share-small.png\" style=\"border:0px; padding-top:2px; float:left;\" alt=\"Share Button\"\/><\/a><script type=\"text\/javascript\">var hupso_services_c=new Array(\"twitter\",\"facebook_like\",\"google\");var hupso_counters_lang = \"es_LA\";var hupso_image_folder_url = \"\";var hupso_twitter_via=\"crsyvrs\";var hupso_url_c=\"\";<\/script><script type=\"text\/javascript\" src=\"http:\/\/static.hupso.com\/share\/js\/counters.js\"><\/script><!-- Hupso Share Buttons --><\/div><h2>Se trata de una pel\u00edcula que registra el recital de la banda en junio de 2018 en el Hyde Park de Londres, con la direcci\u00f3n de Tim Pope.<\/h2>\n<p><img loading=\"lazy\" decoding=\"async\" class=\"size-full wp-image-23358 aligncenter\" src=\"http:\/\/cronicasyversiones.com\/wp-content\/uploads\/2019\/06\/the-cure.jpg\" alt=\"\" width=\"750\" height=\"567\" srcset=\"http:\/\/cronicasyversiones.com\/wp-content\/uploads\/2019\/06\/the-cure.jpg 750w, http:\/\/cronicasyversiones.com\/wp-content\/uploads\/2019\/06\/the-cure-300x227.jpg 300w\" sizes=\"auto, (max-width: 750px) 100vw, 750px\" \/><\/p>\n<p>El film rodado durante el concierto que <strong>The Cure<\/strong> brind\u00f3 en junio del 2018 en el <strong>Hyde Park de Londres<\/strong> para celebrar su 40\u00b0 aniversario podr\u00e1 verse el pr\u00f3ximo 29 de agosto en 13 cines de distintas localidades argentinas.<\/p>\n<p>La noticia fue anunciada por la propia banda brit\u00e1nica a trav\u00e9s de sus redes sociales, donde detallan los distintos puntos de Am\u00e9rica latina en donde se proyectar\u00e1 el film dirigido por <strong>Tim Pope.<\/strong><\/p>\n<p>En Argentina, habr\u00e1 funciones en cinco cines porte\u00f1os, uno de Quilmes, en Rosario, en la <strong>Ciudad de Santa Fe, Cordoba, Mendoza, Neuqu\u00e9n, Salta y Santa Cruz.<\/strong><\/p>\n<p>El concierto de m\u00e1s de dos horas de duraci\u00f3n, en el que el grupo interpret\u00f3 alrededor de 30 canciones, se llev\u00f3 a cabo para celebrar la edici\u00f3n de \u00abKilling an arab\u00bb, primer simple editado por la banda liderada por <strong>Robert Smith.<\/strong><\/p>\n<p>Adem\u00e1s de ese t\u00edtulo, The Cure interpret\u00f3 en esa ocasi\u00f3n cl\u00e1sicos como<em><strong> \u00abBoys don&#8217;t cry\u00bb, \u00abLulluby\u00bb, \u00abClose to me\u00bb, \u00abWhy can&#8217;t I be you\u00bb <\/strong><\/em>y<em><strong> \u00abFriday, I&#8217;m in love\u00bb,<\/strong><\/em>entre otros cl\u00e1sicos.<\/p>\n<p>El show fue filmado por Tim Pope, responsable de la mayor\u00eda de los videoclips realizados por el grupo a lo largo de su carrera.<\/p>\n<p><em><strong>LEA TAMBI\u00c9N:<\/strong> <\/em><\/p>\n<div class=\"video-container\">\n<blockquote class=\"wp-embedded-content\" data-secret=\"ZAzSbHBWQG\"><p><a href=\"http:\/\/cronicasyversiones.com\/?p=23311\">Paul McCartney elogi\u00f3 una versi\u00f3n de \u00abBlackbird\u00bb en Mikmaq<\/a><\/p><\/blockquote>\n<p><iframe loading=\"lazy\" class=\"wp-embedded-content\" sandbox=\"allow-scripts\" security=\"restricted\" style=\"position: absolute; clip: rect(1px, 1px, 1px, 1px);\" title=\"\u00abPaul McCartney elogi\u00f3 una versi\u00f3n de \u00abBlackbird\u00bb en Mikmaq\u00bb \u2014    \" src=\"http:\/\/cronicasyversiones.com\/?p=23311&#038;embed=true#?secret=loIsyi1u5K#?secret=ZAzSbHBWQG\" data-secret=\"ZAzSbHBWQG\" width=\"600\" height=\"338\" frameborder=\"0\" marginwidth=\"0\" marginheight=\"0\" scrolling=\"no\"><\/iframe><\/div>\n<p>The Cure se form\u00f3 en form\u00f3 en 1976 en <strong>Crawley, Inglaterra,<\/strong> y en sus or\u00edgenes llamaban Easy Cure. En la formaci\u00f3n original ya estaba Robert Smith, como guitarra solista, y luego ser\u00eda el l\u00edder de la formaci\u00f3n y el \u00fanico fundador que sigui\u00f3 en el grupo.<\/p>\n<p>La carrera de la banda arranc\u00f3 a fines de los \u201970 y tuvieron una alta popularidad en las dos d\u00e9cadas siguientes. Luego, ya en el nuevo siglo, perdieron parte de la masividad obtenida, aunque siguen mantienen a millones de fieles seguidores en todo el mundo.<\/p>\n<p>Surgidos en el movimiento post punk, la banda se puso al frente del dark e hicieron escuela en el g\u00e9nero. Su estilo siempre surfe\u00f3 en el rock alternativo y tuvo cambios estil\u00edsticos al comp\u00e1s del recambio de integrantes.<\/p>\n<div style=\"padding-bottom:20px; padding-top:10px;\" class=\"hupso-share-buttons\"><!-- Hupso Share Buttons - https:\/\/www.hupso.com\/share\/ --><a class=\"hupso_counters\" href=\"https:\/\/www.hupso.com\/share\/\"><img decoding=\"async\" src=\"http:\/\/static.hupso.com\/share\/buttons\/lang\/es\/share-small.png\" style=\"border:0px; padding-top:2px; float:left;\" alt=\"Share Button\"\/><\/a><script type=\"text\/javascript\">var hupso_services_c=new Array(\"twitter\",\"facebook_like\",\"google\");var hupso_counters_lang = \"es_LA\";var hupso_image_folder_url = \"\";var hupso_twitter_via=\"crsyvrs\";var hupso_url_c=\"\";<\/script><script type=\"text\/javascript\" src=\"http:\/\/static.hupso.com\/share\/js\/counters.js\"><\/script><!-- Hupso Share Buttons --><\/div> ","protected":false},"excerpt":{"rendered":"<div style=\"padding-bottom:20px; padding-top:10px;\" class=\"hupso-share-buttons\"><!-- Hupso Share Buttons - https:\/\/www.hupso.com\/share\/ --><a class=\"hupso_counters\" href=\"https:\/\/www.hupso.com\/share\/\"><img src=\"http:\/\/static.hupso.com\/share\/buttons\/lang\/es\/share-small.png\" style=\"border:0px; padding-top:2px; float:left;\" alt=\"Share Button\"\/><\/a><script type=\"text\/javascript\">var hupso_services_c=new Array(\"twitter\",\"facebook_like\",\"google\");var hupso_counters_lang = \"es_LA\";var hupso_image_folder_url = \"\";var hupso_twitter_via=\"crsyvrs\";var hupso_url_c=\"\";<\/script><script type=\"text\/javascript\" src=\"http:\/\/static.hupso.com\/share\/js\/counters.js\"><\/script><!-- Hupso Share Buttons --><\/div><p>Se trata de una pel\u00edcula que registra el recital de la banda en junio de 2018 en el Hyde Park de Londres, con la direcci\u00f3n de Tim Pope. El film rodado durante el concierto que The Cure brind\u00f3 en&#46;&#46;&#46;<\/p>\n<div style=\"padding-bottom:20px; padding-top:10px;\" class=\"hupso-share-buttons\"><!-- Hupso Share Buttons - https:\/\/www.hupso.com\/share\/ --><a class=\"hupso_counters\" href=\"https:\/\/www.hupso.com\/share\/\"><img src=\"http:\/\/static.hupso.com\/share\/buttons\/lang\/es\/share-small.png\" style=\"border:0px; padding-top:2px; float:left;\" alt=\"Share Button\"\/><\/a><script type=\"text\/javascript\">var hupso_services_c=new Array(\"twitter\",\"facebook_like\",\"google\");var hupso_counters_lang = \"es_LA\";var hupso_image_folder_url = \"\";var hupso_twitter_via=\"crsyvrs\";var hupso_url_c=\"\";<\/script><script type=\"text\/javascript\" src=\"http:\/\/static.hupso.com\/share\/js\/counters.js\"><\/script><!-- Hupso Share Buttons --><\/div>","protected":false},"author":5,"featured_media":23358,"comment_status":"open","ping_status":"closed","sticky":false,"template":"","format":"standard","meta":{"footnotes":""},"categories":[3],"tags":[3325],"class_list":["post-23356","post","type-post","status-publish","format-standard","has-post-thumbnail","hentry","category-musica","tag-the-cure"],"_links":{"self":[{"href":"http:\/\/cronicasyversiones.com\/index.php?rest_route=\/wp\/v2\/posts\/23356","targetHints":{"allow":["GET"]}}],"collection":[{"href":"http:\/\/cronicasyversiones.com\/index.php?rest_route=\/wp\/v2\/posts"}],"about":[{"href":"http:\/\/cronicasyversiones.com\/index.php?rest_route=\/wp\/v2\/types\/post"}],"author":[{"embeddable":true,"href":"http:\/\/cronicasyversiones.com\/index.php?rest_route=\/wp\/v2\/users\/5"}],"replies":[{"embeddable":true,"href":"http:\/\/cronicasyversiones.com\/index.php?rest_route=%2Fwp%2Fv2%2Fcomments&post=23356"}],"version-history":[{"count":0,"href":"http:\/\/cronicasyversiones.com\/index.php?rest_route=\/wp\/v2\/posts\/23356\/revisions"}],"wp:featuredmedia":[{"embeddable":true,"href":"http:\/\/cronicasyversiones.com\/index.php?rest_route=\/wp\/v2\/media\/23358"}],"wp:attachment":[{"href":"http:\/\/cronicasyversiones.com\/index.php?rest_route=%2Fwp%2Fv2%2Fmedia&parent=23356"}],"wp:term":[{"taxonomy":"category","embeddable":true,"href":"http:\/\/cronicasyversiones.com\/index.php?rest_route=%2Fwp%2Fv2%2Fcategories&post=23356"},{"taxonomy":"post_tag","embeddable":true,"href":"http:\/\/cronicasyversiones.com\/index.php?rest_route=%2Fwp%2Fv2%2Ftags&post=23356"}],"curies":[{"name":"wp","href":"https:\/\/api.w.org\/{rel}","templated":true}]}}