{"id":23428,"date":"2019-06-17T17:51:32","date_gmt":"2019-06-17T20:51:32","guid":{"rendered":"http:\/\/cronicasyversiones.com\/?p=23428"},"modified":"2019-06-17T19:03:38","modified_gmt":"2019-06-17T22:03:38","slug":"llega-el-festival-internacional-de-poesia-de-buenos-aires","status":"publish","type":"post","link":"http:\/\/cronicasyversiones.com\/?p=23428","title":{"rendered":"Llega el Festival Internacional de Poes\u00eda de Buenos Aires"},"content":{"rendered":"<div style=\"padding-bottom:20px; padding-top:10px;\" class=\"hupso-share-buttons\"><!-- Hupso Share Buttons - https:\/\/www.hupso.com\/share\/ --><a class=\"hupso_counters\" href=\"https:\/\/www.hupso.com\/share\/\"><img decoding=\"async\" src=\"http:\/\/static.hupso.com\/share\/buttons\/lang\/es\/share-small.png\" style=\"border:0px; padding-top:2px; float:left;\" alt=\"Share Button\"\/><\/a><script type=\"text\/javascript\">var hupso_services_c=new Array(\"twitter\",\"facebook_like\",\"google\");var hupso_counters_lang = \"es_LA\";var hupso_image_folder_url = \"\";var hupso_twitter_via=\"crsyvrs\";var hupso_url_c=\"\";<\/script><script type=\"text\/javascript\" src=\"http:\/\/static.hupso.com\/share\/js\/counters.js\"><\/script><!-- Hupso Share Buttons --><\/div><h2>La nueva edici\u00f3n de este encuentro tendr\u00e1 poetas de distintas latitudes, perfomances, recitales, proyecciones audiovisuales e intervenciones.<\/h2>\n<p><img loading=\"lazy\" decoding=\"async\" class=\"size-full wp-image-23429 aligncenter\" src=\"http:\/\/cronicasyversiones.com\/wp-content\/uploads\/2019\/06\/poesia-1.jpg\" alt=\"\" width=\"782\" height=\"530\" srcset=\"http:\/\/cronicasyversiones.com\/wp-content\/uploads\/2019\/06\/poesia-1.jpg 782w, http:\/\/cronicasyversiones.com\/wp-content\/uploads\/2019\/06\/poesia-1-300x203.jpg 300w, http:\/\/cronicasyversiones.com\/wp-content\/uploads\/2019\/06\/poesia-1-768x521.jpg 768w\" sizes=\"auto, (max-width: 782px) 100vw, 782px\" \/><\/p>\n<p>El <strong>Festival Internacional de Poes\u00eda de Buenos Aires<\/strong> celebra su XIV entre el 20 al 23 de junio en el<strong> CCK<\/strong> y otras sedes con la participaci\u00f3n de poetas de 17 pa\u00edses y una programaci\u00f3n atravesada por ejes como las tem\u00e1ticas de g\u00e9nero, la interculturalidad, la inclusi\u00f3n y las disidencias.<\/p>\n<p>Durante cuatro d\u00edas, habr\u00e1 <strong>lecturas a cargo de destacados poetas<\/strong>, perfomances, recitales, proyecciones audiovisuales e intervenciones en las calles, abarcando las diversas expresiones po\u00e9ticas que van m\u00e1s all\u00e1 del verso.<\/p>\n<p>Algunos de los poetas, performers y m\u00fasicos locales de <strong><em>\u00abdistintas generaciones y est\u00e9ticas\u00bb <\/em><\/strong>que participar\u00e1n de esta d\u00e9cimo cuarta edici\u00f3n son Ana Arzoumanian, Luis Chitarroni, Gigliola \u00abCanela\u00bb Zecchin y Esteban Charpentier.<\/p>\n<p>Tambi\u00e9n ser\u00e1n de la partida Sabrina Usach, Fernanda Mugica, Valeria Cervero, Luis Osvaldo Tedesco, Francisco \u00abPaco\u00bb Redondo, Catalina Boccardo y Susy Shock, entre otros 60 participantes<\/p>\n<p>Del exterior llegar\u00e1n Gasper Malej (Eslovenia), Pia Juul (Dinamarca), Rita Santana (Brasil), Oulaya Drissi El Bouzaidi (Marruecos), Alicia Migdal (Uruguay), Marina Arrate (Chile), Claudia Berrueto (M\u00e9xico), Luis Fernando Mac\u00edas (Colombia), Marie Silkeberg (Suecia), Antonella Bukovaz (Italia) y Alexis Romero (Venezuela).<\/p>\n<p><em><strong>LEA TAMBI\u00c9N: <\/strong><\/em><\/p>\n<div class=\"video-container\">\n<blockquote class=\"wp-embedded-content\" data-secret=\"kwplbHxo6R\"><p><a href=\"http:\/\/cronicasyversiones.com\/?p=23347\">\u201cTabaco\u201d, la primera novela de Jeanette Lococo<\/a><\/p><\/blockquote>\n<p><iframe loading=\"lazy\" class=\"wp-embedded-content\" sandbox=\"allow-scripts\" security=\"restricted\" style=\"position: absolute; clip: rect(1px, 1px, 1px, 1px);\" title=\"\u00ab\u201cTabaco\u201d, la primera novela de Jeanette Lococo\u00bb \u2014    \" src=\"http:\/\/cronicasyversiones.com\/?p=23347&#038;embed=true#?secret=172g1hoJrz#?secret=kwplbHxo6R\" data-secret=\"kwplbHxo6R\" width=\"600\" height=\"338\" frameborder=\"0\" marginwidth=\"0\" marginheight=\"0\" scrolling=\"no\"><\/iframe><\/div>\n<p>El evento, que lleva 14 a\u00f1os sin interrupciones y que 2018 \u00faltimo fue inaugurado por la uruguaya<a href=\"http:\/\/cronicasyversiones.com\/?p=22748\"> Ida Vitale, la poeta de 95 a\u00f1os que en abril recibi\u00f3 el Premio Miguel de Cervantes.<\/a><\/p>\n<p>La cita se desarrolla en paralelo una Escuela Internacional de Poes\u00eda que propone una <strong>pedagog\u00eda descontracturada<\/strong> con talleristas prestigiosos como Chitarroni, que dar\u00e1 un taller para docentes y bibliotecarios, el cual ya est\u00e1 al tope de su capacidad.<\/p>\n<p>Algunos de los ejes que atravesar\u00e1n la programaci\u00f3n de este a\u00f1o, cuyas actividades se desarrollar\u00e1n con entrada libre y gratuita a excepci\u00f3n de la escuela que requiere inscripci\u00f3n previa, retoman temas candentes en agenda, como el movimiento de mujeres, la inclusi\u00f3n, el colectivo LGTB o la interculturalidad.<\/p>\n<p>Este a\u00f1o, adem\u00e1s, habr\u00e1 una feria de editoriales que reunir\u00e1 a m\u00e1s de veinte sellos dedicados al g\u00e9nero, los cuales quedaron seleccionados tras una convocatoria p\u00fablica. Y los t\u00edtulos se ofrecer\u00e1n en el CCK y el en el Mercado del Progreso.<\/p>\n<p>La d\u00e9cimo cuarta edici\u00f3n del Festival Internacional de Poes\u00eda de Buenos Aires se desarrollar\u00e1 con entrada gratuita en el CCK (Sarmiento 151) como sede principal pero tambi\u00e9n en la Sociedad de Escritoras y Escritores de la Argentina (SEA), el Mercado del Progreso y en estaciones de Subte.<\/p>\n<p>La programaci\u00f3n completa se encuentra disponible en la web www.festivalpoesiabsas.com.ar.<\/p>\n<div style=\"padding-bottom:20px; padding-top:10px;\" class=\"hupso-share-buttons\"><!-- Hupso Share Buttons - https:\/\/www.hupso.com\/share\/ --><a class=\"hupso_counters\" href=\"https:\/\/www.hupso.com\/share\/\"><img decoding=\"async\" src=\"http:\/\/static.hupso.com\/share\/buttons\/lang\/es\/share-small.png\" style=\"border:0px; padding-top:2px; float:left;\" alt=\"Share Button\"\/><\/a><script type=\"text\/javascript\">var hupso_services_c=new Array(\"twitter\",\"facebook_like\",\"google\");var hupso_counters_lang = \"es_LA\";var hupso_image_folder_url = \"\";var hupso_twitter_via=\"crsyvrs\";var hupso_url_c=\"\";<\/script><script type=\"text\/javascript\" src=\"http:\/\/static.hupso.com\/share\/js\/counters.js\"><\/script><!-- Hupso Share Buttons --><\/div> ","protected":false},"excerpt":{"rendered":"<div style=\"padding-bottom:20px; padding-top:10px;\" class=\"hupso-share-buttons\"><!-- Hupso Share Buttons - https:\/\/www.hupso.com\/share\/ --><a class=\"hupso_counters\" href=\"https:\/\/www.hupso.com\/share\/\"><img src=\"http:\/\/static.hupso.com\/share\/buttons\/lang\/es\/share-small.png\" style=\"border:0px; padding-top:2px; float:left;\" alt=\"Share Button\"\/><\/a><script type=\"text\/javascript\">var hupso_services_c=new Array(\"twitter\",\"facebook_like\",\"google\");var hupso_counters_lang = \"es_LA\";var hupso_image_folder_url = \"\";var hupso_twitter_via=\"crsyvrs\";var hupso_url_c=\"\";<\/script><script type=\"text\/javascript\" src=\"http:\/\/static.hupso.com\/share\/js\/counters.js\"><\/script><!-- Hupso Share Buttons --><\/div><p>La nueva edici\u00f3n de este encuentro tendr\u00e1 poetas de distintas latitudes, perfomances, recitales, proyecciones audiovisuales e intervenciones. El Festival Internacional de Poes\u00eda de Buenos Aires celebra su XIV entre el 20 al 23 de junio en el CCK y&#46;&#46;&#46;<\/p>\n<div style=\"padding-bottom:20px; padding-top:10px;\" class=\"hupso-share-buttons\"><!-- Hupso Share Buttons - https:\/\/www.hupso.com\/share\/ --><a class=\"hupso_counters\" href=\"https:\/\/www.hupso.com\/share\/\"><img src=\"http:\/\/static.hupso.com\/share\/buttons\/lang\/es\/share-small.png\" style=\"border:0px; padding-top:2px; float:left;\" alt=\"Share Button\"\/><\/a><script type=\"text\/javascript\">var hupso_services_c=new Array(\"twitter\",\"facebook_like\",\"google\");var hupso_counters_lang = \"es_LA\";var hupso_image_folder_url = \"\";var hupso_twitter_via=\"crsyvrs\";var hupso_url_c=\"\";<\/script><script type=\"text\/javascript\" src=\"http:\/\/static.hupso.com\/share\/js\/counters.js\"><\/script><!-- Hupso Share Buttons --><\/div>","protected":false},"author":5,"featured_media":23429,"comment_status":"open","ping_status":"closed","sticky":false,"template":"","format":"standard","meta":{"footnotes":""},"categories":[7,9],"tags":[8026,5408],"class_list":["post-23428","post","type-post","status-publish","format-standard","has-post-thumbnail","hentry","category-literatura","category-sociedad","tag-festival-internacional-de-poesia-de-buenos-aires","tag-poesia"],"_links":{"self":[{"href":"http:\/\/cronicasyversiones.com\/index.php?rest_route=\/wp\/v2\/posts\/23428","targetHints":{"allow":["GET"]}}],"collection":[{"href":"http:\/\/cronicasyversiones.com\/index.php?rest_route=\/wp\/v2\/posts"}],"about":[{"href":"http:\/\/cronicasyversiones.com\/index.php?rest_route=\/wp\/v2\/types\/post"}],"author":[{"embeddable":true,"href":"http:\/\/cronicasyversiones.com\/index.php?rest_route=\/wp\/v2\/users\/5"}],"replies":[{"embeddable":true,"href":"http:\/\/cronicasyversiones.com\/index.php?rest_route=%2Fwp%2Fv2%2Fcomments&post=23428"}],"version-history":[{"count":0,"href":"http:\/\/cronicasyversiones.com\/index.php?rest_route=\/wp\/v2\/posts\/23428\/revisions"}],"wp:featuredmedia":[{"embeddable":true,"href":"http:\/\/cronicasyversiones.com\/index.php?rest_route=\/wp\/v2\/media\/23429"}],"wp:attachment":[{"href":"http:\/\/cronicasyversiones.com\/index.php?rest_route=%2Fwp%2Fv2%2Fmedia&parent=23428"}],"wp:term":[{"taxonomy":"category","embeddable":true,"href":"http:\/\/cronicasyversiones.com\/index.php?rest_route=%2Fwp%2Fv2%2Fcategories&post=23428"},{"taxonomy":"post_tag","embeddable":true,"href":"http:\/\/cronicasyversiones.com\/index.php?rest_route=%2Fwp%2Fv2%2Ftags&post=23428"}],"curies":[{"name":"wp","href":"https:\/\/api.w.org\/{rel}","templated":true}]}}