{"id":23431,"date":"2019-06-18T13:51:04","date_gmt":"2019-06-18T16:51:04","guid":{"rendered":"http:\/\/cronicasyversiones.com\/?p=23431"},"modified":"2019-06-18T13:51:04","modified_gmt":"2019-06-18T16:51:04","slug":"eloisa-tarruella-estrena-como-el-clavel-del-aire","status":"publish","type":"post","link":"http:\/\/cronicasyversiones.com\/?p=23431","title":{"rendered":"Elo\u00edsa Tarruella estrena \u201cComo el clavel del aire\u201d"},"content":{"rendered":"<div style=\"padding-bottom:20px; padding-top:10px;\" class=\"hupso-share-buttons\"><!-- Hupso Share Buttons - https:\/\/www.hupso.com\/share\/ --><a class=\"hupso_counters\" href=\"https:\/\/www.hupso.com\/share\/\"><img decoding=\"async\" src=\"http:\/\/static.hupso.com\/share\/buttons\/lang\/es\/share-small.png\" style=\"border:0px; padding-top:2px; float:left;\" alt=\"Share Button\"\/><\/a><script type=\"text\/javascript\">var hupso_services_c=new Array(\"twitter\",\"facebook_like\",\"google\");var hupso_counters_lang = \"es_LA\";var hupso_image_folder_url = \"\";var hupso_twitter_via=\"crsyvrs\";var hupso_url_c=\"\";<\/script><script type=\"text\/javascript\" src=\"http:\/\/static.hupso.com\/share\/js\/counters.js\"><\/script><!-- Hupso Share Buttons --><\/div><h2>La obra de la autora y directora habla del universo femenino a trav\u00e9s de dos mujeres en diferentes tiempos.<\/h2>\n<p><img loading=\"lazy\" decoding=\"async\" class=\" wp-image-23432 aligncenter\" src=\"http:\/\/cronicasyversiones.com\/wp-content\/uploads\/2019\/06\/eloisa.jpg\" alt=\"\" width=\"749\" height=\"501\" srcset=\"http:\/\/cronicasyversiones.com\/wp-content\/uploads\/2019\/06\/eloisa.jpg 750w, http:\/\/cronicasyversiones.com\/wp-content\/uploads\/2019\/06\/eloisa-300x201.jpg 300w, http:\/\/cronicasyversiones.com\/wp-content\/uploads\/2019\/06\/eloisa-480x320.jpg 480w\" sizes=\"auto, (max-width: 749px) 100vw, 749px\" \/><\/p>\n<p>La obra <em><strong>\u00abComo el Clavel del aire\u00bb<\/strong><\/em>, escrita y dirigida por <strong>Elo\u00edsa Tarruella,<\/strong> se presenta los viernes a las 22,30, desde el 5 de julio, en la Sala Tu\u00f1\u00f3n del Centro Cultural de la Cooperaci\u00f3n, en la Avenida Corrientes 1543.<\/p>\n<p>La puesta habla del universo femenino a trav\u00e9s de dos mujeres en diferentes tiempos: una perseguida pol\u00edtica durante la dictadura y una anciana presionada a dejar su casa por un megaemprendimiento.<\/p>\n<p>La obra navega en el universo femenino de cuatro mujeres en dos tiempos hist\u00f3ricos:<strong> la \u00faltima dictadura c\u00edvico-militar y el neoliberalismo.<\/strong><\/p>\n<p>Se entrelazan dos exilios, el de Sara, perseguida pol\u00edtica de la dictadura, y el de Olivia, una anciana que es presionada a entregar la casa donde vivi\u00f3 toda su vida, a un mega-emprendimiento. Dos tiempos que se fusionan, mientras las flores crecen en las grietas, como el clavel del aire, buscando el sol.<\/p>\n<p>El elenco est\u00e1 integrado por J<strong>ulia Azar, Brenda Bianchimano, Brenda Fabregat, Julieta Puleo y Julio Bambill.<\/strong><\/p>\n<p><em><strong>LEA TAMBI\u00c9N:<\/strong> <\/em><\/p>\n<div class=\"video-container\">\n<blockquote class=\"wp-embedded-content\" data-secret=\"a17Do153vP\"><p><a href=\"http:\/\/cronicasyversiones.com\/?p=23360\">Paula Ransenberg crea una feria de variedades en \u201cPara m\u00ed sos hermosa\u201d<\/a><\/p><\/blockquote>\n<p><iframe loading=\"lazy\" class=\"wp-embedded-content\" sandbox=\"allow-scripts\" security=\"restricted\" style=\"position: absolute; clip: rect(1px, 1px, 1px, 1px);\" title=\"\u00abPaula Ransenberg crea una feria de variedades en \u201cPara m\u00ed sos hermosa\u201d\u00bb \u2014    \" src=\"http:\/\/cronicasyversiones.com\/?p=23360&#038;embed=true#?secret=sPxi2V9qE3#?secret=a17Do153vP\" data-secret=\"a17Do153vP\" width=\"600\" height=\"338\" frameborder=\"0\" marginwidth=\"0\" marginheight=\"0\" scrolling=\"no\"><\/iframe><\/div>\n<blockquote><p>\u201cEn esta pieza hablo del universo femenino a trav\u00e9s del exilio de dos mujeres en tiempos distintos. El de Olivia, mujer mayor que en el 2018 debe forzosamente abandonar el hogar donde siempre vivi\u00f3. Y el exilio de Sara, que en 1976 sufre las consecuencias de la dictadura. Hay un meta-relato que se va fusionando y el pasado resignifica el presente\u201d, dice la autora.<\/p><\/blockquote>\n<p><strong>Elo\u00edsa Tarruell<\/strong> es autora, directora teatral\/cinematogr\u00e1fica y docente. Realiz\u00f3 las siguientes piezas teatrales <em><strong>\u00abAmorar\u00bb, \u00abLos amantes del cuarto azul\u00bb, \u00abAnais\u00bb<\/strong><\/em> y <em><strong>\u00abEl mundo en mis zapatos\u00bb<\/strong><\/em>, entre otras.<\/p>\n<p>En cine dirigi\u00f3<em><strong> \u00abGen\u00e9, en escena\u00bb, \u00abEl objeto de mi amor\u00bb<\/strong><\/em> (co-direcci\u00f3n) y <em><strong>\u00abBailar la sangre\u00bb<\/strong><\/em> (co-direcci\u00f3n).<\/p>\n<div style=\"padding-bottom:20px; padding-top:10px;\" class=\"hupso-share-buttons\"><!-- Hupso Share Buttons - https:\/\/www.hupso.com\/share\/ --><a class=\"hupso_counters\" href=\"https:\/\/www.hupso.com\/share\/\"><img decoding=\"async\" src=\"http:\/\/static.hupso.com\/share\/buttons\/lang\/es\/share-small.png\" style=\"border:0px; padding-top:2px; float:left;\" alt=\"Share Button\"\/><\/a><script type=\"text\/javascript\">var hupso_services_c=new Array(\"twitter\",\"facebook_like\",\"google\");var hupso_counters_lang = \"es_LA\";var hupso_image_folder_url = \"\";var hupso_twitter_via=\"crsyvrs\";var hupso_url_c=\"\";<\/script><script type=\"text\/javascript\" src=\"http:\/\/static.hupso.com\/share\/js\/counters.js\"><\/script><!-- Hupso Share Buttons --><\/div> ","protected":false},"excerpt":{"rendered":"<div style=\"padding-bottom:20px; padding-top:10px;\" class=\"hupso-share-buttons\"><!-- Hupso Share Buttons - https:\/\/www.hupso.com\/share\/ --><a class=\"hupso_counters\" href=\"https:\/\/www.hupso.com\/share\/\"><img src=\"http:\/\/static.hupso.com\/share\/buttons\/lang\/es\/share-small.png\" style=\"border:0px; padding-top:2px; float:left;\" alt=\"Share Button\"\/><\/a><script type=\"text\/javascript\">var hupso_services_c=new Array(\"twitter\",\"facebook_like\",\"google\");var hupso_counters_lang = \"es_LA\";var hupso_image_folder_url = \"\";var hupso_twitter_via=\"crsyvrs\";var hupso_url_c=\"\";<\/script><script type=\"text\/javascript\" src=\"http:\/\/static.hupso.com\/share\/js\/counters.js\"><\/script><!-- Hupso Share Buttons --><\/div><p>La obra de la autora y directora habla del universo femenino a trav\u00e9s de dos mujeres en diferentes tiempos. La obra \u00abComo el Clavel del aire\u00bb, escrita y dirigida por Elo\u00edsa Tarruella, se presenta los viernes a las 22,30,&#46;&#46;&#46;<\/p>\n<div style=\"padding-bottom:20px; padding-top:10px;\" class=\"hupso-share-buttons\"><!-- Hupso Share Buttons - https:\/\/www.hupso.com\/share\/ --><a class=\"hupso_counters\" href=\"https:\/\/www.hupso.com\/share\/\"><img src=\"http:\/\/static.hupso.com\/share\/buttons\/lang\/es\/share-small.png\" style=\"border:0px; padding-top:2px; float:left;\" alt=\"Share Button\"\/><\/a><script type=\"text\/javascript\">var hupso_services_c=new Array(\"twitter\",\"facebook_like\",\"google\");var hupso_counters_lang = \"es_LA\";var hupso_image_folder_url = \"\";var hupso_twitter_via=\"crsyvrs\";var hupso_url_c=\"\";<\/script><script type=\"text\/javascript\" src=\"http:\/\/static.hupso.com\/share\/js\/counters.js\"><\/script><!-- Hupso Share Buttons --><\/div>","protected":false},"author":5,"featured_media":23432,"comment_status":"open","ping_status":"closed","sticky":false,"template":"","format":"standard","meta":{"footnotes":""},"categories":[5],"tags":[8157],"class_list":["post-23431","post","type-post","status-publish","format-standard","has-post-thumbnail","hentry","category-teatro","tag-eloisa-tarruella"],"_links":{"self":[{"href":"http:\/\/cronicasyversiones.com\/index.php?rest_route=\/wp\/v2\/posts\/23431","targetHints":{"allow":["GET"]}}],"collection":[{"href":"http:\/\/cronicasyversiones.com\/index.php?rest_route=\/wp\/v2\/posts"}],"about":[{"href":"http:\/\/cronicasyversiones.com\/index.php?rest_route=\/wp\/v2\/types\/post"}],"author":[{"embeddable":true,"href":"http:\/\/cronicasyversiones.com\/index.php?rest_route=\/wp\/v2\/users\/5"}],"replies":[{"embeddable":true,"href":"http:\/\/cronicasyversiones.com\/index.php?rest_route=%2Fwp%2Fv2%2Fcomments&post=23431"}],"version-history":[{"count":0,"href":"http:\/\/cronicasyversiones.com\/index.php?rest_route=\/wp\/v2\/posts\/23431\/revisions"}],"wp:featuredmedia":[{"embeddable":true,"href":"http:\/\/cronicasyversiones.com\/index.php?rest_route=\/wp\/v2\/media\/23432"}],"wp:attachment":[{"href":"http:\/\/cronicasyversiones.com\/index.php?rest_route=%2Fwp%2Fv2%2Fmedia&parent=23431"}],"wp:term":[{"taxonomy":"category","embeddable":true,"href":"http:\/\/cronicasyversiones.com\/index.php?rest_route=%2Fwp%2Fv2%2Fcategories&post=23431"},{"taxonomy":"post_tag","embeddable":true,"href":"http:\/\/cronicasyversiones.com\/index.php?rest_route=%2Fwp%2Fv2%2Ftags&post=23431"}],"curies":[{"name":"wp","href":"https:\/\/api.w.org\/{rel}","templated":true}]}}