{"id":2345,"date":"2014-06-12T07:39:28","date_gmt":"2014-06-12T10:39:28","guid":{"rendered":"http:\/\/cronicasyversiones.com\/?p=2345"},"modified":"2014-06-14T09:49:11","modified_gmt":"2014-06-14T12:49:11","slug":"el-detras-de-escena-de-todo-sobre-mi-madre","status":"publish","type":"post","link":"http:\/\/cronicasyversiones.com\/?p=2345","title":{"rendered":"El detr\u00e1s de escena de  \u201cTodo sobre mi madre\u201d"},"content":{"rendered":"<div style=\"padding-bottom:20px; padding-top:10px;\" class=\"hupso-share-buttons\"><!-- Hupso Share Buttons - https:\/\/www.hupso.com\/share\/ --><a class=\"hupso_counters\" href=\"https:\/\/www.hupso.com\/share\/\"><img decoding=\"async\" src=\"http:\/\/static.hupso.com\/share\/buttons\/lang\/es\/share-small.png\" style=\"border:0px; padding-top:2px; float:left;\" alt=\"Share Button\"\/><\/a><script type=\"text\/javascript\">var hupso_services_c=new Array(\"twitter\",\"facebook_like\",\"google\");var hupso_counters_lang = \"es_LA\";var hupso_image_folder_url = \"\";var hupso_twitter_via=\"crsyvrs\";var hupso_url_c=\"\";<\/script><script type=\"text\/javascript\" src=\"http:\/\/static.hupso.com\/share\/js\/counters.js\"><\/script><!-- Hupso Share Buttons --><\/div><h2 style=\"text-align: justify;\">El documental, que saldr\u00e1 al aire por Europa Europa, cuenta con los testimonios de Pedro Almod\u00f3var, Pen\u00e9lope Cruz y Cecilia Roth, entre otros.<\/h2>\n<p><a href=\"http:\/\/cronicasyversiones.com\/wp-content\/uploads\/2014\/06\/Todo.jpg\"><img loading=\"lazy\" decoding=\"async\" class=\"size-full wp-image-2346 alignnone\" src=\"http:\/\/cronicasyversiones.com\/wp-content\/uploads\/2014\/06\/Todo.jpg\" alt=\"Todo\" width=\"960\" height=\"540\" srcset=\"http:\/\/cronicasyversiones.com\/wp-content\/uploads\/2014\/06\/Todo.jpg 960w, http:\/\/cronicasyversiones.com\/wp-content\/uploads\/2014\/06\/Todo-300x168.jpg 300w\" sizes=\"auto, (max-width: 960px) 100vw, 960px\" \/><\/a><\/p>\n<p style=\"text-align: justify;\"><strong>Europa Europa<\/strong> pondr\u00e1 en pantalla un documental sobre el detr\u00e1s de escena de <strong><em>\u201cTodo sobre mi madre\u201d<\/em>,<\/strong> el film del espa\u00f1ol <strong>Pedro Almod\u00f3var<\/strong>.<\/p>\n<p style=\"text-align: justify;\">El documental que incluye <strong>testimonios exclusivos<\/strong> de actores, t\u00e9cnicos, productores y cr\u00edticos, se podr\u00e1 ver este jueves a partir de las 23, con repetici\u00f3n el mi\u00e9rcoles 18 de junio desde las 1 de la madrugada.<\/p>\n<p style=\"text-align: justify;\">Dirigido por Anoine de Gaudemar, el documental cuenta con los testimonios de <strong>Pedro Almod\u00f3var, Pen\u00e9lope Cruz<\/strong>, Agust\u00edn Almod\u00f3var, Didier Eribon, <strong>Cecilia Roth<\/strong>, Antonia San Juan, Marisa Paredes y Esther Garcia.<\/p>\n<p style=\"text-align: justify;\">Las im\u00e1genes tambi\u00e9n retratan la \u00e9poca de la realizaci\u00f3n, con una<strong> Espa\u00f1a<\/strong> que logra superar la vieja dictadura, convirti\u00e9ndose en un pa\u00eds moderno.<\/p>\n<p style=\"text-align: justify;\">\u201cTodo sobre mi madre\u201d se convirti\u00f3 en la primera pel\u00edcula espa\u00f1ola en ganar tanto el el <strong>Globo de Oro<\/strong> como el <strong>Oscar<\/strong>, y la \u00fanica en ganar estos dos m\u00e1s el BAFTA.<\/p>\n<p style=\"text-align: justify;\">Cuando realiz\u00f3 est\u00e1 pel\u00edcula, Almod\u00f3var ten\u00eda 50 a\u00f1os y ya se hab\u00eda convertido en un maestro de un cine particular, que combina <strong>una mezcla de melodrama con argumentos rocambolescos<\/strong>, contada con una est\u00e9tica particular, neobarroca, a la vez popular y vanguardista.<\/p>\n<div style=\"padding-bottom:20px; padding-top:10px;\" class=\"hupso-share-buttons\"><!-- Hupso Share Buttons - https:\/\/www.hupso.com\/share\/ --><a class=\"hupso_counters\" href=\"https:\/\/www.hupso.com\/share\/\"><img decoding=\"async\" src=\"http:\/\/static.hupso.com\/share\/buttons\/lang\/es\/share-small.png\" style=\"border:0px; padding-top:2px; float:left;\" alt=\"Share Button\"\/><\/a><script type=\"text\/javascript\">var hupso_services_c=new Array(\"twitter\",\"facebook_like\",\"google\");var hupso_counters_lang = \"es_LA\";var hupso_image_folder_url = \"\";var hupso_twitter_via=\"crsyvrs\";var hupso_url_c=\"\";<\/script><script type=\"text\/javascript\" src=\"http:\/\/static.hupso.com\/share\/js\/counters.js\"><\/script><!-- Hupso Share Buttons --><\/div> ","protected":false},"excerpt":{"rendered":"<div style=\"padding-bottom:20px; padding-top:10px;\" class=\"hupso-share-buttons\"><!-- Hupso Share Buttons - https:\/\/www.hupso.com\/share\/ --><a class=\"hupso_counters\" href=\"https:\/\/www.hupso.com\/share\/\"><img src=\"http:\/\/static.hupso.com\/share\/buttons\/lang\/es\/share-small.png\" style=\"border:0px; padding-top:2px; float:left;\" alt=\"Share Button\"\/><\/a><script type=\"text\/javascript\">var hupso_services_c=new Array(\"twitter\",\"facebook_like\",\"google\");var hupso_counters_lang = \"es_LA\";var hupso_image_folder_url = \"\";var hupso_twitter_via=\"crsyvrs\";var hupso_url_c=\"\";<\/script><script type=\"text\/javascript\" src=\"http:\/\/static.hupso.com\/share\/js\/counters.js\"><\/script><!-- Hupso Share Buttons --><\/div><p>El documental, que saldr\u00e1 al aire por Europa Europa, cuenta con los testimonios de Pedro Almod\u00f3var, Pen\u00e9lope Cruz y Cecilia Roth, entre otros. Europa Europa pondr\u00e1 en pantalla un documental sobre el detr\u00e1s de escena de \u201cTodo sobre mi&#46;&#46;&#46;<\/p>\n<div style=\"padding-bottom:20px; padding-top:10px;\" class=\"hupso-share-buttons\"><!-- Hupso Share Buttons - https:\/\/www.hupso.com\/share\/ --><a class=\"hupso_counters\" href=\"https:\/\/www.hupso.com\/share\/\"><img src=\"http:\/\/static.hupso.com\/share\/buttons\/lang\/es\/share-small.png\" style=\"border:0px; padding-top:2px; float:left;\" alt=\"Share Button\"\/><\/a><script type=\"text\/javascript\">var hupso_services_c=new Array(\"twitter\",\"facebook_like\",\"google\");var hupso_counters_lang = \"es_LA\";var hupso_image_folder_url = \"\";var hupso_twitter_via=\"crsyvrs\";var hupso_url_c=\"\";<\/script><script type=\"text\/javascript\" src=\"http:\/\/static.hupso.com\/share\/js\/counters.js\"><\/script><!-- Hupso Share Buttons --><\/div>","protected":false},"author":5,"featured_media":0,"comment_status":"open","ping_status":"open","sticky":false,"template":"","format":"standard","meta":{"footnotes":""},"categories":[6],"tags":[1079,545,541,1876],"class_list":["post-2345","post","type-post","status-publish","format-standard","hentry","category-radio-y-tv","tag-cecilia-roth","tag-pedro-almodovar","tag-penelope-cruz","tag-todo-sobre-mi-madre"],"_links":{"self":[{"href":"http:\/\/cronicasyversiones.com\/index.php?rest_route=\/wp\/v2\/posts\/2345","targetHints":{"allow":["GET"]}}],"collection":[{"href":"http:\/\/cronicasyversiones.com\/index.php?rest_route=\/wp\/v2\/posts"}],"about":[{"href":"http:\/\/cronicasyversiones.com\/index.php?rest_route=\/wp\/v2\/types\/post"}],"author":[{"embeddable":true,"href":"http:\/\/cronicasyversiones.com\/index.php?rest_route=\/wp\/v2\/users\/5"}],"replies":[{"embeddable":true,"href":"http:\/\/cronicasyversiones.com\/index.php?rest_route=%2Fwp%2Fv2%2Fcomments&post=2345"}],"version-history":[{"count":0,"href":"http:\/\/cronicasyversiones.com\/index.php?rest_route=\/wp\/v2\/posts\/2345\/revisions"}],"wp:attachment":[{"href":"http:\/\/cronicasyversiones.com\/index.php?rest_route=%2Fwp%2Fv2%2Fmedia&parent=2345"}],"wp:term":[{"taxonomy":"category","embeddable":true,"href":"http:\/\/cronicasyversiones.com\/index.php?rest_route=%2Fwp%2Fv2%2Fcategories&post=2345"},{"taxonomy":"post_tag","embeddable":true,"href":"http:\/\/cronicasyversiones.com\/index.php?rest_route=%2Fwp%2Fv2%2Ftags&post=2345"}],"curies":[{"name":"wp","href":"https:\/\/api.w.org\/{rel}","templated":true}]}}