{"id":23576,"date":"2019-06-28T21:34:38","date_gmt":"2019-06-29T00:34:38","guid":{"rendered":"http:\/\/cronicasyversiones.com\/?p=23576"},"modified":"2019-06-28T21:34:47","modified_gmt":"2019-06-29T00:34:47","slug":"se-estrena-la-primera-temporada-de-la-forense","status":"publish","type":"post","link":"http:\/\/cronicasyversiones.com\/?p=23576","title":{"rendered":"Se estrena la primera temporada de \u201cLa Forense\u201d"},"content":{"rendered":"<div style=\"padding-bottom:20px; padding-top:10px;\" class=\"hupso-share-buttons\"><!-- Hupso Share Buttons - https:\/\/www.hupso.com\/share\/ --><a class=\"hupso_counters\" href=\"https:\/\/www.hupso.com\/share\/\"><img decoding=\"async\" src=\"http:\/\/static.hupso.com\/share\/buttons\/lang\/es\/share-small.png\" style=\"border:0px; padding-top:2px; float:left;\" alt=\"Share Button\"\/><\/a><script type=\"text\/javascript\">var hupso_services_c=new Array(\"twitter\",\"facebook_like\",\"google\");var hupso_counters_lang = \"es_LA\";var hupso_image_folder_url = \"\";var hupso_twitter_via=\"crsyvrs\";var hupso_url_c=\"\";<\/script><script type=\"text\/javascript\" src=\"http:\/\/static.hupso.com\/share\/js\/counters.js\"><\/script><!-- Hupso Share Buttons --><\/div><h2>La serie de cr\u00edmenes e investigaci\u00f3n de Universal TV, interpretada por Serinda Swan, est\u00e1 inspirada en la saga de libros de M.R. Hall.<\/h2>\n<p><img loading=\"lazy\" decoding=\"async\" class=\" wp-image-23577 aligncenter\" src=\"http:\/\/cronicasyversiones.com\/wp-content\/uploads\/2019\/06\/thumbnail_CB4.jpg\" alt=\"\" width=\"786\" height=\"443\" srcset=\"http:\/\/cronicasyversiones.com\/wp-content\/uploads\/2019\/06\/thumbnail_CB4.jpg 600w, http:\/\/cronicasyversiones.com\/wp-content\/uploads\/2019\/06\/thumbnail_CB4-300x169.jpg 300w\" sizes=\"auto, (max-width: 786px) 100vw, 786px\" \/><\/p>\n<p>La primera temporada de <strong>\u201cLa Forense\u201d (Coroner),<\/strong> un nuevo drama de cr\u00edmenes e investigaci\u00f3n de Cineflix Rights que se transmitir\u00e1 mundialmente, se estrena el martes 2 de julio a las 23 en <strong>Universal TV.<\/strong><\/p>\n<p>Una serie original de CBC creada por Morwyn Brebner y producida por Muse Entertainment, Back Alley Films y Cineflix Studios, con ocho episodios de una hora que llegar\u00e1 a Am\u00e9rica latina para sorprender a los fan\u00e1ticos del g\u00e9nero.<\/p>\n<p>Inspirada en la saga de libros de M.R. Hall, <strong><em>\u201cLa Forense\u201d<\/em><\/strong> es una serie liderada por mujeres las cuales est\u00e1n representadas en la figura de Jenny Cooper, interpretada por <strong>Serinda Swan<\/strong>, una recientemente nombrada investigadora forense que trata de desentra\u00f1ar muertes sospechosas en Toronto.<\/p>\n<p>Jenny es una forense valiente y decidida pero vulnerable impulsada por un intenso deseo en descubrir la verdad. Como ex m\u00e9dica de urgencias y reciente madre viuda de un hijo adolescente, la muerte de su esposo la ha ayudado a desbloquear una conexi\u00f3n primaria con la muerte, vinculada a un secreto de su pasado que reci\u00e9n ahora est\u00e1 saliendo a la superficie.<\/p>\n<p><em><strong>LEA TAMBI\u00c9N:<\/strong> <\/em><\/p>\n<div class=\"video-container\">\n<blockquote class=\"wp-embedded-content\" data-secret=\"vFlIqWDRbC\"><p><a href=\"http:\/\/cronicasyversiones.com\/?p=23454\">Llega la \u00faltima temporada de \u201cElementary\u201d a Universal TV<\/a><\/p><\/blockquote>\n<p><iframe loading=\"lazy\" class=\"wp-embedded-content\" sandbox=\"allow-scripts\" security=\"restricted\" style=\"position: absolute; clip: rect(1px, 1px, 1px, 1px);\" title=\"\u00abLlega la \u00faltima temporada de \u201cElementary\u201d a Universal TV\u00bb \u2014    \" src=\"http:\/\/cronicasyversiones.com\/?p=23454&#038;embed=true#?secret=IkEDozkHFW#?secret=vFlIqWDRbC\" data-secret=\"vFlIqWDRbC\" width=\"600\" height=\"338\" frameborder=\"0\" marginwidth=\"0\" marginheight=\"0\" scrolling=\"no\"><\/iframe><\/div>\n<p>Con historias basadas en casos de la vida real, Jenny es una forense de este tiempo, una defensora de los muertos incluso cuando es inconveniente para los vivos y defensora de aquellos que no tienen poder o se encuentran en peligro.<\/p>\n<p>Para la elaboraci\u00f3n del gui\u00f3n y de los personajes, m\u00e9dicos forenses, pat\u00f3logos, detectives y polic\u00edas reales fueron consultados para conocer datos m\u00e1s precisos de cada una de las profesiones. Tambi\u00e9n participaron activamente durante el rodaje, ayudando a que el show fuera lo m\u00e1s real posible e incluso algunos tuvieron un rol como extras en algunas escenas.<\/p>\n<p><strong><em>\u201cLa Forense\u201d<\/em><\/strong> tambi\u00e9n est\u00e1 protagonizada por <strong>Roger Cross<\/strong> como Donovan \u201cMac\u201d McAvoy, un detective de polic\u00eda que se asocia con Jenny<strong>; Eric Bruneau<\/strong> como Liam, la nueva vecina de Jenny; y <strong>Ehren Kassam<\/strong> como Ross, el hijo de 17 a\u00f1os de la protagonista. Tambi\u00e9n, se unen al reparto Tamara Podemski como Alison Trent, la exc\u00e9ntrica colega de Jenny; <strong>Alli Chung<\/strong> \u00a0como Taylor Kim, una inteligente detective de homicidios; <strong>Lovell Adams-Gray<\/strong> como el Dr. Dwayne Allen, un joven pat\u00f3logo idealista y <strong>Saad Siddiqui<\/strong> como el Dr. Neil Sharma, el perspicaz psiquiatra de Jenny.<\/p>\n<div style=\"padding-bottom:20px; padding-top:10px;\" class=\"hupso-share-buttons\"><!-- Hupso Share Buttons - https:\/\/www.hupso.com\/share\/ --><a class=\"hupso_counters\" href=\"https:\/\/www.hupso.com\/share\/\"><img decoding=\"async\" src=\"http:\/\/static.hupso.com\/share\/buttons\/lang\/es\/share-small.png\" style=\"border:0px; padding-top:2px; float:left;\" alt=\"Share Button\"\/><\/a><script type=\"text\/javascript\">var hupso_services_c=new Array(\"twitter\",\"facebook_like\",\"google\");var hupso_counters_lang = \"es_LA\";var hupso_image_folder_url = \"\";var hupso_twitter_via=\"crsyvrs\";var hupso_url_c=\"\";<\/script><script type=\"text\/javascript\" src=\"http:\/\/static.hupso.com\/share\/js\/counters.js\"><\/script><!-- Hupso Share Buttons --><\/div> ","protected":false},"excerpt":{"rendered":"<div style=\"padding-bottom:20px; padding-top:10px;\" class=\"hupso-share-buttons\"><!-- Hupso Share Buttons - https:\/\/www.hupso.com\/share\/ --><a class=\"hupso_counters\" href=\"https:\/\/www.hupso.com\/share\/\"><img src=\"http:\/\/static.hupso.com\/share\/buttons\/lang\/es\/share-small.png\" style=\"border:0px; padding-top:2px; float:left;\" alt=\"Share Button\"\/><\/a><script type=\"text\/javascript\">var hupso_services_c=new Array(\"twitter\",\"facebook_like\",\"google\");var hupso_counters_lang = \"es_LA\";var hupso_image_folder_url = \"\";var hupso_twitter_via=\"crsyvrs\";var hupso_url_c=\"\";<\/script><script type=\"text\/javascript\" src=\"http:\/\/static.hupso.com\/share\/js\/counters.js\"><\/script><!-- Hupso Share Buttons --><\/div><p>La serie de cr\u00edmenes e investigaci\u00f3n de Universal TV, interpretada por Serinda Swan, est\u00e1 inspirada en la saga de libros de M.R. Hall. La primera temporada de \u201cLa Forense\u201d (Coroner), un nuevo drama de cr\u00edmenes e investigaci\u00f3n de Cineflix&#46;&#46;&#46;<\/p>\n<div style=\"padding-bottom:20px; padding-top:10px;\" class=\"hupso-share-buttons\"><!-- Hupso Share Buttons - https:\/\/www.hupso.com\/share\/ --><a class=\"hupso_counters\" href=\"https:\/\/www.hupso.com\/share\/\"><img src=\"http:\/\/static.hupso.com\/share\/buttons\/lang\/es\/share-small.png\" style=\"border:0px; padding-top:2px; float:left;\" alt=\"Share Button\"\/><\/a><script type=\"text\/javascript\">var hupso_services_c=new Array(\"twitter\",\"facebook_like\",\"google\");var hupso_counters_lang = \"es_LA\";var hupso_image_folder_url = \"\";var hupso_twitter_via=\"crsyvrs\";var hupso_url_c=\"\";<\/script><script type=\"text\/javascript\" src=\"http:\/\/static.hupso.com\/share\/js\/counters.js\"><\/script><!-- Hupso Share Buttons --><\/div>","protected":false},"author":5,"featured_media":23577,"comment_status":"open","ping_status":"closed","sticky":false,"template":"","format":"standard","meta":{"footnotes":""},"categories":[6],"tags":[5784],"class_list":["post-23576","post","type-post","status-publish","format-standard","has-post-thumbnail","hentry","category-radio-y-tv","tag-universal-channel"],"_links":{"self":[{"href":"http:\/\/cronicasyversiones.com\/index.php?rest_route=\/wp\/v2\/posts\/23576","targetHints":{"allow":["GET"]}}],"collection":[{"href":"http:\/\/cronicasyversiones.com\/index.php?rest_route=\/wp\/v2\/posts"}],"about":[{"href":"http:\/\/cronicasyversiones.com\/index.php?rest_route=\/wp\/v2\/types\/post"}],"author":[{"embeddable":true,"href":"http:\/\/cronicasyversiones.com\/index.php?rest_route=\/wp\/v2\/users\/5"}],"replies":[{"embeddable":true,"href":"http:\/\/cronicasyversiones.com\/index.php?rest_route=%2Fwp%2Fv2%2Fcomments&post=23576"}],"version-history":[{"count":0,"href":"http:\/\/cronicasyversiones.com\/index.php?rest_route=\/wp\/v2\/posts\/23576\/revisions"}],"wp:featuredmedia":[{"embeddable":true,"href":"http:\/\/cronicasyversiones.com\/index.php?rest_route=\/wp\/v2\/media\/23577"}],"wp:attachment":[{"href":"http:\/\/cronicasyversiones.com\/index.php?rest_route=%2Fwp%2Fv2%2Fmedia&parent=23576"}],"wp:term":[{"taxonomy":"category","embeddable":true,"href":"http:\/\/cronicasyversiones.com\/index.php?rest_route=%2Fwp%2Fv2%2Fcategories&post=23576"},{"taxonomy":"post_tag","embeddable":true,"href":"http:\/\/cronicasyversiones.com\/index.php?rest_route=%2Fwp%2Fv2%2Ftags&post=23576"}],"curies":[{"name":"wp","href":"https:\/\/api.w.org\/{rel}","templated":true}]}}