{"id":23608,"date":"2019-07-01T18:57:21","date_gmt":"2019-07-01T21:57:21","guid":{"rendered":"http:\/\/cronicasyversiones.com\/?p=23608"},"modified":"2019-07-01T18:57:21","modified_gmt":"2019-07-01T21:57:21","slug":"el-quinteto-escolaso-presenta-piazzolla-de-camara","status":"publish","type":"post","link":"http:\/\/cronicasyversiones.com\/?p=23608","title":{"rendered":"El Quinteto Escolaso presenta \u201cPiazzolla de C\u00e1mara\u00bb"},"content":{"rendered":"<div style=\"padding-bottom:20px; padding-top:10px;\" class=\"hupso-share-buttons\"><!-- Hupso Share Buttons - https:\/\/www.hupso.com\/share\/ --><a class=\"hupso_counters\" href=\"https:\/\/www.hupso.com\/share\/\"><img decoding=\"async\" src=\"http:\/\/static.hupso.com\/share\/buttons\/lang\/es\/share-small.png\" style=\"border:0px; padding-top:2px; float:left;\" alt=\"Share Button\"\/><\/a><script type=\"text\/javascript\">var hupso_services_c=new Array(\"twitter\",\"facebook_like\",\"google\");var hupso_counters_lang = \"es_LA\";var hupso_image_folder_url = \"\";var hupso_twitter_via=\"crsyvrs\";var hupso_url_c=\"\";<\/script><script type=\"text\/javascript\" src=\"http:\/\/static.hupso.com\/share\/js\/counters.js\"><\/script><!-- Hupso Share Buttons --><\/div><h2>Creado en 2014, el grupo sanjuanino sale a escena con una la novedosa formaci\u00f3n de cuarteto de cuerdas y bandone\u00f3n y m\u00fasicos invitados.<\/h2>\n<p><img loading=\"lazy\" decoding=\"async\" class=\"size-full wp-image-23609 aligncenter\" src=\"http:\/\/cronicasyversiones.com\/wp-content\/uploads\/2019\/07\/quinteto.jpg\" alt=\"\" width=\"878\" height=\"634\" srcset=\"http:\/\/cronicasyversiones.com\/wp-content\/uploads\/2019\/07\/quinteto.jpg 878w, http:\/\/cronicasyversiones.com\/wp-content\/uploads\/2019\/07\/quinteto-300x217.jpg 300w, http:\/\/cronicasyversiones.com\/wp-content\/uploads\/2019\/07\/quinteto-768x555.jpg 768w\" sizes=\"auto, (max-width: 878px) 100vw, 878px\" \/><\/p>\n<p>El <strong>Quinteto Escolaso,<\/strong> oriundos de San Juan, presenta su disco de vinilo <strong><em>\u201cPiazzolla de C\u00e1mara\u201d,<\/em><\/strong> en el Ciclo de M\u00fasica Popular Argentina Contempor\u00e1nea el s\u00e1bado 13 de julio a las 20,30 en la <strong>La Scala de San Telmo,<\/strong> en el Pasaje Giuffra 371.<\/p>\n<p>En esta presentaci\u00f3n se sumar\u00e1n como m\u00fasicos invitados Tito Oliva en piano y Jorge Retamoza en saxof\u00f3n.<\/p>\n<p>Creado en 2014, el <strong>Quinteto Escolaso<\/strong> es una novedosa formaci\u00f3n de cuarteto de cuerdas y bandone\u00f3n integrado por los principales solistas de cuerda de la Orquesta Sinf\u00f3nica de la Universidad Nacional de San Juan.<\/p>\n<p>En la primera parte de este concierto se presentar\u00e1 la obra <strong><em>\u00abSuite Troileana\u00bb,<\/em><\/strong> de Astor Piazzolla (que integra el disco), con direcci\u00f3n y arreglos de Esteban Calder\u00f3n.<\/p>\n<p>En la segunda parte, Esteban Calder\u00f3n en bandone\u00f3n se presenta con el d\u00fao de Tito Oliva en piano y Jorge Retamoza en saxof\u00f3n.<\/p>\n<p><iframe loading=\"lazy\" src=\"https:\/\/www.youtube.com\/embed\/3XxFtN6C9F8\" width=\"600\" height=\"350\" frameborder=\"0\" allowfullscreen=\"allowfullscreen\"><span style=\"display: inline-block; width: 0px; overflow: hidden; line-height: 0;\" data-mce-type=\"bookmark\" class=\"mce_SELRES_start\">?<\/span><\/iframe><\/p>\n<p>El Quinteto Escolaso nace en San Juan en el a\u00f1o 2014, con la novedosa formaci\u00f3n de cuarteto de cuerdas y bandone\u00f3n, integrado por los principales solistas de cuerda de la Orquesta Sinf\u00f3nica UNSJ, <strong>Indira Oliva y Alex Zuzuk<\/strong> en violines, <strong>Rayna Diankova<\/strong> en viola<strong>, Vesselin Yanakiev<\/strong> en violonchelo y <strong>Esteban Calder\u00f3n<\/strong> en bandone\u00f3n.<\/p>\n<p>El grupo se present\u00f3 en distintos escenarios como Auditorio Juan Victoria, Auditorio del Teatro del Bicentenario, Museo de Bellas Artes Franklin Rawson, rectorado UNSJ, particip\u00f3 de los festivales \u201cTango x los caminos del vino 2014\u201d en Bodega Nieto Senetiner, Festival \u201cRuid al Sud\u201d 2015, \u201cM\u00fasica Cl\u00e1sica x los caminos del Vino\u201d 2016 en la Reserva Villavicencio-Mendoza, \u201cM\u00fasica Cl\u00e1sica x los caminos del Vino\u201d 2017 en Templo del Bonarda y en los ciclos \u201cEl Bandone\u00f3n en el museo\u201d (Museo Provincial Gnecco) y \u201cEl Bandone\u00f3n en la Facultad\u201d (Aula magna de Filosof\u00eda). Han\u00a0 interpretado las obras de Astor Piazzolla: 5 Tango Sensations, Suite Troileana y Suite Lumiere y ahora inician un ciclo para mostrar las obras \u201cOfrenda Musical\u201d y \u201cEl Arte de la Fuga\u201d de J.S.Bach.<\/p>\n<div style=\"padding-bottom:20px; padding-top:10px;\" class=\"hupso-share-buttons\"><!-- Hupso Share Buttons - https:\/\/www.hupso.com\/share\/ --><a class=\"hupso_counters\" href=\"https:\/\/www.hupso.com\/share\/\"><img decoding=\"async\" src=\"http:\/\/static.hupso.com\/share\/buttons\/lang\/es\/share-small.png\" style=\"border:0px; padding-top:2px; float:left;\" alt=\"Share Button\"\/><\/a><script type=\"text\/javascript\">var hupso_services_c=new Array(\"twitter\",\"facebook_like\",\"google\");var hupso_counters_lang = \"es_LA\";var hupso_image_folder_url = \"\";var hupso_twitter_via=\"crsyvrs\";var hupso_url_c=\"\";<\/script><script type=\"text\/javascript\" src=\"http:\/\/static.hupso.com\/share\/js\/counters.js\"><\/script><!-- Hupso Share Buttons --><\/div> ","protected":false},"excerpt":{"rendered":"<div style=\"padding-bottom:20px; padding-top:10px;\" class=\"hupso-share-buttons\"><!-- Hupso Share Buttons - https:\/\/www.hupso.com\/share\/ --><a class=\"hupso_counters\" href=\"https:\/\/www.hupso.com\/share\/\"><img src=\"http:\/\/static.hupso.com\/share\/buttons\/lang\/es\/share-small.png\" style=\"border:0px; padding-top:2px; float:left;\" alt=\"Share Button\"\/><\/a><script type=\"text\/javascript\">var hupso_services_c=new Array(\"twitter\",\"facebook_like\",\"google\");var hupso_counters_lang = \"es_LA\";var hupso_image_folder_url = \"\";var hupso_twitter_via=\"crsyvrs\";var hupso_url_c=\"\";<\/script><script type=\"text\/javascript\" src=\"http:\/\/static.hupso.com\/share\/js\/counters.js\"><\/script><!-- Hupso Share Buttons --><\/div><p>Creado en 2014, el grupo sanjuanino sale a escena con una la novedosa formaci\u00f3n de cuarteto de cuerdas y bandone\u00f3n y m\u00fasicos invitados. El Quinteto Escolaso, oriundos de San Juan, presenta su disco de vinilo \u201cPiazzolla de C\u00e1mara\u201d, en&#46;&#46;&#46;<\/p>\n<div style=\"padding-bottom:20px; padding-top:10px;\" class=\"hupso-share-buttons\"><!-- Hupso Share Buttons - https:\/\/www.hupso.com\/share\/ --><a class=\"hupso_counters\" href=\"https:\/\/www.hupso.com\/share\/\"><img src=\"http:\/\/static.hupso.com\/share\/buttons\/lang\/es\/share-small.png\" style=\"border:0px; padding-top:2px; float:left;\" alt=\"Share Button\"\/><\/a><script type=\"text\/javascript\">var hupso_services_c=new Array(\"twitter\",\"facebook_like\",\"google\");var hupso_counters_lang = \"es_LA\";var hupso_image_folder_url = \"\";var hupso_twitter_via=\"crsyvrs\";var hupso_url_c=\"\";<\/script><script type=\"text\/javascript\" src=\"http:\/\/static.hupso.com\/share\/js\/counters.js\"><\/script><!-- Hupso Share Buttons --><\/div>","protected":false},"author":5,"featured_media":23609,"comment_status":"open","ping_status":"closed","sticky":false,"template":"","format":"standard","meta":{"footnotes":""},"categories":[3],"tags":[5371,467],"class_list":["post-23608","post","type-post","status-publish","format-standard","has-post-thumbnail","hentry","category-musica","tag-astor-piazzolla","tag-tango"],"_links":{"self":[{"href":"http:\/\/cronicasyversiones.com\/index.php?rest_route=\/wp\/v2\/posts\/23608","targetHints":{"allow":["GET"]}}],"collection":[{"href":"http:\/\/cronicasyversiones.com\/index.php?rest_route=\/wp\/v2\/posts"}],"about":[{"href":"http:\/\/cronicasyversiones.com\/index.php?rest_route=\/wp\/v2\/types\/post"}],"author":[{"embeddable":true,"href":"http:\/\/cronicasyversiones.com\/index.php?rest_route=\/wp\/v2\/users\/5"}],"replies":[{"embeddable":true,"href":"http:\/\/cronicasyversiones.com\/index.php?rest_route=%2Fwp%2Fv2%2Fcomments&post=23608"}],"version-history":[{"count":0,"href":"http:\/\/cronicasyversiones.com\/index.php?rest_route=\/wp\/v2\/posts\/23608\/revisions"}],"wp:featuredmedia":[{"embeddable":true,"href":"http:\/\/cronicasyversiones.com\/index.php?rest_route=\/wp\/v2\/media\/23609"}],"wp:attachment":[{"href":"http:\/\/cronicasyversiones.com\/index.php?rest_route=%2Fwp%2Fv2%2Fmedia&parent=23608"}],"wp:term":[{"taxonomy":"category","embeddable":true,"href":"http:\/\/cronicasyversiones.com\/index.php?rest_route=%2Fwp%2Fv2%2Fcategories&post=23608"},{"taxonomy":"post_tag","embeddable":true,"href":"http:\/\/cronicasyversiones.com\/index.php?rest_route=%2Fwp%2Fv2%2Ftags&post=23608"}],"curies":[{"name":"wp","href":"https:\/\/api.w.org\/{rel}","templated":true}]}}