{"id":23615,"date":"2019-07-01T21:45:45","date_gmt":"2019-07-02T00:45:45","guid":{"rendered":"http:\/\/cronicasyversiones.com\/?p=23615"},"modified":"2019-07-01T21:45:45","modified_gmt":"2019-07-02T00:45:45","slug":"un-simposio-sobre-minorias-y-migrantes-con-especialistas-de-mas-de-20-paises","status":"publish","type":"post","link":"http:\/\/cronicasyversiones.com\/?p=23615","title":{"rendered":"Un simposio sobre minor\u00edas y migrantes, con especialistas de m\u00e1s de 20 pa\u00edses"},"content":{"rendered":"<div style=\"padding-bottom:20px; padding-top:10px;\" class=\"hupso-share-buttons\"><!-- Hupso Share Buttons - https:\/\/www.hupso.com\/share\/ --><a class=\"hupso_counters\" href=\"https:\/\/www.hupso.com\/share\/\"><img decoding=\"async\" src=\"http:\/\/static.hupso.com\/share\/buttons\/lang\/es\/share-small.png\" style=\"border:0px; padding-top:2px; float:left;\" alt=\"Share Button\"\/><\/a><script type=\"text\/javascript\">var hupso_services_c=new Array(\"twitter\",\"facebook_like\",\"google\");var hupso_counters_lang = \"es_LA\";var hupso_image_folder_url = \"\";var hupso_twitter_via=\"crsyvrs\";var hupso_url_c=\"\";<\/script><script type=\"text\/javascript\" src=\"http:\/\/static.hupso.com\/share\/js\/counters.js\"><\/script><!-- Hupso Share Buttons --><\/div><h2>En el encuentro presentar\u00e1n sus perspectivas sobre la redefinici\u00f3n de las identidades y los movimientos poblacionales de Am\u00e9rica latina.<\/h2>\n<p><img loading=\"lazy\" decoding=\"async\" class=\"size-full wp-image-23616 aligncenter\" src=\"http:\/\/cronicasyversiones.com\/wp-content\/uploads\/2019\/07\/migrante.jpg\" alt=\"\" width=\"750\" height=\"451\" srcset=\"http:\/\/cronicasyversiones.com\/wp-content\/uploads\/2019\/07\/migrante.jpg 750w, http:\/\/cronicasyversiones.com\/wp-content\/uploads\/2019\/07\/migrante-300x180.jpg 300w\" sizes=\"auto, (max-width: 750px) 100vw, 750px\" \/><\/p>\n<p>El simposio internacional <em><strong>\u00abCuerpos en peligro: minor\u00edas y migrantes\u201d<\/strong><\/em> contar\u00e1 con la participaci\u00f3n de especialistas de m\u00e1s de 20 pa\u00edses que presentar\u00e1n sus perspectivas sobre la redefinici\u00f3n de las identidades y los movimientos poblacionales de Am\u00e9rica latina.<\/p>\n<p>El encuentro tendr\u00e1 lugar del 10 al 13 de julio en el <strong>CCK, \u00a0ubicado en Sarmiento 151,<\/strong> en la Ciudad de Buenos Aires.<\/p>\n<blockquote><p>\u00abLa consideraci\u00f3n de la cultura del migrante y las transformaciones en la escena art\u00edstica contempor\u00e1nea, el sujeto imaginario universal y sus limitaciones, las confrontaciones militares-guerrilleras y sus derivaciones art\u00edsticas ser\u00e1n eje de las exposiciones\u00bb, informaron voceros de la Universidad Nacional de Tres de Febrero (Untref), organizadora del encuentro de participaci\u00f3n gratuita e inscripci\u00f3n previa.<\/p><\/blockquote>\n<p><strong>El 3\u00b0 Simposio de la Secci\u00f3n de Estudios del Cono Sur de la Asociaci\u00f3n de Estudios Latinoamericanos (LASA)<\/strong> incluir\u00e1 conferencias magistrales, plenarios interdisciplinarios y presentaciones de libros y pel\u00edculas que promuevan el di\u00e1logo en la regi\u00f3n sobre las din\u00e1micas que atraviesan a Latinoam\u00e9rica en el contexto del capitalismo global, cuyos rasgos m\u00e1s salientes son la disoluci\u00f3n de las identidades nacionales y comunitarias y una crisis sin precedentes de movimientos poblacionales\u00bb, agregaron.<\/p>\n<p><em><strong>LEA TAMBI\u00c9N:<\/strong> <\/em><\/p>\n<div class=\"video-container\">\n<blockquote class=\"wp-embedded-content\" data-secret=\"X0QNx5CgRM\"><p><a href=\"http:\/\/cronicasyversiones.com\/?p=23425\">Una muestra recorre el imaginario y la juventud de 1968 a 1988<\/a><\/p><\/blockquote>\n<p><iframe loading=\"lazy\" class=\"wp-embedded-content\" sandbox=\"allow-scripts\" security=\"restricted\" style=\"position: absolute; clip: rect(1px, 1px, 1px, 1px);\" title=\"\u00abUna muestra recorre el imaginario y la juventud de 1968 a 1988\u00bb \u2014    \" src=\"http:\/\/cronicasyversiones.com\/?p=23425&#038;embed=true#?secret=Ct0LB0D9yK#?secret=X0QNx5CgRM\" data-secret=\"X0QNx5CgRM\" width=\"600\" height=\"338\" frameborder=\"0\" marginwidth=\"0\" marginheight=\"0\" scrolling=\"no\"><\/iframe><\/div>\n<p>Lelio M\u00e1rmora, Diana Wechsler, Marcia Ochoa y Silviano Santiago debatir\u00e1n sobre \u00ablas migraciones forzadas, di\u00e1sporas, exilios y huidas dieron pie a todo tipo de alianzas (comunidades auton\u00f3micas, colaboraciones art\u00edsticas, micronaciones, reemergencia de la cuesti\u00f3n ind\u00edgena- y a los fen\u00f3menos pol\u00edticos como resultado del desplazamiento de cuerpos y lenguas, de pr\u00e1cticas y culturas materiales sometidas a tensiones centr\u00edfugas y centr\u00edpetas\u00bb, se\u00f1alaron.<\/p>\n<p>Adem\u00e1s se sumaran los conciertos, uno previo a la conferencia de<strong> M\u00e1rmora,<\/strong> a cargo de la Orquesta de Instrumentos Aut\u00f3ctonos y Nuevas Tecnolog\u00edas, y otro a cargo del <strong>Cuarteto de Cuerdas Untref,<\/strong> el s\u00e1bado a las 18.15.<\/p>\n<p>Los d\u00edas previos, domingo 7 y martes 9 de julio, se har\u00e1 una guiada por las muestras de Bienalsur y el espect\u00e1culo biodram\u00e1tico <em><strong>\u00abLos amigos\u00bb,<\/strong><\/em> en el Espacio Zelaya, con direcci\u00f3n de Vivi Tellas. Para ambos se precisa inscripci\u00f3n previa en lllsimposiolasaconosur@untref.edu.ar.<\/p>\n<p>La programaci\u00f3n completa se puede consultar en la p\u00e1gina de Internet http:\/\/simposioconosur2019.untref.edu.ar\/home.<\/p>\n<div style=\"padding-bottom:20px; padding-top:10px;\" class=\"hupso-share-buttons\"><!-- Hupso Share Buttons - https:\/\/www.hupso.com\/share\/ --><a class=\"hupso_counters\" href=\"https:\/\/www.hupso.com\/share\/\"><img decoding=\"async\" src=\"http:\/\/static.hupso.com\/share\/buttons\/lang\/es\/share-small.png\" style=\"border:0px; padding-top:2px; float:left;\" alt=\"Share Button\"\/><\/a><script type=\"text\/javascript\">var hupso_services_c=new Array(\"twitter\",\"facebook_like\",\"google\");var hupso_counters_lang = \"es_LA\";var hupso_image_folder_url = \"\";var hupso_twitter_via=\"crsyvrs\";var hupso_url_c=\"\";<\/script><script type=\"text\/javascript\" src=\"http:\/\/static.hupso.com\/share\/js\/counters.js\"><\/script><!-- Hupso Share Buttons --><\/div> ","protected":false},"excerpt":{"rendered":"<div style=\"padding-bottom:20px; padding-top:10px;\" class=\"hupso-share-buttons\"><!-- Hupso Share Buttons - https:\/\/www.hupso.com\/share\/ --><a class=\"hupso_counters\" href=\"https:\/\/www.hupso.com\/share\/\"><img src=\"http:\/\/static.hupso.com\/share\/buttons\/lang\/es\/share-small.png\" style=\"border:0px; padding-top:2px; float:left;\" alt=\"Share Button\"\/><\/a><script type=\"text\/javascript\">var hupso_services_c=new Array(\"twitter\",\"facebook_like\",\"google\");var hupso_counters_lang = \"es_LA\";var hupso_image_folder_url = \"\";var hupso_twitter_via=\"crsyvrs\";var hupso_url_c=\"\";<\/script><script type=\"text\/javascript\" src=\"http:\/\/static.hupso.com\/share\/js\/counters.js\"><\/script><!-- Hupso Share Buttons --><\/div><p>En el encuentro presentar\u00e1n sus perspectivas sobre la redefinici\u00f3n de las identidades y los movimientos poblacionales de Am\u00e9rica latina. El simposio internacional \u00abCuerpos en peligro: minor\u00edas y migrantes\u201d contar\u00e1 con la participaci\u00f3n de especialistas de m\u00e1s de 20 pa\u00edses&#46;&#46;&#46;<\/p>\n<div style=\"padding-bottom:20px; padding-top:10px;\" class=\"hupso-share-buttons\"><!-- Hupso Share Buttons - https:\/\/www.hupso.com\/share\/ --><a class=\"hupso_counters\" href=\"https:\/\/www.hupso.com\/share\/\"><img src=\"http:\/\/static.hupso.com\/share\/buttons\/lang\/es\/share-small.png\" style=\"border:0px; padding-top:2px; float:left;\" alt=\"Share Button\"\/><\/a><script type=\"text\/javascript\">var hupso_services_c=new Array(\"twitter\",\"facebook_like\",\"google\");var hupso_counters_lang = \"es_LA\";var hupso_image_folder_url = \"\";var hupso_twitter_via=\"crsyvrs\";var hupso_url_c=\"\";<\/script><script type=\"text\/javascript\" src=\"http:\/\/static.hupso.com\/share\/js\/counters.js\"><\/script><!-- Hupso Share Buttons --><\/div>","protected":false},"author":5,"featured_media":23616,"comment_status":"open","ping_status":"closed","sticky":false,"template":"","format":"standard","meta":{"footnotes":""},"categories":[9],"tags":[],"class_list":["post-23615","post","type-post","status-publish","format-standard","has-post-thumbnail","hentry","category-sociedad"],"_links":{"self":[{"href":"http:\/\/cronicasyversiones.com\/index.php?rest_route=\/wp\/v2\/posts\/23615","targetHints":{"allow":["GET"]}}],"collection":[{"href":"http:\/\/cronicasyversiones.com\/index.php?rest_route=\/wp\/v2\/posts"}],"about":[{"href":"http:\/\/cronicasyversiones.com\/index.php?rest_route=\/wp\/v2\/types\/post"}],"author":[{"embeddable":true,"href":"http:\/\/cronicasyversiones.com\/index.php?rest_route=\/wp\/v2\/users\/5"}],"replies":[{"embeddable":true,"href":"http:\/\/cronicasyversiones.com\/index.php?rest_route=%2Fwp%2Fv2%2Fcomments&post=23615"}],"version-history":[{"count":0,"href":"http:\/\/cronicasyversiones.com\/index.php?rest_route=\/wp\/v2\/posts\/23615\/revisions"}],"wp:featuredmedia":[{"embeddable":true,"href":"http:\/\/cronicasyversiones.com\/index.php?rest_route=\/wp\/v2\/media\/23616"}],"wp:attachment":[{"href":"http:\/\/cronicasyversiones.com\/index.php?rest_route=%2Fwp%2Fv2%2Fmedia&parent=23615"}],"wp:term":[{"taxonomy":"category","embeddable":true,"href":"http:\/\/cronicasyversiones.com\/index.php?rest_route=%2Fwp%2Fv2%2Fcategories&post=23615"},{"taxonomy":"post_tag","embeddable":true,"href":"http:\/\/cronicasyversiones.com\/index.php?rest_route=%2Fwp%2Fv2%2Ftags&post=23615"}],"curies":[{"name":"wp","href":"https:\/\/api.w.org\/{rel}","templated":true}]}}