{"id":23618,"date":"2019-07-02T13:38:30","date_gmt":"2019-07-02T16:38:30","guid":{"rendered":"http:\/\/cronicasyversiones.com\/?p=23618"},"modified":"2019-07-02T13:38:30","modified_gmt":"2019-07-02T16:38:30","slug":"la-serie-alemana-la-dactilografa-en-europa-europa","status":"publish","type":"post","link":"http:\/\/cronicasyversiones.com\/?p=23618","title":{"rendered":"La serie alemana \u201cLa dactil\u00f3grafa\u201d, en Europa Europa"},"content":{"rendered":"<div style=\"padding-bottom:20px; padding-top:10px;\" class=\"hupso-share-buttons\"><!-- Hupso Share Buttons - https:\/\/www.hupso.com\/share\/ --><a class=\"hupso_counters\" href=\"https:\/\/www.hupso.com\/share\/\"><img decoding=\"async\" src=\"http:\/\/static.hupso.com\/share\/buttons\/lang\/es\/share-small.png\" style=\"border:0px; padding-top:2px; float:left;\" alt=\"Share Button\"\/><\/a><script type=\"text\/javascript\">var hupso_services_c=new Array(\"twitter\",\"facebook_like\",\"google\");var hupso_counters_lang = \"es_LA\";var hupso_image_folder_url = \"\";var hupso_twitter_via=\"crsyvrs\";var hupso_url_c=\"\";<\/script><script type=\"text\/javascript\" src=\"http:\/\/static.hupso.com\/share\/js\/counters.js\"><\/script><!-- Hupso Share Buttons --><\/div><h2>La historia sigue a una dactil\u00f3grafa que trabaja en interrogatorios criminales para el departamento de polic\u00eda de Berl\u00edn.<\/h2>\n<p><img loading=\"lazy\" decoding=\"async\" class=\"size-full wp-image-23619 aligncenter\" src=\"http:\/\/cronicasyversiones.com\/wp-content\/uploads\/2019\/07\/dacti.jpg\" alt=\"\" width=\"750\" height=\"539\" srcset=\"http:\/\/cronicasyversiones.com\/wp-content\/uploads\/2019\/07\/dacti.jpg 750w, http:\/\/cronicasyversiones.com\/wp-content\/uploads\/2019\/07\/dacti-300x216.jpg 300w\" sizes=\"auto, (max-width: 750px) 100vw, 750px\" \/><\/p>\n<p><em><strong>\u201cLa dactil\u00f3grafa\u201d<\/strong><\/em>, la serie alemana que sigue la historia de Freya, una dactil\u00f3grafa en interrogatorios criminales para el departamento de polic\u00eda de Berl\u00edn, se estrena en <strong>Europa Europa<\/strong> el martes 16 de julio de las 22.<\/p>\n<p>Durante d\u00e9cadas, <strong>Freya estuvo protocolizando interrogatorios criminales para el departamento de polic\u00eda de Berl\u00edn<\/strong>. Lleva una existencia aislada, acosada por horripilantes relatos de delitos violentos, y a\u00fan m\u00e1s por la desaparici\u00f3n de su hija Marie, 11 a\u00f1os antes.<\/p>\n<p>Ahora, <strong>su viejo amigo Henry asume como nuevo comisionado en el departamento de polic\u00eda.<\/strong> A medida que su amistad se convierte gradualmente en amor, Freya repentinamente siente algo parecido a la felicidad por primera vez en muchos a\u00f1os.<\/p>\n<p><em><strong>LEA TAMBI\u00c9N:<\/strong> <\/em><\/p>\n<div class=\"video-container\">\n<blockquote class=\"wp-embedded-content\" data-secret=\"5tDJh3DBH8\"><p><a href=\"http:\/\/cronicasyversiones.com\/?p=23533\">George Clooney dirigir\u00e1 y protagonizar\u00e1 un film para Netflix<\/a><\/p><\/blockquote>\n<p><iframe loading=\"lazy\" class=\"wp-embedded-content\" sandbox=\"allow-scripts\" security=\"restricted\" style=\"position: absolute; clip: rect(1px, 1px, 1px, 1px);\" title=\"\u00abGeorge Clooney dirigir\u00e1 y protagonizar\u00e1 un film para Netflix\u00bb \u2014    \" src=\"http:\/\/cronicasyversiones.com\/?p=23533&#038;embed=true#?secret=RNrY2dgBDd#?secret=5tDJh3DBH8\" data-secret=\"5tDJh3DBH8\" width=\"600\" height=\"338\" frameborder=\"0\" marginwidth=\"0\" marginheight=\"0\" scrolling=\"no\"><\/iframe><\/div>\n<p>Hasta que un caso similar al de su hija le devuelve todos los viejos recuerdos y decide finalmente <strong>llegar al fondo en la historia de la desaparici\u00f3n de Marie.<\/strong> Especialmente cuando la evidencia sugiere que los dos casos podr\u00edan estar relacionados, junto con otros asesinatos sin resolver.<\/p>\n<p>Tomando el asunto en sus propias manos, inicia algunas investigaciones poco convencionales por su cuenta y descubre m\u00e1s de lo que esperaba. Henry tambi\u00e9n se acerca a la verdad y al oscuro secreto de Freya. Con su nuevo amor repentinamente en peligro, Freya debe decidir si la justicia vale el sacrificio.<\/p>\n<div style=\"padding-bottom:20px; padding-top:10px;\" class=\"hupso-share-buttons\"><!-- Hupso Share Buttons - https:\/\/www.hupso.com\/share\/ --><a class=\"hupso_counters\" href=\"https:\/\/www.hupso.com\/share\/\"><img decoding=\"async\" src=\"http:\/\/static.hupso.com\/share\/buttons\/lang\/es\/share-small.png\" style=\"border:0px; padding-top:2px; float:left;\" alt=\"Share Button\"\/><\/a><script type=\"text\/javascript\">var hupso_services_c=new Array(\"twitter\",\"facebook_like\",\"google\");var hupso_counters_lang = \"es_LA\";var hupso_image_folder_url = \"\";var hupso_twitter_via=\"crsyvrs\";var hupso_url_c=\"\";<\/script><script type=\"text\/javascript\" src=\"http:\/\/static.hupso.com\/share\/js\/counters.js\"><\/script><!-- Hupso Share Buttons --><\/div> ","protected":false},"excerpt":{"rendered":"<div style=\"padding-bottom:20px; padding-top:10px;\" class=\"hupso-share-buttons\"><!-- Hupso Share Buttons - https:\/\/www.hupso.com\/share\/ --><a class=\"hupso_counters\" href=\"https:\/\/www.hupso.com\/share\/\"><img src=\"http:\/\/static.hupso.com\/share\/buttons\/lang\/es\/share-small.png\" style=\"border:0px; padding-top:2px; float:left;\" alt=\"Share Button\"\/><\/a><script type=\"text\/javascript\">var hupso_services_c=new Array(\"twitter\",\"facebook_like\",\"google\");var hupso_counters_lang = \"es_LA\";var hupso_image_folder_url = \"\";var hupso_twitter_via=\"crsyvrs\";var hupso_url_c=\"\";<\/script><script type=\"text\/javascript\" src=\"http:\/\/static.hupso.com\/share\/js\/counters.js\"><\/script><!-- Hupso Share Buttons --><\/div><p>La historia sigue a una dactil\u00f3grafa que trabaja en interrogatorios criminales para el departamento de polic\u00eda de Berl\u00edn. \u201cLa dactil\u00f3grafa\u201d, la serie alemana que sigue la historia de Freya, una dactil\u00f3grafa en interrogatorios criminales para el departamento de polic\u00eda&#46;&#46;&#46;<\/p>\n<div style=\"padding-bottom:20px; padding-top:10px;\" class=\"hupso-share-buttons\"><!-- Hupso Share Buttons - https:\/\/www.hupso.com\/share\/ --><a class=\"hupso_counters\" href=\"https:\/\/www.hupso.com\/share\/\"><img src=\"http:\/\/static.hupso.com\/share\/buttons\/lang\/es\/share-small.png\" style=\"border:0px; padding-top:2px; float:left;\" alt=\"Share Button\"\/><\/a><script type=\"text\/javascript\">var hupso_services_c=new Array(\"twitter\",\"facebook_like\",\"google\");var hupso_counters_lang = \"es_LA\";var hupso_image_folder_url = \"\";var hupso_twitter_via=\"crsyvrs\";var hupso_url_c=\"\";<\/script><script type=\"text\/javascript\" src=\"http:\/\/static.hupso.com\/share\/js\/counters.js\"><\/script><!-- Hupso Share Buttons --><\/div>","protected":false},"author":5,"featured_media":23619,"comment_status":"open","ping_status":"closed","sticky":false,"template":"","format":"standard","meta":{"footnotes":""},"categories":[6],"tags":[3602],"class_list":["post-23618","post","type-post","status-publish","format-standard","has-post-thumbnail","hentry","category-radio-y-tv","tag-europa-europa"],"_links":{"self":[{"href":"http:\/\/cronicasyversiones.com\/index.php?rest_route=\/wp\/v2\/posts\/23618","targetHints":{"allow":["GET"]}}],"collection":[{"href":"http:\/\/cronicasyversiones.com\/index.php?rest_route=\/wp\/v2\/posts"}],"about":[{"href":"http:\/\/cronicasyversiones.com\/index.php?rest_route=\/wp\/v2\/types\/post"}],"author":[{"embeddable":true,"href":"http:\/\/cronicasyversiones.com\/index.php?rest_route=\/wp\/v2\/users\/5"}],"replies":[{"embeddable":true,"href":"http:\/\/cronicasyversiones.com\/index.php?rest_route=%2Fwp%2Fv2%2Fcomments&post=23618"}],"version-history":[{"count":0,"href":"http:\/\/cronicasyversiones.com\/index.php?rest_route=\/wp\/v2\/posts\/23618\/revisions"}],"wp:featuredmedia":[{"embeddable":true,"href":"http:\/\/cronicasyversiones.com\/index.php?rest_route=\/wp\/v2\/media\/23619"}],"wp:attachment":[{"href":"http:\/\/cronicasyversiones.com\/index.php?rest_route=%2Fwp%2Fv2%2Fmedia&parent=23618"}],"wp:term":[{"taxonomy":"category","embeddable":true,"href":"http:\/\/cronicasyversiones.com\/index.php?rest_route=%2Fwp%2Fv2%2Fcategories&post=23618"},{"taxonomy":"post_tag","embeddable":true,"href":"http:\/\/cronicasyversiones.com\/index.php?rest_route=%2Fwp%2Fv2%2Ftags&post=23618"}],"curies":[{"name":"wp","href":"https:\/\/api.w.org\/{rel}","templated":true}]}}