{"id":23737,"date":"2019-07-15T09:45:54","date_gmt":"2019-07-15T12:45:54","guid":{"rendered":"http:\/\/cronicasyversiones.com\/?p=23737"},"modified":"2019-07-15T09:45:54","modified_gmt":"2019-07-15T12:45:54","slug":"palo-pandolfo-la-hermandady-baglietto-y-vitale-en-el-festival-vamos-lxs-pibxs","status":"publish","type":"post","link":"http:\/\/cronicasyversiones.com\/?p=23737","title":{"rendered":"Palo Pandolfo &#038; La Hermandad,y Baglietto y Vitale, en el festival \u00abVamos Lxs Pibxs\u00bb"},"content":{"rendered":"<div style=\"padding-bottom:20px; padding-top:10px;\" class=\"hupso-share-buttons\"><!-- Hupso Share Buttons - https:\/\/www.hupso.com\/share\/ --><a class=\"hupso_counters\" href=\"https:\/\/www.hupso.com\/share\/\"><img decoding=\"async\" src=\"http:\/\/static.hupso.com\/share\/buttons\/lang\/es\/share-small.png\" style=\"border:0px; padding-top:2px; float:left;\" alt=\"Share Button\"\/><\/a><script type=\"text\/javascript\">var hupso_services_c=new Array(\"twitter\",\"facebook_like\",\"google\");var hupso_counters_lang = \"es_LA\";var hupso_image_folder_url = \"\";var hupso_twitter_via=\"crsyvrs\";var hupso_url_c=\"\";<\/script><script type=\"text\/javascript\" src=\"http:\/\/static.hupso.com\/share\/js\/counters.js\"><\/script><!-- Hupso Share Buttons --><\/div><h2>La nueva edici\u00f3n de la colecta solidaria \u00abVamos Lxs Pibxs\u00bb tendr\u00e1 tambi\u00e9n a Dura Tierra, Los Raviolis, Femigansta, Huevo, Ya Rugiste y Edu Schmidt, entre otros.<\/h2>\n<p><img loading=\"lazy\" decoding=\"async\" class=\"size-full wp-image-23738 aligncenter\" src=\"http:\/\/cronicasyversiones.com\/wp-content\/uploads\/2019\/07\/palo.jpg\" alt=\"\" width=\"800\" height=\"530\" srcset=\"http:\/\/cronicasyversiones.com\/wp-content\/uploads\/2019\/07\/palo.jpg 800w, http:\/\/cronicasyversiones.com\/wp-content\/uploads\/2019\/07\/palo-300x199.jpg 300w, http:\/\/cronicasyversiones.com\/wp-content\/uploads\/2019\/07\/palo-768x509.jpg 768w\" sizes=\"auto, (max-width: 800px) 100vw, 800px\" \/><\/p>\n<p>Una nueva edici\u00f3n del festival y colecta solidaria <strong><em>\u00abVamos Lxs Pibxs\u00bb<\/em><\/strong> se realizar\u00e1 el domingo 4 de agosto en el Auditorio Oeste, ubicado en la localidad bonaerense de Haedo.<\/p>\n<p><strong>Palo Pandolfo &amp; La Hermandad, Todo Aparenta Normal y Baglietto y Vitale<\/strong> son algunos de los artistas que participar\u00e1n del encuentro.<\/p>\n<p>La grilla del encuentro tambi\u00e9n contar\u00e1 con actuaciones de Dura Tierra, Los Raviolis, Femigansta, Huevo, Ya Rugiste, Edu Schmidt, Villa Diamante &amp; Cehache Respira, Zero Kill, 1915, Rock &amp; Walsh, Mad, El Altillo, Flor Lovaglio, Vale Acevedo, La banda de las Corbatas y Nitnelav.<\/p>\n<p>Adem\u00e1s, los ni\u00f1os tendr\u00e1n murga, teatro, clown, pintura, talleres de arte, la jugoteca de Agora Ludus y la Escuela de Circo de Pies a Cabeza.<\/p>\n<div class=\"video-container\">\n<blockquote class=\"wp-embedded-content\" data-secret=\"wNAlNvwiUJ\"><p><a href=\"http:\/\/cronicasyversiones.com\/?p=23506\">\u201cOcho Sue\u00f1os\u201d, el nuevo disco de Gast\u00f3n Massenzio<\/a><\/p><\/blockquote>\n<p><iframe loading=\"lazy\" class=\"wp-embedded-content\" sandbox=\"allow-scripts\" security=\"restricted\" style=\"position: absolute; clip: rect(1px, 1px, 1px, 1px);\" title=\"\u00ab\u201cOcho Sue\u00f1os\u201d, el nuevo disco de Gast\u00f3n Massenzio\u00bb \u2014    \" src=\"http:\/\/cronicasyversiones.com\/?p=23506&#038;embed=true#?secret=0w08GJBKva#?secret=wNAlNvwiUJ\" data-secret=\"wNAlNvwiUJ\" width=\"600\" height=\"338\" frameborder=\"0\" marginwidth=\"0\" marginheight=\"0\" scrolling=\"no\"><\/iframe><\/div>\n<p>La entrada para el festival, que se realizar\u00e1 el domingo 4 de agosto a las 15 en el espacio cultural Auditorio Oeste, en la <strong>Avenida Rivadavia 17230, Haedo,<\/strong> se podr\u00e1 canjear en m\u00e1s de 40 comercios adheridos por un pack solidario.<\/p>\n<p>Se podr\u00e1 optar por 1 kilo de arroz, uno de azucar, un litro de aceite y una caja de 12 l\u00e1pices; o un paquete de fideos, 1 litro de leche larga vida, 500 gramos de lentejas y un cuaderno de 48 hojas; o un paquete de harina, 500 gramos de yerba, pur\u00e9 de tomate y un block de hojas de carpeta de 24 hojas.<\/p>\n<div style=\"padding-bottom:20px; padding-top:10px;\" class=\"hupso-share-buttons\"><!-- Hupso Share Buttons - https:\/\/www.hupso.com\/share\/ --><a class=\"hupso_counters\" href=\"https:\/\/www.hupso.com\/share\/\"><img decoding=\"async\" src=\"http:\/\/static.hupso.com\/share\/buttons\/lang\/es\/share-small.png\" style=\"border:0px; padding-top:2px; float:left;\" alt=\"Share Button\"\/><\/a><script type=\"text\/javascript\">var hupso_services_c=new Array(\"twitter\",\"facebook_like\",\"google\");var hupso_counters_lang = \"es_LA\";var hupso_image_folder_url = \"\";var hupso_twitter_via=\"crsyvrs\";var hupso_url_c=\"\";<\/script><script type=\"text\/javascript\" src=\"http:\/\/static.hupso.com\/share\/js\/counters.js\"><\/script><!-- Hupso Share Buttons --><\/div> ","protected":false},"excerpt":{"rendered":"<div style=\"padding-bottom:20px; padding-top:10px;\" class=\"hupso-share-buttons\"><!-- Hupso Share Buttons - https:\/\/www.hupso.com\/share\/ --><a class=\"hupso_counters\" href=\"https:\/\/www.hupso.com\/share\/\"><img src=\"http:\/\/static.hupso.com\/share\/buttons\/lang\/es\/share-small.png\" style=\"border:0px; padding-top:2px; float:left;\" alt=\"Share Button\"\/><\/a><script type=\"text\/javascript\">var hupso_services_c=new Array(\"twitter\",\"facebook_like\",\"google\");var hupso_counters_lang = \"es_LA\";var hupso_image_folder_url = \"\";var hupso_twitter_via=\"crsyvrs\";var hupso_url_c=\"\";<\/script><script type=\"text\/javascript\" src=\"http:\/\/static.hupso.com\/share\/js\/counters.js\"><\/script><!-- Hupso Share Buttons --><\/div><p>La nueva edici\u00f3n de la colecta solidaria \u00abVamos Lxs Pibxs\u00bb tendr\u00e1 tambi\u00e9n a Dura Tierra, Los Raviolis, Femigansta, Huevo, Ya Rugiste y Edu Schmidt, entre otros. Una nueva edici\u00f3n del festival y colecta solidaria \u00abVamos Lxs Pibxs\u00bb se realizar\u00e1&#46;&#46;&#46;<\/p>\n<div style=\"padding-bottom:20px; padding-top:10px;\" class=\"hupso-share-buttons\"><!-- Hupso Share Buttons - https:\/\/www.hupso.com\/share\/ --><a class=\"hupso_counters\" href=\"https:\/\/www.hupso.com\/share\/\"><img src=\"http:\/\/static.hupso.com\/share\/buttons\/lang\/es\/share-small.png\" style=\"border:0px; padding-top:2px; float:left;\" alt=\"Share Button\"\/><\/a><script type=\"text\/javascript\">var hupso_services_c=new Array(\"twitter\",\"facebook_like\",\"google\");var hupso_counters_lang = \"es_LA\";var hupso_image_folder_url = \"\";var hupso_twitter_via=\"crsyvrs\";var hupso_url_c=\"\";<\/script><script type=\"text\/javascript\" src=\"http:\/\/static.hupso.com\/share\/js\/counters.js\"><\/script><!-- Hupso Share Buttons --><\/div>","protected":false},"author":5,"featured_media":23738,"comment_status":"open","ping_status":"closed","sticky":false,"template":"","format":"standard","meta":{"footnotes":""},"categories":[3],"tags":[4555,3900],"class_list":["post-23737","post","type-post","status-publish","format-standard","has-post-thumbnail","hentry","category-musica","tag-juan-carlos-baglietto","tag-palo-pandolfo"],"_links":{"self":[{"href":"http:\/\/cronicasyversiones.com\/index.php?rest_route=\/wp\/v2\/posts\/23737","targetHints":{"allow":["GET"]}}],"collection":[{"href":"http:\/\/cronicasyversiones.com\/index.php?rest_route=\/wp\/v2\/posts"}],"about":[{"href":"http:\/\/cronicasyversiones.com\/index.php?rest_route=\/wp\/v2\/types\/post"}],"author":[{"embeddable":true,"href":"http:\/\/cronicasyversiones.com\/index.php?rest_route=\/wp\/v2\/users\/5"}],"replies":[{"embeddable":true,"href":"http:\/\/cronicasyversiones.com\/index.php?rest_route=%2Fwp%2Fv2%2Fcomments&post=23737"}],"version-history":[{"count":0,"href":"http:\/\/cronicasyversiones.com\/index.php?rest_route=\/wp\/v2\/posts\/23737\/revisions"}],"wp:featuredmedia":[{"embeddable":true,"href":"http:\/\/cronicasyversiones.com\/index.php?rest_route=\/wp\/v2\/media\/23738"}],"wp:attachment":[{"href":"http:\/\/cronicasyversiones.com\/index.php?rest_route=%2Fwp%2Fv2%2Fmedia&parent=23737"}],"wp:term":[{"taxonomy":"category","embeddable":true,"href":"http:\/\/cronicasyversiones.com\/index.php?rest_route=%2Fwp%2Fv2%2Fcategories&post=23737"},{"taxonomy":"post_tag","embeddable":true,"href":"http:\/\/cronicasyversiones.com\/index.php?rest_route=%2Fwp%2Fv2%2Ftags&post=23737"}],"curies":[{"name":"wp","href":"https:\/\/api.w.org\/{rel}","templated":true}]}}