{"id":23749,"date":"2019-07-14T00:35:48","date_gmt":"2019-07-14T03:35:48","guid":{"rendered":"http:\/\/cronicasyversiones.com\/?p=23749"},"modified":"2019-07-14T11:07:45","modified_gmt":"2019-07-14T14:07:45","slug":"proyectaran-un-ciclo-de-giallo-el-genero-de-terror-italiano","status":"publish","type":"post","link":"http:\/\/cronicasyversiones.com\/?p=23749","title":{"rendered":"Proyectar\u00e1n un ciclo de \u201cGiallo\u201d, el g\u00e9nero de terror italiano"},"content":{"rendered":"<div style=\"padding-bottom:20px; padding-top:10px;\" class=\"hupso-share-buttons\"><!-- Hupso Share Buttons - https:\/\/www.hupso.com\/share\/ --><a class=\"hupso_counters\" href=\"https:\/\/www.hupso.com\/share\/\"><img decoding=\"async\" src=\"http:\/\/static.hupso.com\/share\/buttons\/lang\/es\/share-small.png\" style=\"border:0px; padding-top:2px; float:left;\" alt=\"Share Button\"\/><\/a><script type=\"text\/javascript\">var hupso_services_c=new Array(\"twitter\",\"facebook_like\",\"google\");var hupso_counters_lang = \"es_LA\";var hupso_image_folder_url = \"\";var hupso_twitter_via=\"crsyvrs\";var hupso_url_c=\"\";<\/script><script type=\"text\/javascript\" src=\"http:\/\/static.hupso.com\/share\/js\/counters.js\"><\/script><!-- Hupso Share Buttons --><\/div><h2>En la Sala Leopoldo Lugones se proyectar\u00e1n films de directores de culto, como Sergio Martino, Mario Bava, Luciano Ercoli, Emilio Miraglia y Lucio Fulci.<\/h2>\n<p><img loading=\"lazy\" decoding=\"async\" class=\"size-full wp-image-23750 aligncenter\" src=\"http:\/\/cronicasyversiones.com\/wp-content\/uploads\/2019\/07\/giallo.jpg\" alt=\"\" width=\"750\" height=\"475\" srcset=\"http:\/\/cronicasyversiones.com\/wp-content\/uploads\/2019\/07\/giallo.jpg 750w, http:\/\/cronicasyversiones.com\/wp-content\/uploads\/2019\/07\/giallo-300x190.jpg 300w\" sizes=\"auto, (max-width: 750px) 100vw, 750px\" \/><\/p>\n<p>Una serie de pel\u00edculas del <strong><em>\u00abGiallo\u00bb,<\/em><\/strong> un ic\u00f3nico g\u00e9nero de terror italiano que se populariz\u00f3 internacionalmente en los \u00b470, se proyectar\u00e1n en un ciclo del 21 al 31 de julio en la <strong>Sala Leopoldo Lugones<\/strong>, ubicada de en la Avenida Corrientes 1530.<\/p>\n<p>\u201cGiallo\u201d significa \u201camarillo\u201d en italiano, nombre con el que se hab\u00eda bautizado una serie de novelas de misterio publicadas a fines de los \u00b420, que llevaban ilustraciones con fondo amarillo.<\/p>\n<p>A\u00f1os m\u00e1s tarde, los cineastas que se dedicaban al g\u00e9nero de misterio lo contextualizaron en ciertas formas del horror en la pantalla grande.<\/p>\n<p>El ciclo incluir\u00e1 largometrajes en su mayor\u00eda poco difundidos en Argentina, que incluye a realizadores de culto, como <strong>Sergio Martino, Mario Bava, Luciano Ercoli, Emilio Miraglia y Lucio Fulci,<\/strong> entre otros.<\/p>\n<h2>La programaci\u00f3n:<\/h2>\n<p><strong><em>\u00a0\u201cSeis mujeres para el asesino\u201d<\/em><\/strong> (1964, Mario Bava), domingo 21 a las 14, 16.30, 19 y 21.30.<\/p>\n<p><strong><em>\u201cEl p\u00e1jaro de las plumas de cristal\u201d<\/em><\/strong> (1970, Dario Argento), lunes 22 a las 14, 16.30, 19 y 21.30.<\/p>\n<p><strong><em>\u201cLas fotos prohibidas de una buena se\u00f1ora\u201d<\/em><\/strong> (1970, Luciano Ercoli), martes 23 a las 14, 16.30, 19 y 21.30.<\/p>\n<p><strong><em>\u201cUna lagartija con piel de mujer\u201d<\/em><\/strong> (1971, Lucio Fulci), mi\u00e9rcoles 24 a las 14, 16.30, 19 y 21.<\/p>\n<p><strong><em>\u201cLa noche que Evelyn sali\u00f3 de la tumba\u201d,<\/em><\/strong> (1971, Emilio Miraglia), jueves 25 a las 14, 16.30 y 21.30.<\/p>\n<p><strong><em>\u201cBah\u00eda de sangre\u201d<\/em><\/strong> (1971, Mario Bava), viernes 26 a las 14, 16.30 y 21.30.<\/p>\n<p><strong><em>\u201cTodos los colores de la oscuridad\u201d<\/em><\/strong> (1972, Sergio Martino), s\u00e1bado 27 a las 14, 16.30 y 21.30.<\/p>\n<p><strong><em>\u201c\u00bfQu\u00e9 le habr\u00e1n hecho a Solange?\u201d<\/em><\/strong> (1972, Massimo Dallamano), domingo 28 a las 14, 16.30 y 21.30.<\/p>\n<p><strong><em>\u201cTu vicio es una habitaci\u00f3n cerrada y s\u00f3lo yo tengo la llave\u201d<\/em><\/strong> (1972, Sergio Martino), lunes 29 a las 14, 16.30 y 21.30.<\/p>\n<p><strong><em>\u201cInvestigaci\u00f3n de un ciudadano sobre toda sospecha\u201d<\/em><\/strong> (1970, Elio Petri), martes 30 a las 14, 16.30 y 21.30.<\/p>\n<p><strong><em>\u201cLa corrupci\u00f3n de Chris Miller\u201d<\/em><\/strong> (1973, Juan Antonio Bardem), mi\u00e9rcoles 31 a las 14, 16.30 y 21.30.<\/p>\n<div style=\"padding-bottom:20px; padding-top:10px;\" class=\"hupso-share-buttons\"><!-- Hupso Share Buttons - https:\/\/www.hupso.com\/share\/ --><a class=\"hupso_counters\" href=\"https:\/\/www.hupso.com\/share\/\"><img decoding=\"async\" src=\"http:\/\/static.hupso.com\/share\/buttons\/lang\/es\/share-small.png\" style=\"border:0px; padding-top:2px; float:left;\" alt=\"Share Button\"\/><\/a><script type=\"text\/javascript\">var hupso_services_c=new Array(\"twitter\",\"facebook_like\",\"google\");var hupso_counters_lang = \"es_LA\";var hupso_image_folder_url = \"\";var hupso_twitter_via=\"crsyvrs\";var hupso_url_c=\"\";<\/script><script type=\"text\/javascript\" src=\"http:\/\/static.hupso.com\/share\/js\/counters.js\"><\/script><!-- Hupso Share Buttons --><\/div> ","protected":false},"excerpt":{"rendered":"<div style=\"padding-bottom:20px; padding-top:10px;\" class=\"hupso-share-buttons\"><!-- Hupso Share Buttons - https:\/\/www.hupso.com\/share\/ --><a class=\"hupso_counters\" href=\"https:\/\/www.hupso.com\/share\/\"><img src=\"http:\/\/static.hupso.com\/share\/buttons\/lang\/es\/share-small.png\" style=\"border:0px; padding-top:2px; float:left;\" alt=\"Share Button\"\/><\/a><script type=\"text\/javascript\">var hupso_services_c=new Array(\"twitter\",\"facebook_like\",\"google\");var hupso_counters_lang = \"es_LA\";var hupso_image_folder_url = \"\";var hupso_twitter_via=\"crsyvrs\";var hupso_url_c=\"\";<\/script><script type=\"text\/javascript\" src=\"http:\/\/static.hupso.com\/share\/js\/counters.js\"><\/script><!-- Hupso Share Buttons --><\/div><p>En la Sala Leopoldo Lugones se proyectar\u00e1n films de directores de culto, como Sergio Martino, Mario Bava, Luciano Ercoli, Emilio Miraglia y Lucio Fulci. Una serie de pel\u00edculas del \u00abGiallo\u00bb, un ic\u00f3nico g\u00e9nero de terror italiano que se populariz\u00f3&#46;&#46;&#46;<\/p>\n<div style=\"padding-bottom:20px; padding-top:10px;\" class=\"hupso-share-buttons\"><!-- Hupso Share Buttons - https:\/\/www.hupso.com\/share\/ --><a class=\"hupso_counters\" href=\"https:\/\/www.hupso.com\/share\/\"><img src=\"http:\/\/static.hupso.com\/share\/buttons\/lang\/es\/share-small.png\" style=\"border:0px; padding-top:2px; float:left;\" alt=\"Share Button\"\/><\/a><script type=\"text\/javascript\">var hupso_services_c=new Array(\"twitter\",\"facebook_like\",\"google\");var hupso_counters_lang = \"es_LA\";var hupso_image_folder_url = \"\";var hupso_twitter_via=\"crsyvrs\";var hupso_url_c=\"\";<\/script><script type=\"text\/javascript\" src=\"http:\/\/static.hupso.com\/share\/js\/counters.js\"><\/script><!-- Hupso Share Buttons --><\/div>","protected":false},"author":5,"featured_media":23750,"comment_status":"open","ping_status":"closed","sticky":false,"template":"","format":"standard","meta":{"footnotes":""},"categories":[4],"tags":[4795],"class_list":["post-23749","post","type-post","status-publish","format-standard","has-post-thumbnail","hentry","category-cine","tag-cine-de-terror"],"_links":{"self":[{"href":"http:\/\/cronicasyversiones.com\/index.php?rest_route=\/wp\/v2\/posts\/23749","targetHints":{"allow":["GET"]}}],"collection":[{"href":"http:\/\/cronicasyversiones.com\/index.php?rest_route=\/wp\/v2\/posts"}],"about":[{"href":"http:\/\/cronicasyversiones.com\/index.php?rest_route=\/wp\/v2\/types\/post"}],"author":[{"embeddable":true,"href":"http:\/\/cronicasyversiones.com\/index.php?rest_route=\/wp\/v2\/users\/5"}],"replies":[{"embeddable":true,"href":"http:\/\/cronicasyversiones.com\/index.php?rest_route=%2Fwp%2Fv2%2Fcomments&post=23749"}],"version-history":[{"count":0,"href":"http:\/\/cronicasyversiones.com\/index.php?rest_route=\/wp\/v2\/posts\/23749\/revisions"}],"wp:featuredmedia":[{"embeddable":true,"href":"http:\/\/cronicasyversiones.com\/index.php?rest_route=\/wp\/v2\/media\/23750"}],"wp:attachment":[{"href":"http:\/\/cronicasyversiones.com\/index.php?rest_route=%2Fwp%2Fv2%2Fmedia&parent=23749"}],"wp:term":[{"taxonomy":"category","embeddable":true,"href":"http:\/\/cronicasyversiones.com\/index.php?rest_route=%2Fwp%2Fv2%2Fcategories&post=23749"},{"taxonomy":"post_tag","embeddable":true,"href":"http:\/\/cronicasyversiones.com\/index.php?rest_route=%2Fwp%2Fv2%2Ftags&post=23749"}],"curies":[{"name":"wp","href":"https:\/\/api.w.org\/{rel}","templated":true}]}}