{"id":23753,"date":"2019-07-14T19:24:37","date_gmt":"2019-07-14T22:24:37","guid":{"rendered":"http:\/\/cronicasyversiones.com\/?p=23753"},"modified":"2019-07-14T19:24:37","modified_gmt":"2019-07-14T22:24:37","slug":"el-concierto-del-aire-y-ticher-de-luz-dos-guias-spinetteanas-imprescindibles","status":"publish","type":"post","link":"http:\/\/cronicasyversiones.com\/?p=23753","title":{"rendered":"\u201cEl concierto del aire\u201d y \u00abT\u00edcher de luz\u201d, dos gu\u00edas spinetteanas imprescindibles"},"content":{"rendered":"<div style=\"padding-bottom:20px; padding-top:10px;\" class=\"hupso-share-buttons\"><!-- Hupso Share Buttons - https:\/\/www.hupso.com\/share\/ --><a class=\"hupso_counters\" href=\"https:\/\/www.hupso.com\/share\/\"><img decoding=\"async\" src=\"http:\/\/static.hupso.com\/share\/buttons\/lang\/es\/share-small.png\" style=\"border:0px; padding-top:2px; float:left;\" alt=\"Share Button\"\/><\/a><script type=\"text\/javascript\">var hupso_services_c=new Array(\"twitter\",\"facebook_like\",\"google\");var hupso_counters_lang = \"es_LA\";var hupso_image_folder_url = \"\";var hupso_twitter_via=\"crsyvrs\";var hupso_url_c=\"\";<\/script><script type=\"text\/javascript\" src=\"http:\/\/static.hupso.com\/share\/js\/counters.js\"><\/script><!-- Hupso Share Buttons --><\/div><h4>Por Edgardo Solano<\/h4>\n<h2>El primero recorre al concierto de las \u00abBandas Eternas\u00bb y funciona como una bonus track de su predecesor, donde se repasa toda la discograf\u00eda del Flaco.<\/h2>\n<p><img loading=\"lazy\" decoding=\"async\" class=\"size-full wp-image-23754 aligncenter\" src=\"http:\/\/cronicasyversiones.com\/wp-content\/uploads\/2019\/07\/EL-CONCIERTO-DEL-AIRE-recorte-el-recodo-del-sol.jpg\" alt=\"\" width=\"750\" height=\"500\" srcset=\"http:\/\/cronicasyversiones.com\/wp-content\/uploads\/2019\/07\/EL-CONCIERTO-DEL-AIRE-recorte-el-recodo-del-sol.jpg 750w, http:\/\/cronicasyversiones.com\/wp-content\/uploads\/2019\/07\/EL-CONCIERTO-DEL-AIRE-recorte-el-recodo-del-sol-300x200.jpg 300w, http:\/\/cronicasyversiones.com\/wp-content\/uploads\/2019\/07\/EL-CONCIERTO-DEL-AIRE-recorte-el-recodo-del-sol-480x320.jpg 480w\" sizes=\"auto, (max-width: 750px) 100vw, 750px\" \/><\/p>\n<p>El 4 de diciembre de 2009, hace casi una d\u00e9cada, <strong>Luis Alberto Spinetta<\/strong> sal\u00eda a escena en el estadio de <strong>V\u00e9lez Sarsfield<\/strong> con sus <em><strong>\u201cBandas Eternas\u201d<\/strong><\/em>, en un extenso y emotivo concierto con buena parte de los m\u00fasicos con el aporte de \u00a0los que toc\u00f3 a lo largo de su carrera.<\/p>\n<p><em><strong>\u201cEl concierto del aire\u201d<\/strong><\/em>, de <strong>Miguel \u00c1ngel Dente<\/strong> y <strong>Lucas Jos\u00e9 Fern\u00e1ndez,<\/strong> es una suerte de bonus track de <em><strong>\u201cT\u00edcher de luz\u201d<\/strong><\/em>, la gu\u00eda por la obra de Spinetta, del primero de los citados autores.<\/p>\n<p>Este libro, lanzado por Ediciones Disconario y fundamental en cualquier biblioteca spinetteana, recorre minuciosamente los preparativos, el desarrollo y los momentos posteriores de lo ocurrido en Liniers.<\/p>\n<p>En orden cronol\u00f3gico, la publicaci\u00f3n relata la g\u00e9nesis del concierto que tuvo a <strong>Pablo Mangone<\/strong> como ide\u00f3logo y que logr\u00f3 que el proyecto sea aceptado por el Flaco, que muchas veces hab\u00eda sido reticente en repasar su pasado art\u00edstico.<\/p>\n<p>Las p\u00e1ginas del libro tambi\u00e9n repasa los preparativos, los ensayos y hasta como cada participante se fue enterando que iba a ser parte de ese concierto hist\u00f3rico.<\/p>\n<p>Adem\u00e1s de contar con informaci\u00f3n precisa y con detalles puntillosos, se aportan datos poco conocidos, an\u00e9cdotas jugosas y algunas perlas de la intimidad del recital y sus preparativos.<\/p>\n<p>Incluso se reproducen las palabras de Spinetta en medio de cada canci\u00f3n y presentando a invitados, que est\u00e1n fuera del registro grabado en vivo.<\/p>\n<p>Entre otros, dejaron sus testimonios Fito P\u00e1ez, Guillermo Vadal\u00e1, Ricardo Mollo, Machi, David Leb\u00f3n, Rodolfo Garc\u00eda, Juanse, el Mono Fontana, Claudio Cardone, Carlos Cutaia, Gustavo Spinetta y sigue la lista.<\/p>\n<p>El libro de divide en cada una de las<em><strong> \u201cBandas Eternas\u201d<\/strong><\/em>, como Almendra, Pescado Rabioso e Invisible, y de otros momentos del show, incluyendo a los convidados especiales.<\/p>\n<p><em><strong>LEA TAMBI\u00c9N:\u00a0<\/strong><\/em><\/p>\n<div class=\"video-container\">\n<blockquote class=\"wp-embedded-content\" data-secret=\"k0Qcnxbg1h\"><p><a href=\"http:\/\/cronicasyversiones.com\/?p=21199\">\u201c50 A\u00f1os Rock. 50 bandas argentinas fundamentales\u201d completa su recorrido con el \u00abLado B\u00bb<\/a><\/p><\/blockquote>\n<p><iframe loading=\"lazy\" class=\"wp-embedded-content\" sandbox=\"allow-scripts\" security=\"restricted\" style=\"position: absolute; clip: rect(1px, 1px, 1px, 1px);\" title=\"\u00ab\u201c50 A\u00f1os Rock. 50 bandas argentinas fundamentales\u201d completa su recorrido con el \u00abLado B\u00bb\u00bb \u2014    \" src=\"http:\/\/cronicasyversiones.com\/?p=21199&#038;embed=true#?secret=ngnMZDdhgO#?secret=k0Qcnxbg1h\" data-secret=\"k0Qcnxbg1h\" width=\"600\" height=\"338\" frameborder=\"0\" marginwidth=\"0\" marginheight=\"0\" scrolling=\"no\"><\/iframe><\/div>\n<p><em><strong>\u201cT\u00edcher de luz\u201d<\/strong><\/em>, de <strong>Miguel \u00c1ngel Dente<\/strong> y que tambi\u00e9n incluye a las \u201cBandas Eternas\u201d, es un recorrido de datos y comentarios dispersos sobre la edici\u00f3n de \u00e1lbumes y v\u00eddeos, conciertos, fechas trascendentes, conceptos y opiniones de y acerca de Spinetta.<\/p>\n<p><img loading=\"lazy\" decoding=\"async\" class=\"alignleft wp-image-23755\" src=\"http:\/\/cronicasyversiones.com\/wp-content\/uploads\/2019\/07\/Ticher-de-Luz-tapa-350x380.jpg\" alt=\"\" width=\"264\" height=\"243\" srcset=\"http:\/\/cronicasyversiones.com\/wp-content\/uploads\/2019\/07\/Ticher-de-Luz-tapa-350x380.jpg 380w, http:\/\/cronicasyversiones.com\/wp-content\/uploads\/2019\/07\/Ticher-de-Luz-tapa-350x380-300x276.jpg 300w\" sizes=\"auto, (max-width: 264px) 100vw, 264px\" \/>En el libro, tambi\u00e9n de Disconario, el autor se detiene en cada uno de los discos del Flaco, incluyendo los de sus respectivas bandas y las incursiones solistas.<\/p>\n<p>En cada uno de estos \u00e1lbumes, se detallan fechas, datos precisos, m\u00fasicos participantes y hasta algunos detalles, incluso esos que sorprender\u00e1n al spinetteano bien dateado.<\/p>\n<p>Tambi\u00e9n hay un interesante recorrido por archivos period\u00edsticos, de los libros publicados anteriormente y sobre los testimonios que dej\u00f3 el Flaco en las m\u00faltiples entrevistas que concedi\u00f3 en sus m\u00e1s de cuatro d\u00e9cadas de trayectoria.<\/p>\n<p>El libro tambi\u00e9n se nutre y se ilustra con fotos, portadas de \u00e1lbumes, afiches de conciertos y tapas de viejas revistas, con el Flaco como protagonista.<\/p>\n<p>El libro, que parte de la admiraci\u00f3n del autor por la obra del m\u00fasico, tambi\u00e9n cuenta con testimonios valiosos, que incluyen las palabras de Gustavo Cerati, Fito P\u00e1ez y Pedro Aznar, entre otros.<\/p>\n<p>\u201c<em><strong>T\u00edcher de luz\u201d<\/strong><\/em> y <em><strong>\u201cEl concierto del aire\u201d,<\/strong> <\/em>el bonus track, completan una gu\u00eda imprescindible de la obra, y tambi\u00e9n de la vida, de Luis Alberto Spinetta.<\/p>\n<div style=\"padding-bottom:20px; padding-top:10px;\" class=\"hupso-share-buttons\"><!-- Hupso Share Buttons - https:\/\/www.hupso.com\/share\/ --><a class=\"hupso_counters\" href=\"https:\/\/www.hupso.com\/share\/\"><img decoding=\"async\" src=\"http:\/\/static.hupso.com\/share\/buttons\/lang\/es\/share-small.png\" style=\"border:0px; padding-top:2px; float:left;\" alt=\"Share Button\"\/><\/a><script type=\"text\/javascript\">var hupso_services_c=new Array(\"twitter\",\"facebook_like\",\"google\");var hupso_counters_lang = \"es_LA\";var hupso_image_folder_url = \"\";var hupso_twitter_via=\"crsyvrs\";var hupso_url_c=\"\";<\/script><script type=\"text\/javascript\" src=\"http:\/\/static.hupso.com\/share\/js\/counters.js\"><\/script><!-- Hupso Share Buttons --><\/div> ","protected":false},"excerpt":{"rendered":"<div style=\"padding-bottom:20px; padding-top:10px;\" class=\"hupso-share-buttons\"><!-- Hupso Share Buttons - https:\/\/www.hupso.com\/share\/ --><a class=\"hupso_counters\" href=\"https:\/\/www.hupso.com\/share\/\"><img src=\"http:\/\/static.hupso.com\/share\/buttons\/lang\/es\/share-small.png\" style=\"border:0px; padding-top:2px; float:left;\" alt=\"Share Button\"\/><\/a><script type=\"text\/javascript\">var hupso_services_c=new Array(\"twitter\",\"facebook_like\",\"google\");var hupso_counters_lang = \"es_LA\";var hupso_image_folder_url = \"\";var hupso_twitter_via=\"crsyvrs\";var hupso_url_c=\"\";<\/script><script type=\"text\/javascript\" src=\"http:\/\/static.hupso.com\/share\/js\/counters.js\"><\/script><!-- Hupso Share Buttons --><\/div><p>Por Edgardo Solano El primero recorre al concierto de las \u00abBandas Eternas\u00bb y funciona como una bonus track de su predecesor, donde se repasa toda la discograf\u00eda del Flaco. El 4 de diciembre de 2009, hace casi una d\u00e9cada,&#46;&#46;&#46;<\/p>\n<div style=\"padding-bottom:20px; padding-top:10px;\" class=\"hupso-share-buttons\"><!-- Hupso Share Buttons - https:\/\/www.hupso.com\/share\/ --><a class=\"hupso_counters\" href=\"https:\/\/www.hupso.com\/share\/\"><img src=\"http:\/\/static.hupso.com\/share\/buttons\/lang\/es\/share-small.png\" style=\"border:0px; padding-top:2px; float:left;\" alt=\"Share Button\"\/><\/a><script type=\"text\/javascript\">var hupso_services_c=new Array(\"twitter\",\"facebook_like\",\"google\");var hupso_counters_lang = \"es_LA\";var hupso_image_folder_url = \"\";var hupso_twitter_via=\"crsyvrs\";var hupso_url_c=\"\";<\/script><script type=\"text\/javascript\" src=\"http:\/\/static.hupso.com\/share\/js\/counters.js\"><\/script><!-- Hupso Share Buttons --><\/div>","protected":false},"author":5,"featured_media":23754,"comment_status":"open","ping_status":"closed","sticky":false,"template":"","format":"standard","meta":{"footnotes":""},"categories":[7,3,3944],"tags":[47,7266],"class_list":["post-23753","post","type-post","status-publish","format-standard","has-post-thumbnail","hentry","category-literatura","category-musica","category-spinettario","tag-luis-alberto-spinetta","tag-miguel-angel-dente"],"_links":{"self":[{"href":"http:\/\/cronicasyversiones.com\/index.php?rest_route=\/wp\/v2\/posts\/23753","targetHints":{"allow":["GET"]}}],"collection":[{"href":"http:\/\/cronicasyversiones.com\/index.php?rest_route=\/wp\/v2\/posts"}],"about":[{"href":"http:\/\/cronicasyversiones.com\/index.php?rest_route=\/wp\/v2\/types\/post"}],"author":[{"embeddable":true,"href":"http:\/\/cronicasyversiones.com\/index.php?rest_route=\/wp\/v2\/users\/5"}],"replies":[{"embeddable":true,"href":"http:\/\/cronicasyversiones.com\/index.php?rest_route=%2Fwp%2Fv2%2Fcomments&post=23753"}],"version-history":[{"count":0,"href":"http:\/\/cronicasyversiones.com\/index.php?rest_route=\/wp\/v2\/posts\/23753\/revisions"}],"wp:featuredmedia":[{"embeddable":true,"href":"http:\/\/cronicasyversiones.com\/index.php?rest_route=\/wp\/v2\/media\/23754"}],"wp:attachment":[{"href":"http:\/\/cronicasyversiones.com\/index.php?rest_route=%2Fwp%2Fv2%2Fmedia&parent=23753"}],"wp:term":[{"taxonomy":"category","embeddable":true,"href":"http:\/\/cronicasyversiones.com\/index.php?rest_route=%2Fwp%2Fv2%2Fcategories&post=23753"},{"taxonomy":"post_tag","embeddable":true,"href":"http:\/\/cronicasyversiones.com\/index.php?rest_route=%2Fwp%2Fv2%2Ftags&post=23753"}],"curies":[{"name":"wp","href":"https:\/\/api.w.org\/{rel}","templated":true}]}}