{"id":2380,"date":"2014-06-16T08:16:22","date_gmt":"2014-06-16T11:16:22","guid":{"rendered":"http:\/\/cronicasyversiones.com\/?p=2380"},"modified":"2014-09-10T10:33:43","modified_gmt":"2014-09-10T13:33:43","slug":"la-nbc-prepara-una-serie-sobre-los-beatles","status":"publish","type":"post","link":"http:\/\/cronicasyversiones.com\/?p=2380","title":{"rendered":"La NBC prepara una serie sobre Los Beatles"},"content":{"rendered":"<div style=\"padding-bottom:20px; padding-top:10px;\" class=\"hupso-share-buttons\"><!-- Hupso Share Buttons - https:\/\/www.hupso.com\/share\/ --><a class=\"hupso_counters\" href=\"https:\/\/www.hupso.com\/share\/\"><img decoding=\"async\" src=\"http:\/\/static.hupso.com\/share\/buttons\/lang\/es\/share-small.png\" style=\"border:0px; padding-top:2px; float:left;\" alt=\"Share Button\"\/><\/a><script type=\"text\/javascript\">var hupso_services_c=new Array(\"twitter\",\"facebook_like\",\"google\");var hupso_counters_lang = \"es_LA\";var hupso_image_folder_url = \"\";var hupso_twitter_via=\"crsyvrs\";var hupso_url_c=\"\";<\/script><script type=\"text\/javascript\" src=\"http:\/\/static.hupso.com\/share\/js\/counters.js\"><\/script><!-- Hupso Share Buttons --><\/div><h2 style=\"text-align: justify;\">La cadena anunci\u00f3 que pondr\u00e1 al aire una miniserie de ocho cap\u00edtulos sobre la historia de los Fab Four. No est\u00e1n confirmados los actores que encarnar\u00e1n a John, Paul, George y Ringo.<\/h2>\n<p style=\"text-align: justify;\"><a href=\"http:\/\/cronicasyversiones.com\/wp-content\/uploads\/2014\/06\/The-Beatles-.jpg\"><img loading=\"lazy\" decoding=\"async\" class=\"size-large wp-image-2381 aligncenter\" src=\"http:\/\/cronicasyversiones.com\/wp-content\/uploads\/2014\/06\/The-Beatles--1024x661.jpg\" alt=\"The-Beatles-\" width=\"610\" height=\"393\" srcset=\"http:\/\/cronicasyversiones.com\/wp-content\/uploads\/2014\/06\/The-Beatles--1024x661.jpg 1024w, http:\/\/cronicasyversiones.com\/wp-content\/uploads\/2014\/06\/The-Beatles--300x193.jpg 300w, http:\/\/cronicasyversiones.com\/wp-content\/uploads\/2014\/06\/The-Beatles-.jpg 1420w\" sizes=\"auto, (max-width: 610px) 100vw, 610px\" \/><\/a>La cadena de televisi\u00f3n estadounidense <strong>NBC<\/strong> anunci\u00f3 que pondr\u00e1 en pantalla una miniserie de ocho cap\u00edtulos basada en la historia de <strong>Los Beatles<\/strong>.<\/p>\n<p style=\"text-align: justify;\">A pesar de que el proyecto ya est\u00e1 encaminado, a\u00fan se desconoce quienes ser\u00e1n los actores que se pondr\u00e1n en la piel de <strong>John Lennon, Paul McCartney, George Harrison y Ringo Starr.<\/strong><\/p>\n<p style=\"text-align: justify;\">La entrega, escrita por el creador de <strong>\u201cThe Tudors\u201d<\/strong>, Michael Hirst, se encuentra en su primera parte de desarrollo, y contar\u00e1 adem\u00e1s con la participaci\u00f3n de los productores Ben Silverman y Teri Weinberg, que trabajaron con <em><strong>\u201cHirs\u201d<\/strong><\/em>, entre otras ficciones televisivas.<\/p>\n<p style=\"text-align: justify;\">Hirst, quien adem\u00e1s es el guionista de la serie <em><strong>\u201cVikingos\u201d<\/strong><\/em> emitida por History Channel, encabezar\u00e1 el proyecto que forma parte de las nuevas iniciativas de NBC en programaci\u00f3n, las que incluyen espacios como \u201cThe Sound of Music\u201d y la miniseries <em><strong>\u201cRosemary&#8217;s Baby\u201d<\/strong><\/em>, basada en la pel\u00edcula \u201cEl beb\u00e9 de Rosemary\u201d.<\/p>\n<p style=\"text-align: justify;\">Existieron pocos proyectos que intenten llevar a la pantalla chica la historia del cuarteto de Liverpool. Entre ellos destacan<em><strong> \u201cNowhere Boy\u201d<\/strong><\/em> (2009), que retrat\u00f3 los primeros a\u00f1os de Lennon. A ella se suma la pel\u00edcula <em><strong>\u201cEl quinto Beatle\u201d<\/strong><\/em>, basada en la historia del gestor de la banda, el manager<strong> Brian Epstein<\/strong>, y que actualmente se encuentra en producci\u00f3n.<\/p>\n<p style=\"text-align: justify;\">\n<div style=\"padding-bottom:20px; padding-top:10px;\" class=\"hupso-share-buttons\"><!-- Hupso Share Buttons - https:\/\/www.hupso.com\/share\/ --><a class=\"hupso_counters\" href=\"https:\/\/www.hupso.com\/share\/\"><img decoding=\"async\" src=\"http:\/\/static.hupso.com\/share\/buttons\/lang\/es\/share-small.png\" style=\"border:0px; padding-top:2px; float:left;\" alt=\"Share Button\"\/><\/a><script type=\"text\/javascript\">var hupso_services_c=new Array(\"twitter\",\"facebook_like\",\"google\");var hupso_counters_lang = \"es_LA\";var hupso_image_folder_url = \"\";var hupso_twitter_via=\"crsyvrs\";var hupso_url_c=\"\";<\/script><script type=\"text\/javascript\" src=\"http:\/\/static.hupso.com\/share\/js\/counters.js\"><\/script><!-- Hupso Share Buttons --><\/div> ","protected":false},"excerpt":{"rendered":"<div style=\"padding-bottom:20px; padding-top:10px;\" class=\"hupso-share-buttons\"><!-- Hupso Share Buttons - https:\/\/www.hupso.com\/share\/ --><a class=\"hupso_counters\" href=\"https:\/\/www.hupso.com\/share\/\"><img src=\"http:\/\/static.hupso.com\/share\/buttons\/lang\/es\/share-small.png\" style=\"border:0px; padding-top:2px; float:left;\" alt=\"Share Button\"\/><\/a><script type=\"text\/javascript\">var hupso_services_c=new Array(\"twitter\",\"facebook_like\",\"google\");var hupso_counters_lang = \"es_LA\";var hupso_image_folder_url = \"\";var hupso_twitter_via=\"crsyvrs\";var hupso_url_c=\"\";<\/script><script type=\"text\/javascript\" src=\"http:\/\/static.hupso.com\/share\/js\/counters.js\"><\/script><!-- Hupso Share Buttons --><\/div><p>La cadena anunci\u00f3 que pondr\u00e1 al aire una miniserie de ocho cap\u00edtulos sobre la historia de los Fab Four. No est\u00e1n confirmados los actores que encarnar\u00e1n a John, Paul, George y Ringo. La cadena de televisi\u00f3n estadounidense NBC anunci\u00f3&#46;&#46;&#46;<\/p>\n<div style=\"padding-bottom:20px; padding-top:10px;\" class=\"hupso-share-buttons\"><!-- Hupso Share Buttons - https:\/\/www.hupso.com\/share\/ --><a class=\"hupso_counters\" href=\"https:\/\/www.hupso.com\/share\/\"><img src=\"http:\/\/static.hupso.com\/share\/buttons\/lang\/es\/share-small.png\" style=\"border:0px; padding-top:2px; float:left;\" alt=\"Share Button\"\/><\/a><script type=\"text\/javascript\">var hupso_services_c=new Array(\"twitter\",\"facebook_like\",\"google\");var hupso_counters_lang = \"es_LA\";var hupso_image_folder_url = \"\";var hupso_twitter_via=\"crsyvrs\";var hupso_url_c=\"\";<\/script><script type=\"text\/javascript\" src=\"http:\/\/static.hupso.com\/share\/js\/counters.js\"><\/script><!-- Hupso Share Buttons --><\/div>","protected":false},"author":5,"featured_media":0,"comment_status":"open","ping_status":"open","sticky":false,"template":"","format":"standard","meta":{"footnotes":""},"categories":[6,2778],"tags":[1904,194,193,40,1903,192,195],"class_list":["post-2380","post","type-post","status-publish","format-standard","hentry","category-radio-y-tv","category-rincon-beatle","tag-brian-epstein","tag-george-harrison","tag-john-lennon","tag-los-beatles","tag-nbc","tag-paul-mccartney","tag-ringo-starr"],"_links":{"self":[{"href":"http:\/\/cronicasyversiones.com\/index.php?rest_route=\/wp\/v2\/posts\/2380","targetHints":{"allow":["GET"]}}],"collection":[{"href":"http:\/\/cronicasyversiones.com\/index.php?rest_route=\/wp\/v2\/posts"}],"about":[{"href":"http:\/\/cronicasyversiones.com\/index.php?rest_route=\/wp\/v2\/types\/post"}],"author":[{"embeddable":true,"href":"http:\/\/cronicasyversiones.com\/index.php?rest_route=\/wp\/v2\/users\/5"}],"replies":[{"embeddable":true,"href":"http:\/\/cronicasyversiones.com\/index.php?rest_route=%2Fwp%2Fv2%2Fcomments&post=2380"}],"version-history":[{"count":0,"href":"http:\/\/cronicasyversiones.com\/index.php?rest_route=\/wp\/v2\/posts\/2380\/revisions"}],"wp:attachment":[{"href":"http:\/\/cronicasyversiones.com\/index.php?rest_route=%2Fwp%2Fv2%2Fmedia&parent=2380"}],"wp:term":[{"taxonomy":"category","embeddable":true,"href":"http:\/\/cronicasyversiones.com\/index.php?rest_route=%2Fwp%2Fv2%2Fcategories&post=2380"},{"taxonomy":"post_tag","embeddable":true,"href":"http:\/\/cronicasyversiones.com\/index.php?rest_route=%2Fwp%2Fv2%2Ftags&post=2380"}],"curies":[{"name":"wp","href":"https:\/\/api.w.org\/{rel}","templated":true}]}}