{"id":2393,"date":"2014-06-17T13:53:10","date_gmt":"2014-06-17T16:53:10","guid":{"rendered":"http:\/\/cronicasyversiones.com\/?p=2393"},"modified":"2014-06-17T13:53:10","modified_gmt":"2014-06-17T16:53:10","slug":"argentina-lisergica-continua-en-el-museo-de-arte-moderno","status":"publish","type":"post","link":"http:\/\/cronicasyversiones.com\/?p=2393","title":{"rendered":"\u201cArgentina Lis\u00e9rgica\u201d contin\u00faa en el Museo de Arte Moderno"},"content":{"rendered":"<div style=\"padding-bottom:20px; padding-top:10px;\" class=\"hupso-share-buttons\"><!-- Hupso Share Buttons - https:\/\/www.hupso.com\/share\/ --><a class=\"hupso_counters\" href=\"https:\/\/www.hupso.com\/share\/\"><img decoding=\"async\" src=\"http:\/\/static.hupso.com\/share\/buttons\/lang\/es\/share-small.png\" style=\"border:0px; padding-top:2px; float:left;\" alt=\"Share Button\"\/><\/a><script type=\"text\/javascript\">var hupso_services_c=new Array(\"twitter\",\"facebook_like\",\"google\");var hupso_counters_lang = \"es_LA\";var hupso_image_folder_url = \"\";var hupso_twitter_via=\"crsyvrs\";var hupso_url_c=\"\";<\/script><script type=\"text\/javascript\" src=\"http:\/\/static.hupso.com\/share\/js\/counters.js\"><\/script><!-- Hupso Share Buttons --><\/div><h2 style=\"text-align: justify;\">La muestra, que se basa en la afirmaci\u00f3n de que existe una Psicodelia Nacional y propone un viaje hacia la iconograf\u00eda y los escenarios art\u00edsticos de otro tiempo, seguir\u00e1 hasta marzo de 2015.<\/h2>\n<p style=\"text-align: justify;\"><a href=\"http:\/\/cronicasyversiones.com\/wp-content\/uploads\/2014\/06\/lisergica2.jpg\"><img loading=\"lazy\" decoding=\"async\" class=\"size-large wp-image-2394 aligncenter\" src=\"http:\/\/cronicasyversiones.com\/wp-content\/uploads\/2014\/06\/lisergica2-1024x704.jpg\" alt=\"lisergica2\" width=\"610\" height=\"419\" srcset=\"http:\/\/cronicasyversiones.com\/wp-content\/uploads\/2014\/06\/lisergica2-1024x704.jpg 1024w, http:\/\/cronicasyversiones.com\/wp-content\/uploads\/2014\/06\/lisergica2-300x206.jpg 300w, http:\/\/cronicasyversiones.com\/wp-content\/uploads\/2014\/06\/lisergica2.jpg 1122w\" sizes=\"auto, (max-width: 610px) 100vw, 610px\" \/><\/a>La muestra <em><strong>\u00abArgentina Lis\u00e9rgica. Visiones Psicod\u00e9licas en la Colecci\u00f3n del Museo de Arte Moderno\u00bb<\/strong><\/em> se extender\u00e1 hasta el 1 de marzo de 2015, seg\u00fan informaron desde el <strong>Museo de Arte Moderno de Buenos Aires. <\/strong><\/p>\n<p>Adem\u00e1s, se\u00f1alaron a trav\u00e9s de un comunicado, se renovar\u00e1 a trav\u00e9s de distintas propuestas que imprimir\u00e1n un <strong>nuevo dinamismo a una exposici\u00f3n<\/strong> que tuvo gran repercusi\u00f3n y una gran concurrencia del p\u00fablico desde su apertura.<\/p>\n<p style=\"text-align: justify;\"><em><strong>\u00abArgentina Lis\u00e9rgica\u00bb<\/strong> <\/em>se basa en la afirmaci\u00f3n de que existe una <strong>Psicodelia Nacional<\/strong> y propone un viaje hacia la iconograf\u00eda y los escenarios art\u00edsticos de otro tiempo.<\/p>\n<p style=\"text-align: justify;\">Este periplo va entre el <strong>pop extremado de los desbordados \u201860 y los tempranos e intensificados 70,<\/strong> haciendo especial \u00e9nfasis en sus nutrientes (el surrealismo criollo, la geometr\u00eda blanda, el arte cin\u00e9tico y lum\u00ednico local, las omnipresentes vanguardias internacionales) y en sus efectos posteriores.<\/p>\n<p style=\"text-align: justify;\"><strong>Dise\u00f1o gr\u00e1fico, pintura, collage, cine experimental, escultura,<\/strong> fotograf\u00eda, grabado, objetos, dise\u00f1o industrial, todos los formatos que conforman la colecci\u00f3n del Museo est\u00e1n representados en la exhibici\u00f3n.<\/p>\n<p style=\"text-align: justify;\">Con la decisi\u00f3n de extender la permanencia de la muestra, se cambiar\u00e1n algunas de las obras exhibidas permitiendo al p\u00fablico, que vuelva a visitarla, seguir ampliando su mirada sobre el importante, numeroso y variado patrimonio del museo.<\/p>\n<p style=\"text-align: justify;\">Habr\u00e1 eventos de m\u00fasica, charlas con protagonistas de la \u00e9poca y proyecciones, que expandir\u00e1n los sentidos de la exposici\u00f3n, en el museo ubicado en la <strong>Avenida San Juan 350<\/strong>, abierto de martes a viernes de 11 a 19 y los s\u00e1bados, domingos y feriados de 11 a 20.<\/p>\n<p>&nbsp;<\/p>\n<div style=\"padding-bottom:20px; padding-top:10px;\" class=\"hupso-share-buttons\"><!-- Hupso Share Buttons - https:\/\/www.hupso.com\/share\/ --><a class=\"hupso_counters\" href=\"https:\/\/www.hupso.com\/share\/\"><img decoding=\"async\" src=\"http:\/\/static.hupso.com\/share\/buttons\/lang\/es\/share-small.png\" style=\"border:0px; padding-top:2px; float:left;\" alt=\"Share Button\"\/><\/a><script type=\"text\/javascript\">var hupso_services_c=new Array(\"twitter\",\"facebook_like\",\"google\");var hupso_counters_lang = \"es_LA\";var hupso_image_folder_url = \"\";var hupso_twitter_via=\"crsyvrs\";var hupso_url_c=\"\";<\/script><script type=\"text\/javascript\" src=\"http:\/\/static.hupso.com\/share\/js\/counters.js\"><\/script><!-- Hupso Share Buttons --><\/div> ","protected":false},"excerpt":{"rendered":"<div style=\"padding-bottom:20px; padding-top:10px;\" class=\"hupso-share-buttons\"><!-- Hupso Share Buttons - https:\/\/www.hupso.com\/share\/ --><a class=\"hupso_counters\" href=\"https:\/\/www.hupso.com\/share\/\"><img src=\"http:\/\/static.hupso.com\/share\/buttons\/lang\/es\/share-small.png\" style=\"border:0px; padding-top:2px; float:left;\" alt=\"Share Button\"\/><\/a><script type=\"text\/javascript\">var hupso_services_c=new Array(\"twitter\",\"facebook_like\",\"google\");var hupso_counters_lang = \"es_LA\";var hupso_image_folder_url = \"\";var hupso_twitter_via=\"crsyvrs\";var hupso_url_c=\"\";<\/script><script type=\"text\/javascript\" src=\"http:\/\/static.hupso.com\/share\/js\/counters.js\"><\/script><!-- Hupso Share Buttons --><\/div><p>La muestra, que se basa en la afirmaci\u00f3n de que existe una Psicodelia Nacional y propone un viaje hacia la iconograf\u00eda y los escenarios art\u00edsticos de otro tiempo, seguir\u00e1 hasta marzo de 2015. La muestra \u00abArgentina Lis\u00e9rgica. Visiones Psicod\u00e9licas&#46;&#46;&#46;<\/p>\n<div style=\"padding-bottom:20px; padding-top:10px;\" class=\"hupso-share-buttons\"><!-- Hupso Share Buttons - https:\/\/www.hupso.com\/share\/ --><a class=\"hupso_counters\" href=\"https:\/\/www.hupso.com\/share\/\"><img src=\"http:\/\/static.hupso.com\/share\/buttons\/lang\/es\/share-small.png\" style=\"border:0px; padding-top:2px; float:left;\" alt=\"Share Button\"\/><\/a><script type=\"text\/javascript\">var hupso_services_c=new Array(\"twitter\",\"facebook_like\",\"google\");var hupso_counters_lang = \"es_LA\";var hupso_image_folder_url = \"\";var hupso_twitter_via=\"crsyvrs\";var hupso_url_c=\"\";<\/script><script type=\"text\/javascript\" src=\"http:\/\/static.hupso.com\/share\/js\/counters.js\"><\/script><!-- Hupso Share Buttons --><\/div>","protected":false},"author":5,"featured_media":0,"comment_status":"open","ping_status":"open","sticky":false,"template":"","format":"standard","meta":{"footnotes":""},"categories":[8],"tags":[1917,1916,1919,1920,1918],"class_list":["post-2393","post","type-post","status-publish","format-standard","hentry","category-artes-plasticas","tag-argentina-lisergica","tag-argentina-lisergica-visiones-psicodelicas-en-la-coleccion-del-museo-de-arte-moderno","tag-arte-pop","tag-museo-de-arte-moderno-de-buenos-aires","tag-psicodelia"],"_links":{"self":[{"href":"http:\/\/cronicasyversiones.com\/index.php?rest_route=\/wp\/v2\/posts\/2393","targetHints":{"allow":["GET"]}}],"collection":[{"href":"http:\/\/cronicasyversiones.com\/index.php?rest_route=\/wp\/v2\/posts"}],"about":[{"href":"http:\/\/cronicasyversiones.com\/index.php?rest_route=\/wp\/v2\/types\/post"}],"author":[{"embeddable":true,"href":"http:\/\/cronicasyversiones.com\/index.php?rest_route=\/wp\/v2\/users\/5"}],"replies":[{"embeddable":true,"href":"http:\/\/cronicasyversiones.com\/index.php?rest_route=%2Fwp%2Fv2%2Fcomments&post=2393"}],"version-history":[{"count":0,"href":"http:\/\/cronicasyversiones.com\/index.php?rest_route=\/wp\/v2\/posts\/2393\/revisions"}],"wp:attachment":[{"href":"http:\/\/cronicasyversiones.com\/index.php?rest_route=%2Fwp%2Fv2%2Fmedia&parent=2393"}],"wp:term":[{"taxonomy":"category","embeddable":true,"href":"http:\/\/cronicasyversiones.com\/index.php?rest_route=%2Fwp%2Fv2%2Fcategories&post=2393"},{"taxonomy":"post_tag","embeddable":true,"href":"http:\/\/cronicasyversiones.com\/index.php?rest_route=%2Fwp%2Fv2%2Ftags&post=2393"}],"curies":[{"name":"wp","href":"https:\/\/api.w.org\/{rel}","templated":true}]}}