{"id":23977,"date":"2019-08-05T18:09:30","date_gmt":"2019-08-05T21:09:30","guid":{"rendered":"http:\/\/cronicasyversiones.com\/?p=23977"},"modified":"2019-08-05T18:09:30","modified_gmt":"2019-08-05T21:09:30","slug":"la-unica-visita-de-albert-camus-a-buenos-aires-en-una-muestra","status":"publish","type":"post","link":"http:\/\/cronicasyversiones.com\/?p=23977","title":{"rendered":"La \u00fanica visita de Albert Camus a Buenos Aires, en una muestra"},"content":{"rendered":"<div style=\"padding-bottom:20px; padding-top:10px;\" class=\"hupso-share-buttons\"><!-- Hupso Share Buttons - https:\/\/www.hupso.com\/share\/ --><a class=\"hupso_counters\" href=\"https:\/\/www.hupso.com\/share\/\"><img decoding=\"async\" src=\"http:\/\/static.hupso.com\/share\/buttons\/lang\/es\/share-small.png\" style=\"border:0px; padding-top:2px; float:left;\" alt=\"Share Button\"\/><\/a><script type=\"text\/javascript\">var hupso_services_c=new Array(\"twitter\",\"facebook_like\",\"google\");var hupso_counters_lang = \"es_LA\";var hupso_image_folder_url = \"\";var hupso_twitter_via=\"crsyvrs\";var hupso_url_c=\"\";<\/script><script type=\"text\/javascript\" src=\"http:\/\/static.hupso.com\/share\/js\/counters.js\"><\/script><!-- Hupso Share Buttons --><\/div><h2>Se trata de una semana de actividades gratuitas en varios espacios en torno a la obra del novelista, dramaturgo y fil\u00f3sofo franc\u00e9s.<\/h2>\n<p><img loading=\"lazy\" decoding=\"async\" class=\" wp-image-23978 aligncenter\" src=\"http:\/\/cronicasyversiones.com\/wp-content\/uploads\/2019\/08\/camus-1024x576.jpg\" alt=\"\" width=\"816\" height=\"459\" srcset=\"http:\/\/cronicasyversiones.com\/wp-content\/uploads\/2019\/08\/camus-1024x576.jpg 1024w, http:\/\/cronicasyversiones.com\/wp-content\/uploads\/2019\/08\/camus-300x169.jpg 300w, http:\/\/cronicasyversiones.com\/wp-content\/uploads\/2019\/08\/camus-768x432.jpg 768w, http:\/\/cronicasyversiones.com\/wp-content\/uploads\/2019\/08\/camus.jpg 1920w\" sizes=\"auto, (max-width: 816px) 100vw, 816px\" \/><\/p>\n<p><em><strong>\u00abAlbert Camus, un extranjero en Buenos Aires\u201d<\/strong><\/em> da t\u00edtulo a la semana de actividades gratuitas en torno a la obra del novelista, dramaturgo y fil\u00f3sofo franc\u00e9s ganador del Nobel 1957, que, a 70 a\u00f1os de su \u00fanico viaje a Buenos Aires, se realizar\u00e1 del 12 al 17 de agosto en la <strong>Biblioteca Nacional, Villa Ocampo y el Museo de Arte Latinoamericano de Buenos Aires (Malba).<\/strong><\/p>\n<p>Lecturas, presentaciones, pel\u00edculas, mesas de di\u00e1logo, conferencias y una gran exposici\u00f3n sobre su vida dar\u00e1n forma a las actividades en a obras magistrales como <em><strong>\u201cEl extranjero\u201d<\/strong><\/em> (1942), <strong>\u201cLa peste\u201d<\/strong> (1947), <em><strong>\u201cEl malentendido\u201d<\/strong> <\/em>(1944) y <em><strong>\u201cEl mito de S\u00edsifo\u201d<\/strong><\/em> (1942), organizadas por las instituciones que funcionar\u00e1n como sedes junto a Fundaci\u00f3n Sur, la Embajada de Francia y Sucesi\u00f3n Camus.<\/p>\n<p>La obra de Camus, traducida por Victoria Ocampo, Julio Cort\u00e1zar y Aurora Bern\u00e1rdez, circul\u00f3 en Argentina desde la segunda mitad de la d\u00e9cada del 40, gracias a las ediciones de la revista Sur.<\/p>\n<p>En este marco, la Biblioteca Nacional expondr\u00e1 un voluminoso material que contextualiza su relaci\u00f3n con Argentina, como el manuscrito original de \u201cLa peste\u201d, excepcional pr\u00e9stamo de la Biblioteca Nacional de Francia, primeras ediciones, libros dedicados, correspondencia, traducciones, revistas, adaptaciones, cr\u00edticas y fotograf\u00edas.<\/p>\n<p>A esto se sumar\u00e1 la muestra ?Tres interpretaciones ilustradas de &#8216;El extranjero\u201d en la Plaza del Lector Rayuela, avenida Las Heras 2505, donde los artistas Jacques Ferrandez, Juli\u00e1n Aron y Jos\u00e9 M\u00fa\u00f1oz proponen tres visiones del Meursault de Camus, protagonizando algunas escenas fundamentales de la primera parte de la novela.<\/p>\n<p><em><strong>LEA TAMBI\u00c9N:<\/strong> <\/em><\/p>\n<div class=\"video-container\">\n<blockquote class=\"wp-embedded-content\" data-secret=\"SCUgYBxvTa\"><p><a href=\"http:\/\/cronicasyversiones.com\/?p=23865\">Lanzaron el Premio Futurock de Novela 2019<\/a><\/p><\/blockquote>\n<p><iframe loading=\"lazy\" class=\"wp-embedded-content\" sandbox=\"allow-scripts\" security=\"restricted\" style=\"position: absolute; clip: rect(1px, 1px, 1px, 1px);\" title=\"\u00abLanzaron el Premio Futurock de Novela 2019\u00bb \u2014    \" src=\"http:\/\/cronicasyversiones.com\/?p=23865&#038;embed=true#?secret=wnEWFqaQJP#?secret=SCUgYBxvTa\" data-secret=\"SCUgYBxvTa\" width=\"600\" height=\"338\" frameborder=\"0\" marginwidth=\"0\" marginheight=\"0\" scrolling=\"no\"><\/iframe><\/div>\n<p><strong>Albert Camus<\/strong> fue uno de los m\u00e1s destacados escritores del siglo XX. Ganador del Premio Nobel en 1957, escribi\u00f3 novelas magistrales como<em><strong> \u00abEl extranjero\u00bb<\/strong><\/em> (1942) o <em><strong>\u00abLa peste\u00bb<\/strong> <\/em>(1947), referencias ineludibles de la literatura mundial, pero su obra trascendi\u00f3 los l\u00edmites de la novel\u00edstica: tambi\u00e9n fue dramaturgo, periodista y fil\u00f3sofo.<\/p>\n<p>Su trabajo en la prensa tanto en Argelia como en Francia ?durante la ocupaci\u00f3n nazi?, puso de manifiesto un compromiso pol\u00edtico cabal y permanente. Sin embargo fue un intelectual de izquierdas inc\u00f3modo: en plena Guerra Fr\u00eda, cuestion\u00f3 y denunci\u00f3 los cr\u00edmenes del estalinismo y reflexion\u00f3 negativamente sobre las revoluciones y el ideario comunista en <em><strong>\u00abEl hombre rebelde\u00bb<\/strong><\/em> (1951). De esta forma polemiz\u00f3 con Sartre y con gran parte del arco intelectual franc\u00e9s.<\/p>\n<p>&nbsp;<\/p>\n<div style=\"padding-bottom:20px; padding-top:10px;\" class=\"hupso-share-buttons\"><!-- Hupso Share Buttons - https:\/\/www.hupso.com\/share\/ --><a class=\"hupso_counters\" href=\"https:\/\/www.hupso.com\/share\/\"><img decoding=\"async\" src=\"http:\/\/static.hupso.com\/share\/buttons\/lang\/es\/share-small.png\" style=\"border:0px; padding-top:2px; float:left;\" alt=\"Share Button\"\/><\/a><script type=\"text\/javascript\">var hupso_services_c=new Array(\"twitter\",\"facebook_like\",\"google\");var hupso_counters_lang = \"es_LA\";var hupso_image_folder_url = \"\";var hupso_twitter_via=\"crsyvrs\";var hupso_url_c=\"\";<\/script><script type=\"text\/javascript\" src=\"http:\/\/static.hupso.com\/share\/js\/counters.js\"><\/script><!-- Hupso Share Buttons --><\/div> ","protected":false},"excerpt":{"rendered":"<div style=\"padding-bottom:20px; padding-top:10px;\" class=\"hupso-share-buttons\"><!-- Hupso Share Buttons - https:\/\/www.hupso.com\/share\/ --><a class=\"hupso_counters\" href=\"https:\/\/www.hupso.com\/share\/\"><img src=\"http:\/\/static.hupso.com\/share\/buttons\/lang\/es\/share-small.png\" style=\"border:0px; padding-top:2px; float:left;\" alt=\"Share Button\"\/><\/a><script type=\"text\/javascript\">var hupso_services_c=new Array(\"twitter\",\"facebook_like\",\"google\");var hupso_counters_lang = \"es_LA\";var hupso_image_folder_url = \"\";var hupso_twitter_via=\"crsyvrs\";var hupso_url_c=\"\";<\/script><script type=\"text\/javascript\" src=\"http:\/\/static.hupso.com\/share\/js\/counters.js\"><\/script><!-- Hupso Share Buttons --><\/div><p>Se trata de una semana de actividades gratuitas en varios espacios en torno a la obra del novelista, dramaturgo y fil\u00f3sofo franc\u00e9s. \u00abAlbert Camus, un extranjero en Buenos Aires\u201d da t\u00edtulo a la semana de actividades gratuitas en torno&#46;&#46;&#46;<\/p>\n<div style=\"padding-bottom:20px; padding-top:10px;\" class=\"hupso-share-buttons\"><!-- Hupso Share Buttons - https:\/\/www.hupso.com\/share\/ --><a class=\"hupso_counters\" href=\"https:\/\/www.hupso.com\/share\/\"><img src=\"http:\/\/static.hupso.com\/share\/buttons\/lang\/es\/share-small.png\" style=\"border:0px; padding-top:2px; float:left;\" alt=\"Share Button\"\/><\/a><script type=\"text\/javascript\">var hupso_services_c=new Array(\"twitter\",\"facebook_like\",\"google\");var hupso_counters_lang = \"es_LA\";var hupso_image_folder_url = \"\";var hupso_twitter_via=\"crsyvrs\";var hupso_url_c=\"\";<\/script><script type=\"text\/javascript\" src=\"http:\/\/static.hupso.com\/share\/js\/counters.js\"><\/script><!-- Hupso Share Buttons --><\/div>","protected":false},"author":5,"featured_media":23978,"comment_status":"open","ping_status":"closed","sticky":false,"template":"","format":"standard","meta":{"footnotes":""},"categories":[7],"tags":[8558],"class_list":["post-23977","post","type-post","status-publish","format-standard","has-post-thumbnail","hentry","category-literatura","tag-albert-camus"],"_links":{"self":[{"href":"http:\/\/cronicasyversiones.com\/index.php?rest_route=\/wp\/v2\/posts\/23977","targetHints":{"allow":["GET"]}}],"collection":[{"href":"http:\/\/cronicasyversiones.com\/index.php?rest_route=\/wp\/v2\/posts"}],"about":[{"href":"http:\/\/cronicasyversiones.com\/index.php?rest_route=\/wp\/v2\/types\/post"}],"author":[{"embeddable":true,"href":"http:\/\/cronicasyversiones.com\/index.php?rest_route=\/wp\/v2\/users\/5"}],"replies":[{"embeddable":true,"href":"http:\/\/cronicasyversiones.com\/index.php?rest_route=%2Fwp%2Fv2%2Fcomments&post=23977"}],"version-history":[{"count":0,"href":"http:\/\/cronicasyversiones.com\/index.php?rest_route=\/wp\/v2\/posts\/23977\/revisions"}],"wp:featuredmedia":[{"embeddable":true,"href":"http:\/\/cronicasyversiones.com\/index.php?rest_route=\/wp\/v2\/media\/23978"}],"wp:attachment":[{"href":"http:\/\/cronicasyversiones.com\/index.php?rest_route=%2Fwp%2Fv2%2Fmedia&parent=23977"}],"wp:term":[{"taxonomy":"category","embeddable":true,"href":"http:\/\/cronicasyversiones.com\/index.php?rest_route=%2Fwp%2Fv2%2Fcategories&post=23977"},{"taxonomy":"post_tag","embeddable":true,"href":"http:\/\/cronicasyversiones.com\/index.php?rest_route=%2Fwp%2Fv2%2Ftags&post=23977"}],"curies":[{"name":"wp","href":"https:\/\/api.w.org\/{rel}","templated":true}]}}