{"id":23986,"date":"2019-08-06T11:22:11","date_gmt":"2019-08-06T14:22:11","guid":{"rendered":"http:\/\/cronicasyversiones.com\/?p=23986"},"modified":"2019-08-07T09:57:22","modified_gmt":"2019-08-07T12:57:22","slug":"santiago-molina-presenta-historias-su-nuevo-disco","status":"publish","type":"post","link":"http:\/\/cronicasyversiones.com\/?p=23986","title":{"rendered":"Santiago Molina presenta \u201cHistorias\u201d, su nuevo disco"},"content":{"rendered":"<div style=\"padding-bottom:20px; padding-top:10px;\" class=\"hupso-share-buttons\"><!-- Hupso Share Buttons - https:\/\/www.hupso.com\/share\/ --><a class=\"hupso_counters\" href=\"https:\/\/www.hupso.com\/share\/\"><img decoding=\"async\" src=\"http:\/\/static.hupso.com\/share\/buttons\/lang\/es\/share-small.png\" style=\"border:0px; padding-top:2px; float:left;\" alt=\"Share Button\"\/><\/a><script type=\"text\/javascript\">var hupso_services_c=new Array(\"twitter\",\"facebook_like\",\"google\");var hupso_counters_lang = \"es_LA\";var hupso_image_folder_url = \"\";var hupso_twitter_via=\"crsyvrs\";var hupso_url_c=\"\";<\/script><script type=\"text\/javascript\" src=\"http:\/\/static.hupso.com\/share\/js\/counters.js\"><\/script><!-- Hupso Share Buttons --><\/div><h2>El m\u00fasico acaba de lanzar un EP, un adelanto de su nuevo \u00e1lbum, con un tema propios y con melod\u00edas tradicionales de la m\u00fasica celta con arreglos propios.<\/h2>\n<p><img loading=\"lazy\" decoding=\"async\" class=\"wp-image-24002 aligncenter\" src=\"http:\/\/cronicasyversiones.com\/wp-content\/uploads\/2019\/08\/molina-1024x683.jpg\" alt=\"\" width=\"753\" height=\"502\" srcset=\"http:\/\/cronicasyversiones.com\/wp-content\/uploads\/2019\/08\/molina.jpg 1024w, http:\/\/cronicasyversiones.com\/wp-content\/uploads\/2019\/08\/molina-300x200.jpg 300w, http:\/\/cronicasyversiones.com\/wp-content\/uploads\/2019\/08\/molina-768x512.jpg 768w, http:\/\/cronicasyversiones.com\/wp-content\/uploads\/2019\/08\/molina-480x320.jpg 480w\" sizes=\"auto, (max-width: 753px) 100vw, 753px\" \/><\/p>\n<p><strong>Santiago Molina<\/strong> presenta en sociedad <em><strong>\u201cHistorias\u201d<\/strong><\/em>, su nuevo trabajo discogr\u00e1fico, donde transitar\u00e1 por experiencias y sensaciones a trav\u00e9s de la m\u00fasica celta y las melod\u00edas del mundo.<\/p>\n<p>La cita ser\u00e1 el jueves 5 de septiembre a las 21 en\u00a0<strong>La Casa del \u00c1rbol,<\/strong> en\u00a0 espacio\u00a0 ubicado en la Avenida C\u00f3rdoba 5217.<\/p>\n<p>Adem\u00e1s de Santiago Molina en flauta Irlandesa, gaita y tin whistles y de <strong>F\u00e9lix Ariel P\u00e9rez<\/strong> en guitarra y bouzouki, se sumar\u00e1n en condici\u00f3n de invitados <strong>Manu Sija<\/strong> en viol\u00edn y voz, <strong>Sergio Ribnikov Gunnarsson<\/strong> en bouzouki Irland\u00e9s y Diego Cuellar en bombo leg\u00fcero.<\/p>\n<p><em><strong>\u00abHistorias\u00bb<\/strong><\/em> es un EP digital, que es un adelanto de su segundo disco que re\u00fane tres canciones que representan al artista de manera personal ya que recorren, de una manera breve e intensa, la trayectoria en la m\u00fasica celta que \u00e9l interpreta hace ya 20 a\u00f1os.<\/p>\n<p><iframe loading=\"lazy\" src=\"https:\/\/www.youtube.com\/embed\/HpcVrynwxYg\" width=\"600\" height=\"350\" frameborder=\"0\" allowfullscreen=\"allowfullscreen\"><span data-mce-type=\"bookmark\" style=\"display: inline-block; width: 0px; overflow: hidden; line-height: 0;\" class=\"mce_SELRES_start\">?<\/span><\/iframe><\/p>\n<p>A lo largo de su repertorio se escuchan m\u00fasicas tradicionales de Galicia e Irlanda (con arreglos de Molina) y una canci\u00f3n\u00a0 de m\u00fasica celta compuesta por el artista.<\/p>\n<p>El EP contiene <em><strong>\u201cPara Ani\u201d<\/strong><\/em>, de Molina, <em><strong>\u201cJigs\u201d<\/strong><\/em>, unos tradicionales irlandeses con arreglos por Santiago Molina, y <em><strong>\u201cMui\u00f1erias\u201d<\/strong><\/em>, unas tradicionales gallegas con erreglos por Santiago y de F\u00e9lix Ariel P\u00e9rez.<\/p>\n<blockquote><p>\u00a0\u201cCada una de las obras de este adelanto cuenta una historia, una an\u00e9cdota y tienen un sentido por el cual est\u00e1n ah\u00ed: es la m\u00fasica que me acompa\u00f1\u00f3 toda la vida; la locaci\u00f3n de uno de los videos que hice para este disco la eleg\u00ed porque me hizo acordar\u00a0 a los cuadros que pintaba uno de mis abuelos y, la melod\u00eda que acompa\u00f1a ese lugar tan especial la compuse especialmente para mi compa\u00f1era de vida, Ani\u201d, dice Santiago.<\/p><\/blockquote>\n<p>Santiago Molina naci\u00f3 en noviembre de 1986 en Buenos Aires. Es m\u00fasico, compositor e int\u00e9rprete multiinstrumentista, ejecutante de gaita gallega, percusi\u00f3n gallega: tambor, bombo, pandereta, tarra\u00f1olas, cunchas, Tin Whistle y flauta irlandesa.<\/p>\n<p>Adem\u00e1s, es profesor de gaita gallega y tin whistle, productor musical y t\u00e9cnico en sonido.<\/p>\n<p><em><strong>LEA TAMBI\u00c9N:\u00a0<\/strong><\/em><\/p>\n<div class=\"video-container\">\n<blockquote class=\"wp-embedded-content\" data-secret=\"zSUS2xsjs7\"><p><a href=\"http:\/\/cronicasyversiones.com\/?p=23948\">SurdelSur ensamble recorre las m\u00fasicas del litoral en Caf\u00e9 Vinilo<\/a><\/p><\/blockquote>\n<p><iframe loading=\"lazy\" class=\"wp-embedded-content\" sandbox=\"allow-scripts\" security=\"restricted\" style=\"position: absolute; clip: rect(1px, 1px, 1px, 1px);\" title=\"\u00abSurdelSur ensamble recorre las m\u00fasicas del litoral en Caf\u00e9 Vinilo\u00bb \u2014    \" src=\"http:\/\/cronicasyversiones.com\/?p=23948&#038;embed=true#?secret=Q8LlbiXL7R#?secret=zSUS2xsjs7\" data-secret=\"zSUS2xsjs7\" width=\"600\" height=\"338\" frameborder=\"0\" marginwidth=\"0\" marginheight=\"0\" scrolling=\"no\"><\/iframe><\/div>\n<p>Desde los 9 a\u00f1os en su escuela primaria estudi\u00f3 incuyo, mose\u00f1o y guitarra. Con 13 a\u00f1os de edad comenz\u00f3 sus estudios de gaita gallega en la ciudad de Buenos Aires y a los 18 a\u00f1os empez\u00f3 a estudiar flauta traversa en el conservatorio Juli\u00e1n Aguirre de Banfield.<\/p>\n<p>Sus comienzos con la m\u00fasica celta se debieron a que en la casa de su abuela paterna, se escuchaba m\u00fasica gallega, mui\u00f1eiras, jotas, pasodobles los domingos y siempre tuvo una especial curiosidad acerca de esos instrumentos y deseaba saber c\u00f3mo se tocaban.<\/p>\n<div style=\"padding-bottom:20px; padding-top:10px;\" class=\"hupso-share-buttons\"><!-- Hupso Share Buttons - https:\/\/www.hupso.com\/share\/ --><a class=\"hupso_counters\" href=\"https:\/\/www.hupso.com\/share\/\"><img decoding=\"async\" src=\"http:\/\/static.hupso.com\/share\/buttons\/lang\/es\/share-small.png\" style=\"border:0px; padding-top:2px; float:left;\" alt=\"Share Button\"\/><\/a><script type=\"text\/javascript\">var hupso_services_c=new Array(\"twitter\",\"facebook_like\",\"google\");var hupso_counters_lang = \"es_LA\";var hupso_image_folder_url = \"\";var hupso_twitter_via=\"crsyvrs\";var hupso_url_c=\"\";<\/script><script type=\"text\/javascript\" src=\"http:\/\/static.hupso.com\/share\/js\/counters.js\"><\/script><!-- Hupso Share Buttons --><\/div> ","protected":false},"excerpt":{"rendered":"<div style=\"padding-bottom:20px; padding-top:10px;\" class=\"hupso-share-buttons\"><!-- Hupso Share Buttons - https:\/\/www.hupso.com\/share\/ --><a class=\"hupso_counters\" href=\"https:\/\/www.hupso.com\/share\/\"><img src=\"http:\/\/static.hupso.com\/share\/buttons\/lang\/es\/share-small.png\" style=\"border:0px; padding-top:2px; float:left;\" alt=\"Share Button\"\/><\/a><script type=\"text\/javascript\">var hupso_services_c=new Array(\"twitter\",\"facebook_like\",\"google\");var hupso_counters_lang = \"es_LA\";var hupso_image_folder_url = \"\";var hupso_twitter_via=\"crsyvrs\";var hupso_url_c=\"\";<\/script><script type=\"text\/javascript\" src=\"http:\/\/static.hupso.com\/share\/js\/counters.js\"><\/script><!-- Hupso Share Buttons --><\/div><p>El m\u00fasico acaba de lanzar un EP, un adelanto de su nuevo \u00e1lbum, con un tema propios y con melod\u00edas tradicionales de la m\u00fasica celta con arreglos propios. Santiago Molina presenta en sociedad \u201cHistorias\u201d, su nuevo trabajo discogr\u00e1fico, donde&#46;&#46;&#46;<\/p>\n<div style=\"padding-bottom:20px; padding-top:10px;\" class=\"hupso-share-buttons\"><!-- Hupso Share Buttons - https:\/\/www.hupso.com\/share\/ --><a class=\"hupso_counters\" href=\"https:\/\/www.hupso.com\/share\/\"><img src=\"http:\/\/static.hupso.com\/share\/buttons\/lang\/es\/share-small.png\" style=\"border:0px; padding-top:2px; float:left;\" alt=\"Share Button\"\/><\/a><script type=\"text\/javascript\">var hupso_services_c=new Array(\"twitter\",\"facebook_like\",\"google\");var hupso_counters_lang = \"es_LA\";var hupso_image_folder_url = \"\";var hupso_twitter_via=\"crsyvrs\";var hupso_url_c=\"\";<\/script><script type=\"text\/javascript\" src=\"http:\/\/static.hupso.com\/share\/js\/counters.js\"><\/script><!-- Hupso Share Buttons --><\/div>","protected":false},"author":5,"featured_media":23987,"comment_status":"open","ping_status":"closed","sticky":false,"template":"","format":"standard","meta":{"footnotes":""},"categories":[3],"tags":[5404,9319],"class_list":["post-23986","post","type-post","status-publish","format-standard","has-post-thumbnail","hentry","category-musica","tag-musica-celta","tag-santiago-molina"],"_links":{"self":[{"href":"http:\/\/cronicasyversiones.com\/index.php?rest_route=\/wp\/v2\/posts\/23986","targetHints":{"allow":["GET"]}}],"collection":[{"href":"http:\/\/cronicasyversiones.com\/index.php?rest_route=\/wp\/v2\/posts"}],"about":[{"href":"http:\/\/cronicasyversiones.com\/index.php?rest_route=\/wp\/v2\/types\/post"}],"author":[{"embeddable":true,"href":"http:\/\/cronicasyversiones.com\/index.php?rest_route=\/wp\/v2\/users\/5"}],"replies":[{"embeddable":true,"href":"http:\/\/cronicasyversiones.com\/index.php?rest_route=%2Fwp%2Fv2%2Fcomments&post=23986"}],"version-history":[{"count":0,"href":"http:\/\/cronicasyversiones.com\/index.php?rest_route=\/wp\/v2\/posts\/23986\/revisions"}],"wp:featuredmedia":[{"embeddable":true,"href":"http:\/\/cronicasyversiones.com\/index.php?rest_route=\/wp\/v2\/media\/23987"}],"wp:attachment":[{"href":"http:\/\/cronicasyversiones.com\/index.php?rest_route=%2Fwp%2Fv2%2Fmedia&parent=23986"}],"wp:term":[{"taxonomy":"category","embeddable":true,"href":"http:\/\/cronicasyversiones.com\/index.php?rest_route=%2Fwp%2Fv2%2Fcategories&post=23986"},{"taxonomy":"post_tag","embeddable":true,"href":"http:\/\/cronicasyversiones.com\/index.php?rest_route=%2Fwp%2Fv2%2Ftags&post=23986"}],"curies":[{"name":"wp","href":"https:\/\/api.w.org\/{rel}","templated":true}]}}