{"id":240,"date":"2013-12-06T19:57:25","date_gmt":"2013-12-06T19:57:25","guid":{"rendered":"http:\/\/cronicasyversiones.com\/?p=240"},"modified":"2013-12-06T19:57:25","modified_gmt":"2013-12-06T19:57:25","slug":"hallan-pinturas-que-podrian-ser-originales-de-fader","status":"publish","type":"post","link":"http:\/\/cronicasyversiones.com\/?p=240","title":{"rendered":"Hallan pinturas que podr\u00edan ser originales de Fader"},"content":{"rendered":"<div style=\"padding-bottom:20px; padding-top:10px;\" class=\"hupso-share-buttons\"><!-- Hupso Share Buttons - https:\/\/www.hupso.com\/share\/ --><a class=\"hupso_counters\" href=\"https:\/\/www.hupso.com\/share\/\"><img decoding=\"async\" src=\"http:\/\/static.hupso.com\/share\/buttons\/lang\/es\/share-small.png\" style=\"border:0px; padding-top:2px; float:left;\" alt=\"Share Button\"\/><\/a><script type=\"text\/javascript\">var hupso_services_c=new Array(\"twitter\",\"facebook_like\",\"google\");var hupso_counters_lang = \"es_LA\";var hupso_image_folder_url = \"\";var hupso_twitter_via=\"crsyvrs\";var hupso_url_c=\"\";<\/script><script type=\"text\/javascript\" src=\"http:\/\/static.hupso.com\/share\/js\/counters.js\"><\/script><!-- Hupso Share Buttons --><\/div><h2 style=\"text-align: justify\">Fueron encontradas en el museo de Bellas Artes Emiliano Gui\u00f1az\u00fa-Casa Fader, mientras se realizaban trabajos de recuperaci\u00f3n. De origen franc\u00e9s, el pintor viaj\u00f3 a Argentina por primera vez con 24 a\u00f1os.<\/h2>\n<p><a href=\"http:\/\/cronicasyversiones.com\/wp-content\/uploads\/2013\/12\/Fader.jpg\"><img loading=\"lazy\" decoding=\"async\" class=\"size-full wp-image-241 aligncenter\" alt=\"Fader\" src=\"http:\/\/cronicasyversiones.com\/wp-content\/uploads\/2013\/12\/Fader.jpg\" width=\"516\" height=\"386\" srcset=\"http:\/\/cronicasyversiones.com\/wp-content\/uploads\/2013\/12\/Fader.jpg 600w, http:\/\/cronicasyversiones.com\/wp-content\/uploads\/2013\/12\/Fader-300x225.jpg 300w\" sizes=\"auto, (max-width: 516px) 100vw, 516px\" \/><\/a><\/p>\n<p style=\"text-align: justify\">\nUna serie de pinturas que podr\u00edan ser originales de <strong>Fernando Fader<\/strong> (1882-1935) fueron halladas en el museo de <strong>Bellas Artes Emiliano Gui\u00f1az\u00fa-Casa Fader<\/strong>, mientras se realizaban trabajos de recuperaci\u00f3n y estudios estructurales a fin de reabrir al p\u00fablico el emblem\u00e1tico edificio.<\/p>\n<p>La ministra de Cultura de Mendoza, <strong>Marizul Ib\u00e1\u00f1ez<\/strong>, remarc\u00f3 que las pinturas se encontraban ocultas en las paredes del museo desde 1951, en tanto calific\u00f3 el hallazgo como un hecho \u201chist\u00f3rico para el patrimonio cultural mendocino\u201d.<\/p>\n<p>Seg\u00fan Ib\u00e1\u00f1ez, el director de Casa Fader,<strong> Gast\u00f3n Alfaro<\/strong>, y el especialista en arte<strong> Enrique Testasecca<\/strong>, coincidieron en destacar que si bien otras personas pueden haber participado en la realizaci\u00f3n de esas pinturas, <strong>\u201cla mano de Fader es indudable\u201d.<\/strong><\/p>\n<p>\u201cAhora resta analizar cient\u00edficamente si se trata del mismo material utilizado en los murales de entrada del museo\u201d, dijo la funcionaria; tras lo cual adelant\u00f3 que \u201cdentro de poco el Museo Fader volver\u00e1 a ser abierto para todos los mendocinos y visitantes, con su variante al aire libre\u201d.<\/p>\n<p>El pintor y dibujante francoargentino Fader naci\u00f3 en Burdeos, Francia, en 1882; curs\u00f3 la primaria en Francia, la secundaria en Alemania y con 16 a\u00f1os ya pintaba \u00f3leos como <em><strong>\u201cEl viejo piojoso\u201d.<\/strong> <\/em><\/p>\n<p>Amante del impresionismo alem\u00e1n y aprendiz de pintura al aire libre -corriente cuyos ejes tem\u00e1ticos eran los animales y la concepci\u00f3n naturalista del paisaje-, <strong>viaj\u00f3 a Argentina por primera vez con 24 a\u00f1os<\/strong>, adonde se instal\u00f3 seis a\u00f1os m\u00e1s tarde.<\/p>\n<p>Entre sus m\u00faltiples retratos, \u00f3leos y acuarelas se destacan <em><strong>\u201cLa mantilla\u2018<\/strong><\/em>; <em><strong>\u201cLa comida de los cerdos\u201d<\/strong><\/em>, ganadora de la Exposici\u00f3n Internacional de California; <em><strong>\u201cLa madre\u201d<\/strong><\/em> y <em><strong>\u201cLa liga azul\u201d<\/strong><\/em> que expuso en el Sal\u00f3n Nacional de 1915; y la serie<em><strong> \u201cLa vida de un d\u00eda\u201d<\/strong><\/em>, ocho telas que muestran un paisaje y sus variantes de luz a lo largo del d\u00eda, pintada en 1917 y que actualmente expone el museo rosarino de Bellas Artes Juan Castagnino.<\/p>\n<div style=\"padding-bottom:20px; padding-top:10px;\" class=\"hupso-share-buttons\"><!-- Hupso Share Buttons - https:\/\/www.hupso.com\/share\/ --><a class=\"hupso_counters\" href=\"https:\/\/www.hupso.com\/share\/\"><img decoding=\"async\" src=\"http:\/\/static.hupso.com\/share\/buttons\/lang\/es\/share-small.png\" style=\"border:0px; padding-top:2px; float:left;\" alt=\"Share Button\"\/><\/a><script type=\"text\/javascript\">var hupso_services_c=new Array(\"twitter\",\"facebook_like\",\"google\");var hupso_counters_lang = \"es_LA\";var hupso_image_folder_url = \"\";var hupso_twitter_via=\"crsyvrs\";var hupso_url_c=\"\";<\/script><script type=\"text\/javascript\" src=\"http:\/\/static.hupso.com\/share\/js\/counters.js\"><\/script><!-- Hupso Share Buttons --><\/div> ","protected":false},"excerpt":{"rendered":"<div style=\"padding-bottom:20px; padding-top:10px;\" class=\"hupso-share-buttons\"><!-- Hupso Share Buttons - https:\/\/www.hupso.com\/share\/ --><a class=\"hupso_counters\" href=\"https:\/\/www.hupso.com\/share\/\"><img src=\"http:\/\/static.hupso.com\/share\/buttons\/lang\/es\/share-small.png\" style=\"border:0px; padding-top:2px; float:left;\" alt=\"Share Button\"\/><\/a><script type=\"text\/javascript\">var hupso_services_c=new Array(\"twitter\",\"facebook_like\",\"google\");var hupso_counters_lang = \"es_LA\";var hupso_image_folder_url = \"\";var hupso_twitter_via=\"crsyvrs\";var hupso_url_c=\"\";<\/script><script type=\"text\/javascript\" src=\"http:\/\/static.hupso.com\/share\/js\/counters.js\"><\/script><!-- Hupso Share Buttons --><\/div><p>Fueron encontradas en el museo de Bellas Artes Emiliano Gui\u00f1az\u00fa-Casa Fader, mientras se realizaban trabajos de recuperaci\u00f3n. De origen franc\u00e9s, el pintor viaj\u00f3 a Argentina por primera vez con 24 a\u00f1os. Una serie de pinturas que podr\u00edan ser originales&#46;&#46;&#46;<\/p>\n<div style=\"padding-bottom:20px; padding-top:10px;\" class=\"hupso-share-buttons\"><!-- Hupso Share Buttons - https:\/\/www.hupso.com\/share\/ --><a class=\"hupso_counters\" href=\"https:\/\/www.hupso.com\/share\/\"><img src=\"http:\/\/static.hupso.com\/share\/buttons\/lang\/es\/share-small.png\" style=\"border:0px; padding-top:2px; float:left;\" alt=\"Share Button\"\/><\/a><script type=\"text\/javascript\">var hupso_services_c=new Array(\"twitter\",\"facebook_like\",\"google\");var hupso_counters_lang = \"es_LA\";var hupso_image_folder_url = \"\";var hupso_twitter_via=\"crsyvrs\";var hupso_url_c=\"\";<\/script><script type=\"text\/javascript\" src=\"http:\/\/static.hupso.com\/share\/js\/counters.js\"><\/script><!-- Hupso Share Buttons --><\/div>","protected":false},"author":2,"featured_media":241,"comment_status":"open","ping_status":"open","sticky":false,"template":"","format":"standard","meta":{"footnotes":""},"categories":[8],"tags":[16,122,118,121,120,119],"class_list":["post-240","post","type-post","status-publish","format-standard","has-post-thumbnail","hentry","category-artes-plasticas","tag-cronicas-y-versiones","tag-el-viejo-piojoso","tag-fernando-fader","tag-gaston-alfaro","tag-marizul-ibanez","tag-museo-de-bellas-artes-emiliano-guinazu-casa-fader"],"_links":{"self":[{"href":"http:\/\/cronicasyversiones.com\/index.php?rest_route=\/wp\/v2\/posts\/240","targetHints":{"allow":["GET"]}}],"collection":[{"href":"http:\/\/cronicasyversiones.com\/index.php?rest_route=\/wp\/v2\/posts"}],"about":[{"href":"http:\/\/cronicasyversiones.com\/index.php?rest_route=\/wp\/v2\/types\/post"}],"author":[{"embeddable":true,"href":"http:\/\/cronicasyversiones.com\/index.php?rest_route=\/wp\/v2\/users\/2"}],"replies":[{"embeddable":true,"href":"http:\/\/cronicasyversiones.com\/index.php?rest_route=%2Fwp%2Fv2%2Fcomments&post=240"}],"version-history":[{"count":0,"href":"http:\/\/cronicasyversiones.com\/index.php?rest_route=\/wp\/v2\/posts\/240\/revisions"}],"wp:featuredmedia":[{"embeddable":true,"href":"http:\/\/cronicasyversiones.com\/index.php?rest_route=\/wp\/v2\/media\/241"}],"wp:attachment":[{"href":"http:\/\/cronicasyversiones.com\/index.php?rest_route=%2Fwp%2Fv2%2Fmedia&parent=240"}],"wp:term":[{"taxonomy":"category","embeddable":true,"href":"http:\/\/cronicasyversiones.com\/index.php?rest_route=%2Fwp%2Fv2%2Fcategories&post=240"},{"taxonomy":"post_tag","embeddable":true,"href":"http:\/\/cronicasyversiones.com\/index.php?rest_route=%2Fwp%2Fv2%2Ftags&post=240"}],"curies":[{"name":"wp","href":"https:\/\/api.w.org\/{rel}","templated":true}]}}