{"id":24018,"date":"2019-08-08T17:43:38","date_gmt":"2019-08-08T20:43:38","guid":{"rendered":"http:\/\/cronicasyversiones.com\/?p=24018"},"modified":"2019-08-09T08:33:56","modified_gmt":"2019-08-09T11:33:56","slug":"se-subastaron-dos-obras-de-jorge-luis-borges","status":"publish","type":"post","link":"http:\/\/cronicasyversiones.com\/?p=24018","title":{"rendered":"Subastaron dos obras de Jorge Luis Borges en miles de d\u00f3lares"},"content":{"rendered":"<div style=\"padding-bottom:20px; padding-top:10px;\" class=\"hupso-share-buttons\"><!-- Hupso Share Buttons - https:\/\/www.hupso.com\/share\/ --><a class=\"hupso_counters\" href=\"https:\/\/www.hupso.com\/share\/\"><img decoding=\"async\" src=\"http:\/\/static.hupso.com\/share\/buttons\/lang\/es\/share-small.png\" style=\"border:0px; padding-top:2px; float:left;\" alt=\"Share Button\"\/><\/a><script type=\"text\/javascript\">var hupso_services_c=new Array(\"twitter\",\"facebook_like\",\"google\");var hupso_counters_lang = \"es_LA\";var hupso_image_folder_url = \"\";var hupso_twitter_via=\"crsyvrs\";var hupso_url_c=\"\";<\/script><script type=\"text\/javascript\" src=\"http:\/\/static.hupso.com\/share\/js\/counters.js\"><\/script><!-- Hupso Share Buttons --><\/div><h2>Se trata de una revista que le dedic\u00f3 a Macedonio Fern\u00e1ndez de un ejemplar de su libro \u00abEl idioma de los argentinos\u00bb, ilustrado por el artista Xul Solar.<\/h2>\n<p><img loading=\"lazy\" decoding=\"async\" class=\" wp-image-24019 aligncenter\" src=\"http:\/\/cronicasyversiones.com\/wp-content\/uploads\/2019\/08\/borges_palermo.jpg\" alt=\"\" width=\"853\" height=\"575\" srcset=\"http:\/\/cronicasyversiones.com\/wp-content\/uploads\/2019\/08\/borges_palermo.jpg 944w, http:\/\/cronicasyversiones.com\/wp-content\/uploads\/2019\/08\/borges_palermo-300x202.jpg 300w, http:\/\/cronicasyversiones.com\/wp-content\/uploads\/2019\/08\/borges_palermo-768x517.jpg 768w\" sizes=\"auto, (max-width: 853px) 100vw, 853px\" \/><\/p>\n<p>Una revista que <strong>Jorge Luis Borges<\/strong> dedic\u00f3 a <strong>Macedonio Fern\u00e1ndez<\/strong> se vendi\u00f3 en una subasta en en 24.100 d\u00f3lares, mientras que un ejemplar de su libro \u00abEl idioma de los argentinos\u00bb, ilustrado por el artista Xul Solar, se vendi\u00f3 por 65.800.<\/p>\n<p>El ejemplar de la revista-mural <strong>Prisma<\/strong> fue subastada a un coleccionista argentino y el libro lo compr\u00f3 una librer\u00eda.<\/p>\n<p>Borges, junto a su hermana Norah, artista pl\u00e1stica; su <strong>primo Guillermo Juan y Eduardo Gonz\u00e1lez Lanuza<\/strong>, ambos escritores, crearon en 1921 Prisma, una inusual publicaci\u00f3n en pleno auge del ultra\u00edsmo en Buenos Aires que solo cont\u00f3 con dos n\u00fameros, en noviembre de ese a\u00f1o y en abril de 1922.<\/p>\n<p>La revista, ilustrada por <strong>Norah<\/strong> y elaborada con breves poemas de autores de la \u00e9poca como Lanuza, Salvador Reyes y Guillermo de Torre, empapel\u00f3 las calles de Buenos Aires en esos primeros a\u00f1os de la d\u00e9cada de los \u00b420.<\/p>\n<p>De las dos publicaciones que realiz\u00f3 la revista, Borges le dedic\u00f3 a Fern\u00e1ndez el segundo n\u00famero con una frase que, seg\u00fan la casa de subastas, dictaba: \u00abPara el \u00ednclito fil\u00f3sofo Macedonio Fern\u00e1ndez \/\/ inagotable pensador dando tus esbeltas reflexiones en La Perla\u201d.<\/p>\n<p><em><strong>LEA TAMBI\u00c9N:<\/strong> <\/em><\/p>\n<div class=\"video-container\">\n<blockquote class=\"wp-embedded-content\" data-secret=\"rIH5IZEzrt\"><p><a href=\"http:\/\/cronicasyversiones.com\/?p=23865\">Lanzaron el Premio Futurock de Novela 2019<\/a><\/p><\/blockquote>\n<p><iframe loading=\"lazy\" class=\"wp-embedded-content\" sandbox=\"allow-scripts\" security=\"restricted\" style=\"position: absolute; clip: rect(1px, 1px, 1px, 1px);\" title=\"\u00abLanzaron el Premio Futurock de Novela 2019\u00bb \u2014    \" src=\"http:\/\/cronicasyversiones.com\/?p=23865&#038;embed=true#?secret=R9pPG2BUfx#?secret=rIH5IZEzrt\" data-secret=\"rIH5IZEzrt\" width=\"600\" height=\"338\" frameborder=\"0\" marginwidth=\"0\" marginheight=\"0\" scrolling=\"no\"><\/iframe><\/div>\n<p>Mientras que el libro, en el que Borges y Xul Solar hacen una mirada cr\u00edtica sobre las distintas formas del habla de los argentinos, su particularidad es que fue intervenido por el escritor en sus m\u00e1rgenes.<\/p>\n<p><strong>Jorge Luis Borges,<\/strong> que falleci\u00f3 en Ginebra el 14 de junio de 1986, public\u00f3 ensayos breves, cuentos y poemas.<\/p>\n<p>Su obra, fundamental en la literatura y el pensamiento universal, adem\u00e1s de objeto de minuciosos an\u00e1lisis y m\u00faltiples interpretaciones, trasciende cualquier clasificaci\u00f3n y excluye todo tipo de dogmatismo.<\/p>\n<div style=\"padding-bottom:20px; padding-top:10px;\" class=\"hupso-share-buttons\"><!-- Hupso Share Buttons - https:\/\/www.hupso.com\/share\/ --><a class=\"hupso_counters\" href=\"https:\/\/www.hupso.com\/share\/\"><img decoding=\"async\" src=\"http:\/\/static.hupso.com\/share\/buttons\/lang\/es\/share-small.png\" style=\"border:0px; padding-top:2px; float:left;\" alt=\"Share Button\"\/><\/a><script type=\"text\/javascript\">var hupso_services_c=new Array(\"twitter\",\"facebook_like\",\"google\");var hupso_counters_lang = \"es_LA\";var hupso_image_folder_url = \"\";var hupso_twitter_via=\"crsyvrs\";var hupso_url_c=\"\";<\/script><script type=\"text\/javascript\" src=\"http:\/\/static.hupso.com\/share\/js\/counters.js\"><\/script><!-- Hupso Share Buttons --><\/div> ","protected":false},"excerpt":{"rendered":"<div style=\"padding-bottom:20px; padding-top:10px;\" class=\"hupso-share-buttons\"><!-- Hupso Share Buttons - https:\/\/www.hupso.com\/share\/ --><a class=\"hupso_counters\" href=\"https:\/\/www.hupso.com\/share\/\"><img src=\"http:\/\/static.hupso.com\/share\/buttons\/lang\/es\/share-small.png\" style=\"border:0px; padding-top:2px; float:left;\" alt=\"Share Button\"\/><\/a><script type=\"text\/javascript\">var hupso_services_c=new Array(\"twitter\",\"facebook_like\",\"google\");var hupso_counters_lang = \"es_LA\";var hupso_image_folder_url = \"\";var hupso_twitter_via=\"crsyvrs\";var hupso_url_c=\"\";<\/script><script type=\"text\/javascript\" src=\"http:\/\/static.hupso.com\/share\/js\/counters.js\"><\/script><!-- Hupso Share Buttons --><\/div><p>Se trata de una revista que le dedic\u00f3 a Macedonio Fern\u00e1ndez de un ejemplar de su libro \u00abEl idioma de los argentinos\u00bb, ilustrado por el artista Xul Solar. Una revista que Jorge Luis Borges dedic\u00f3 a Macedonio Fern\u00e1ndez se&#46;&#46;&#46;<\/p>\n<div style=\"padding-bottom:20px; padding-top:10px;\" class=\"hupso-share-buttons\"><!-- Hupso Share Buttons - https:\/\/www.hupso.com\/share\/ --><a class=\"hupso_counters\" href=\"https:\/\/www.hupso.com\/share\/\"><img src=\"http:\/\/static.hupso.com\/share\/buttons\/lang\/es\/share-small.png\" style=\"border:0px; padding-top:2px; float:left;\" alt=\"Share Button\"\/><\/a><script type=\"text\/javascript\">var hupso_services_c=new Array(\"twitter\",\"facebook_like\",\"google\");var hupso_counters_lang = \"es_LA\";var hupso_image_folder_url = \"\";var hupso_twitter_via=\"crsyvrs\";var hupso_url_c=\"\";<\/script><script type=\"text\/javascript\" src=\"http:\/\/static.hupso.com\/share\/js\/counters.js\"><\/script><!-- Hupso Share Buttons --><\/div>","protected":false},"author":5,"featured_media":24019,"comment_status":"open","ping_status":"closed","sticky":false,"template":"","format":"standard","meta":{"footnotes":""},"categories":[7],"tags":[2630],"class_list":["post-24018","post","type-post","status-publish","format-standard","has-post-thumbnail","hentry","category-literatura","tag-jorge-luis-borges"],"_links":{"self":[{"href":"http:\/\/cronicasyversiones.com\/index.php?rest_route=\/wp\/v2\/posts\/24018","targetHints":{"allow":["GET"]}}],"collection":[{"href":"http:\/\/cronicasyversiones.com\/index.php?rest_route=\/wp\/v2\/posts"}],"about":[{"href":"http:\/\/cronicasyversiones.com\/index.php?rest_route=\/wp\/v2\/types\/post"}],"author":[{"embeddable":true,"href":"http:\/\/cronicasyversiones.com\/index.php?rest_route=\/wp\/v2\/users\/5"}],"replies":[{"embeddable":true,"href":"http:\/\/cronicasyversiones.com\/index.php?rest_route=%2Fwp%2Fv2%2Fcomments&post=24018"}],"version-history":[{"count":0,"href":"http:\/\/cronicasyversiones.com\/index.php?rest_route=\/wp\/v2\/posts\/24018\/revisions"}],"wp:featuredmedia":[{"embeddable":true,"href":"http:\/\/cronicasyversiones.com\/index.php?rest_route=\/wp\/v2\/media\/24019"}],"wp:attachment":[{"href":"http:\/\/cronicasyversiones.com\/index.php?rest_route=%2Fwp%2Fv2%2Fmedia&parent=24018"}],"wp:term":[{"taxonomy":"category","embeddable":true,"href":"http:\/\/cronicasyversiones.com\/index.php?rest_route=%2Fwp%2Fv2%2Fcategories&post=24018"},{"taxonomy":"post_tag","embeddable":true,"href":"http:\/\/cronicasyversiones.com\/index.php?rest_route=%2Fwp%2Fv2%2Ftags&post=24018"}],"curies":[{"name":"wp","href":"https:\/\/api.w.org\/{rel}","templated":true}]}}