{"id":24037,"date":"2019-08-09T17:50:30","date_gmt":"2019-08-09T20:50:30","guid":{"rendered":"http:\/\/cronicasyversiones.com\/?p=24037"},"modified":"2019-08-09T17:50:30","modified_gmt":"2019-08-09T20:50:30","slug":"bruce-springsteen-publico-un-tema-que-fue-rechazado-para-harry-potter","status":"publish","type":"post","link":"http:\/\/cronicasyversiones.com\/?p=24037","title":{"rendered":"Bruce Springsteen public\u00f3 un tema que fue rechazado para  \u00abHarry Potter\u00bb"},"content":{"rendered":"<div style=\"padding-bottom:20px; padding-top:10px;\" class=\"hupso-share-buttons\"><!-- Hupso Share Buttons - https:\/\/www.hupso.com\/share\/ --><a class=\"hupso_counters\" href=\"https:\/\/www.hupso.com\/share\/\"><img decoding=\"async\" src=\"http:\/\/static.hupso.com\/share\/buttons\/lang\/es\/share-small.png\" style=\"border:0px; padding-top:2px; float:left;\" alt=\"Share Button\"\/><\/a><script type=\"text\/javascript\">var hupso_services_c=new Array(\"twitter\",\"facebook_like\",\"google\");var hupso_counters_lang = \"es_LA\";var hupso_image_folder_url = \"\";var hupso_twitter_via=\"crsyvrs\";var hupso_url_c=\"\";<\/script><script type=\"text\/javascript\" src=\"http:\/\/static.hupso.com\/share\/js\/counters.js\"><\/script><!-- Hupso Share Buttons --><\/div><h2>Se trata de \u00abI&#8217;ll Stand by You\u00bb, que el \u201cEl Jefe\u201d escribi\u00f3 para la saga del joven mago y finalmente desechada de la banda de sonidos.<\/h2>\n<p><img loading=\"lazy\" decoding=\"async\" class=\"wp-image-24038 aligncenter\" src=\"http:\/\/cronicasyversiones.com\/wp-content\/uploads\/2019\/08\/bruce-1024x683.jpg\" alt=\"\" width=\"789\" height=\"526\" srcset=\"http:\/\/cronicasyversiones.com\/wp-content\/uploads\/2019\/08\/bruce-1024x683.jpg 1024w, http:\/\/cronicasyversiones.com\/wp-content\/uploads\/2019\/08\/bruce-300x200.jpg 300w, http:\/\/cronicasyversiones.com\/wp-content\/uploads\/2019\/08\/bruce-768x512.jpg 768w, http:\/\/cronicasyversiones.com\/wp-content\/uploads\/2019\/08\/bruce-480x320.jpg 480w, http:\/\/cronicasyversiones.com\/wp-content\/uploads\/2019\/08\/bruce.jpg 1857w\" sizes=\"auto, (max-width: 789px) 100vw, 789px\" \/><\/p>\n<p>Bruce Springsteen public\u00f3 <strong><em>\u00abI&#8217;ll Stand by You\u00bb,<\/em><\/strong> una canci\u00f3n que hab\u00eda escrito para la banda sonora de <strong><em>\u00abHarry Potter y la piedra filosofal\u00bb<\/em><\/strong> (2001), pero que finalmente fue rechazada.<\/p>\n<p>El tema forma parte de la banda de sonido de <strong><em>\u00abLa m\u00fasica de mi vida\u00bb,<\/em><\/strong> pel\u00edcula inspirada en el propio m\u00fasico de New Jersey que llegar\u00e1 a los cines en los pr\u00f3ximos meses.<\/p>\n<blockquote><p>\u00abEs bastante buena. Es una canci\u00f3n que escrib\u00ed para mi hijo mayor, Una gran balada no muy caracter\u00edstica de lo que yo suelo cantar. Pero creo que hubiera encajado maravillosamente\u201d, dijo \u201cEl Jefe\u201d en una entrevista.<\/p><\/blockquote>\n<p>\u00abI&#8217;ll Stand by You\u00bb acompa\u00f1ar\u00e1 a otras canciones de su discograf\u00eda en \u00abLa m\u00fasica de mi vida\u00bb, dirigida por Gurinder Chadha y basada en el libro de Sarfraz Manzoor \u00abGreetings from Bury Park: Race, Religion and Rock N&#8217; Roll\u00bb.<\/p>\n<p><iframe loading=\"lazy\" src=\"https:\/\/www.youtube.com\/embed\/Y70yfKSAPrc\" width=\"560\" height=\"315\" frameborder=\"0\" allowfullscreen=\"allowfullscreen\"><\/iframe><\/p>\n<p>La trama sigue la historia del propio Manzoor creciendo a fines de los ochenta en Gran Breta\u00f1a como un joven pakistan\u00ed obsesionado con Bruce Springsteen.<\/p>\n<p>De vitales 69 a\u00f1os y en plena actividad sobre los escenarios, edito a fines de 2016 el \u00e1lbum <strong><em>\u201cChapter and Verse\u201d,<\/em><\/strong> un recopilatorio de grandes \u00e9xitos que incluir\u00e1 cinco canciones in\u00e9ditas.<\/p>\n<p>Adem\u00e1s, public\u00f3 \u201cBorn to Run\u201d, una publicaci\u00f3n que aglutina sus memorias y que tambi\u00e9n fue lanzada en espa\u00f1ol.<\/p>\n<div style=\"padding-bottom:20px; padding-top:10px;\" class=\"hupso-share-buttons\"><!-- Hupso Share Buttons - https:\/\/www.hupso.com\/share\/ --><a class=\"hupso_counters\" href=\"https:\/\/www.hupso.com\/share\/\"><img decoding=\"async\" src=\"http:\/\/static.hupso.com\/share\/buttons\/lang\/es\/share-small.png\" style=\"border:0px; padding-top:2px; float:left;\" alt=\"Share Button\"\/><\/a><script type=\"text\/javascript\">var hupso_services_c=new Array(\"twitter\",\"facebook_like\",\"google\");var hupso_counters_lang = \"es_LA\";var hupso_image_folder_url = \"\";var hupso_twitter_via=\"crsyvrs\";var hupso_url_c=\"\";<\/script><script type=\"text\/javascript\" src=\"http:\/\/static.hupso.com\/share\/js\/counters.js\"><\/script><!-- Hupso Share Buttons --><\/div> ","protected":false},"excerpt":{"rendered":"<div style=\"padding-bottom:20px; padding-top:10px;\" class=\"hupso-share-buttons\"><!-- Hupso Share Buttons - https:\/\/www.hupso.com\/share\/ --><a class=\"hupso_counters\" href=\"https:\/\/www.hupso.com\/share\/\"><img src=\"http:\/\/static.hupso.com\/share\/buttons\/lang\/es\/share-small.png\" style=\"border:0px; padding-top:2px; float:left;\" alt=\"Share Button\"\/><\/a><script type=\"text\/javascript\">var hupso_services_c=new Array(\"twitter\",\"facebook_like\",\"google\");var hupso_counters_lang = \"es_LA\";var hupso_image_folder_url = \"\";var hupso_twitter_via=\"crsyvrs\";var hupso_url_c=\"\";<\/script><script type=\"text\/javascript\" src=\"http:\/\/static.hupso.com\/share\/js\/counters.js\"><\/script><!-- Hupso Share Buttons --><\/div><p>Se trata de \u00abI&#8217;ll Stand by You\u00bb, que el \u201cEl Jefe\u201d escribi\u00f3 para la saga del joven mago y finalmente desechada de la banda de sonidos. Bruce Springsteen public\u00f3 \u00abI&#8217;ll Stand by You\u00bb, una canci\u00f3n que hab\u00eda escrito para&#46;&#46;&#46;<\/p>\n<div style=\"padding-bottom:20px; padding-top:10px;\" class=\"hupso-share-buttons\"><!-- Hupso Share Buttons - https:\/\/www.hupso.com\/share\/ --><a class=\"hupso_counters\" href=\"https:\/\/www.hupso.com\/share\/\"><img src=\"http:\/\/static.hupso.com\/share\/buttons\/lang\/es\/share-small.png\" style=\"border:0px; padding-top:2px; float:left;\" alt=\"Share Button\"\/><\/a><script type=\"text\/javascript\">var hupso_services_c=new Array(\"twitter\",\"facebook_like\",\"google\");var hupso_counters_lang = \"es_LA\";var hupso_image_folder_url = \"\";var hupso_twitter_via=\"crsyvrs\";var hupso_url_c=\"\";<\/script><script type=\"text\/javascript\" src=\"http:\/\/static.hupso.com\/share\/js\/counters.js\"><\/script><!-- Hupso Share Buttons --><\/div>","protected":false},"author":5,"featured_media":24038,"comment_status":"open","ping_status":"closed","sticky":false,"template":"","format":"standard","meta":{"footnotes":""},"categories":[3],"tags":[345],"class_list":["post-24037","post","type-post","status-publish","format-standard","has-post-thumbnail","hentry","category-musica","tag-bruce-springsteen"],"_links":{"self":[{"href":"http:\/\/cronicasyversiones.com\/index.php?rest_route=\/wp\/v2\/posts\/24037","targetHints":{"allow":["GET"]}}],"collection":[{"href":"http:\/\/cronicasyversiones.com\/index.php?rest_route=\/wp\/v2\/posts"}],"about":[{"href":"http:\/\/cronicasyversiones.com\/index.php?rest_route=\/wp\/v2\/types\/post"}],"author":[{"embeddable":true,"href":"http:\/\/cronicasyversiones.com\/index.php?rest_route=\/wp\/v2\/users\/5"}],"replies":[{"embeddable":true,"href":"http:\/\/cronicasyversiones.com\/index.php?rest_route=%2Fwp%2Fv2%2Fcomments&post=24037"}],"version-history":[{"count":0,"href":"http:\/\/cronicasyversiones.com\/index.php?rest_route=\/wp\/v2\/posts\/24037\/revisions"}],"wp:featuredmedia":[{"embeddable":true,"href":"http:\/\/cronicasyversiones.com\/index.php?rest_route=\/wp\/v2\/media\/24038"}],"wp:attachment":[{"href":"http:\/\/cronicasyversiones.com\/index.php?rest_route=%2Fwp%2Fv2%2Fmedia&parent=24037"}],"wp:term":[{"taxonomy":"category","embeddable":true,"href":"http:\/\/cronicasyversiones.com\/index.php?rest_route=%2Fwp%2Fv2%2Fcategories&post=24037"},{"taxonomy":"post_tag","embeddable":true,"href":"http:\/\/cronicasyversiones.com\/index.php?rest_route=%2Fwp%2Fv2%2Ftags&post=24037"}],"curies":[{"name":"wp","href":"https:\/\/api.w.org\/{rel}","templated":true}]}}