{"id":24079,"date":"2019-08-15T22:03:57","date_gmt":"2019-08-16T01:03:57","guid":{"rendered":"http:\/\/cronicasyversiones.com\/?p=24079"},"modified":"2019-08-15T22:03:57","modified_gmt":"2019-08-16T01:03:57","slug":"el-grupo-rayuela-presenta-la-huelga-de-las-escobas","status":"publish","type":"post","link":"http:\/\/cronicasyversiones.com\/?p=24079","title":{"rendered":"El Grupo Rayuela presenta \u201cLa huelga de las escobas\u201d"},"content":{"rendered":"<div style=\"padding-bottom:20px; padding-top:10px;\" class=\"hupso-share-buttons\"><!-- Hupso Share Buttons - https:\/\/www.hupso.com\/share\/ --><a class=\"hupso_counters\" href=\"https:\/\/www.hupso.com\/share\/\"><img decoding=\"async\" src=\"http:\/\/static.hupso.com\/share\/buttons\/lang\/es\/share-small.png\" style=\"border:0px; padding-top:2px; float:left;\" alt=\"Share Button\"\/><\/a><script type=\"text\/javascript\">var hupso_services_c=new Array(\"twitter\",\"facebook_like\",\"google\");var hupso_counters_lang = \"es_LA\";var hupso_image_folder_url = \"\";var hupso_twitter_via=\"crsyvrs\";var hupso_url_c=\"\";<\/script><script type=\"text\/javascript\" src=\"http:\/\/static.hupso.com\/share\/js\/counters.js\"><\/script><!-- Hupso Share Buttons --><\/div><h2>Con direcci\u00f3n de Lucas Montagna, la obra se ubica a mediados de 1907 se produjo una huelga de inquilinos de los conventillos de Buenos Aires y otras ciudades.<\/h2>\n<h2><strong><em>\u00a0<img loading=\"lazy\" decoding=\"async\" class=\"size-full wp-image-24080 aligncenter\" src=\"http:\/\/cronicasyversiones.com\/wp-content\/uploads\/2019\/08\/escobas.jpg\" alt=\"\" width=\"750\" height=\"596\" srcset=\"http:\/\/cronicasyversiones.com\/wp-content\/uploads\/2019\/08\/escobas.jpg 750w, http:\/\/cronicasyversiones.com\/wp-content\/uploads\/2019\/08\/escobas-300x238.jpg 300w\" sizes=\"auto, (max-width: 750px) 100vw, 750px\" \/><\/em><\/strong><\/h2>\n<p><strong><em>\u201cLa huelga de las escobas\u201d,<\/em><\/strong> del <strong>Grupo Rayuela<\/strong>, con autor\u00eda de <strong>Roxana Arambur\u00fa, M\u00f3nica Ogando<\/strong> y<strong> Patricia Su\u00e1rez<\/strong> y con direcci\u00f3n de <strong>Lucas Montagna<\/strong>, se presenta los s\u00e1bados a las 20 en <strong>Teatro Buenas Artes Social Club<\/strong>, la sala ubicada en Guatemala 4484.<\/p>\n<p>A mediados de 1907 se produjo una huelga de inquilinos. Los habitantes de los conventillos de Buenos Aires, Rosario, La Plata y Bah\u00eda Blanca decidieron no pagar sus alquileres frente a las p\u00e9simas condiciones de vida en los inquilinatos y al aumento desmedido aplicado por los propietarios.<\/p>\n<p>La represi\u00f3n policial no se hizo esperar y comenzaron los desalojos de las familias obreras. Entonces salieron a la luz las invisibles. Mujeres trabajadoras, inmigrantes y argentinas encabezaron la lucha portando pac\u00edficamente escobas y tomando las calles.<\/p>\n<p><em><strong>LEA TAMBI\u00c9N:<\/strong> <\/em><\/p>\n<div class=\"video-container\">\n<blockquote class=\"wp-embedded-content\" data-secret=\"gkeAhmek88\"><p><a href=\"https:\/\/cronicasyversiones.com\/?p=24049\">La figura de Camila O&#8217;Gorman, en una obra de Cristina Escofet<\/a><\/p><\/blockquote>\n<p><iframe loading=\"lazy\" class=\"wp-embedded-content\" sandbox=\"allow-scripts\" security=\"restricted\" style=\"position: absolute; clip: rect(1px, 1px, 1px, 1px);\" title=\"\u00abLa figura de Camila O&#8217;Gorman, en una obra de Cristina Escofet\u00bb \u2014    \" src=\"https:\/\/cronicasyversiones.com\/?p=24049&#038;embed=true#?secret=BfLJ2qwMdv#?secret=gkeAhmek88\" data-secret=\"gkeAhmek88\" width=\"600\" height=\"338\" frameborder=\"0\" marginwidth=\"0\" marginheight=\"0\" scrolling=\"no\"><\/iframe><\/div>\n<p><strong><em>\u201cLa huelga de las escobas\u201d<\/em><\/strong> es una trilog\u00eda donde se entremezclan comedia y tragedia para llevar a escena aquel momento hist\u00f3rico, resaltando que, ayer como hoy, las mujeres se organizan y empoderan en defensa de sus derechos.<\/p>\n<p>El elenco lo completan Mar\u00eda In\u00e9s \u00c1lvarez, Julieta Roc\u00edo Barletta, Leticia Cabeda, Guadalupe Farina, Mila Fernandez, Gast\u00f3n Giunta, Marian Moretti, Jorge Ojeda y Cali Rotondo.<\/p>\n<p>La obra tiene dise\u00f1o y realizaci\u00f3n de vestuario de Marina Smith, dise\u00f1o lum\u00ednico y fotograf\u00eda de David Rosso y dise\u00f1o gr\u00e1fico de D\u00e9bora Longobardi.<\/p>\n<div style=\"padding-bottom:20px; padding-top:10px;\" class=\"hupso-share-buttons\"><!-- Hupso Share Buttons - https:\/\/www.hupso.com\/share\/ --><a class=\"hupso_counters\" href=\"https:\/\/www.hupso.com\/share\/\"><img decoding=\"async\" src=\"http:\/\/static.hupso.com\/share\/buttons\/lang\/es\/share-small.png\" style=\"border:0px; padding-top:2px; float:left;\" alt=\"Share Button\"\/><\/a><script type=\"text\/javascript\">var hupso_services_c=new Array(\"twitter\",\"facebook_like\",\"google\");var hupso_counters_lang = \"es_LA\";var hupso_image_folder_url = \"\";var hupso_twitter_via=\"crsyvrs\";var hupso_url_c=\"\";<\/script><script type=\"text\/javascript\" src=\"http:\/\/static.hupso.com\/share\/js\/counters.js\"><\/script><!-- Hupso Share Buttons --><\/div> ","protected":false},"excerpt":{"rendered":"<div style=\"padding-bottom:20px; padding-top:10px;\" class=\"hupso-share-buttons\"><!-- Hupso Share Buttons - https:\/\/www.hupso.com\/share\/ --><a class=\"hupso_counters\" href=\"https:\/\/www.hupso.com\/share\/\"><img src=\"http:\/\/static.hupso.com\/share\/buttons\/lang\/es\/share-small.png\" style=\"border:0px; padding-top:2px; float:left;\" alt=\"Share Button\"\/><\/a><script type=\"text\/javascript\">var hupso_services_c=new Array(\"twitter\",\"facebook_like\",\"google\");var hupso_counters_lang = \"es_LA\";var hupso_image_folder_url = \"\";var hupso_twitter_via=\"crsyvrs\";var hupso_url_c=\"\";<\/script><script type=\"text\/javascript\" src=\"http:\/\/static.hupso.com\/share\/js\/counters.js\"><\/script><!-- Hupso Share Buttons --><\/div><p>Con direcci\u00f3n de Lucas Montagna, la obra se ubica a mediados de 1907 se produjo una huelga de inquilinos de los conventillos de Buenos Aires y otras ciudades. \u00a0 \u201cLa huelga de las escobas\u201d, del Grupo Rayuela, con autor\u00eda&#46;&#46;&#46;<\/p>\n<div style=\"padding-bottom:20px; padding-top:10px;\" class=\"hupso-share-buttons\"><!-- Hupso Share Buttons - https:\/\/www.hupso.com\/share\/ --><a class=\"hupso_counters\" href=\"https:\/\/www.hupso.com\/share\/\"><img src=\"http:\/\/static.hupso.com\/share\/buttons\/lang\/es\/share-small.png\" style=\"border:0px; padding-top:2px; float:left;\" alt=\"Share Button\"\/><\/a><script type=\"text\/javascript\">var hupso_services_c=new Array(\"twitter\",\"facebook_like\",\"google\");var hupso_counters_lang = \"es_LA\";var hupso_image_folder_url = \"\";var hupso_twitter_via=\"crsyvrs\";var hupso_url_c=\"\";<\/script><script type=\"text\/javascript\" src=\"http:\/\/static.hupso.com\/share\/js\/counters.js\"><\/script><!-- Hupso Share Buttons --><\/div>","protected":false},"author":5,"featured_media":24080,"comment_status":"open","ping_status":"closed","sticky":false,"template":"","format":"standard","meta":{"footnotes":""},"categories":[5],"tags":[9328,8306],"class_list":["post-24079","post","type-post","status-publish","format-standard","has-post-thumbnail","hentry","category-teatro","tag-lucas-montagna","tag-teatro-buenas-artes-social-club"],"_links":{"self":[{"href":"http:\/\/cronicasyversiones.com\/index.php?rest_route=\/wp\/v2\/posts\/24079","targetHints":{"allow":["GET"]}}],"collection":[{"href":"http:\/\/cronicasyversiones.com\/index.php?rest_route=\/wp\/v2\/posts"}],"about":[{"href":"http:\/\/cronicasyversiones.com\/index.php?rest_route=\/wp\/v2\/types\/post"}],"author":[{"embeddable":true,"href":"http:\/\/cronicasyversiones.com\/index.php?rest_route=\/wp\/v2\/users\/5"}],"replies":[{"embeddable":true,"href":"http:\/\/cronicasyversiones.com\/index.php?rest_route=%2Fwp%2Fv2%2Fcomments&post=24079"}],"version-history":[{"count":0,"href":"http:\/\/cronicasyversiones.com\/index.php?rest_route=\/wp\/v2\/posts\/24079\/revisions"}],"wp:featuredmedia":[{"embeddable":true,"href":"http:\/\/cronicasyversiones.com\/index.php?rest_route=\/wp\/v2\/media\/24080"}],"wp:attachment":[{"href":"http:\/\/cronicasyversiones.com\/index.php?rest_route=%2Fwp%2Fv2%2Fmedia&parent=24079"}],"wp:term":[{"taxonomy":"category","embeddable":true,"href":"http:\/\/cronicasyversiones.com\/index.php?rest_route=%2Fwp%2Fv2%2Fcategories&post=24079"},{"taxonomy":"post_tag","embeddable":true,"href":"http:\/\/cronicasyversiones.com\/index.php?rest_route=%2Fwp%2Fv2%2Ftags&post=24079"}],"curies":[{"name":"wp","href":"https:\/\/api.w.org\/{rel}","templated":true}]}}