{"id":24129,"date":"2019-08-19T11:35:31","date_gmt":"2019-08-19T14:35:31","guid":{"rendered":"http:\/\/cronicasyversiones.com\/?p=24129"},"modified":"2019-08-19T11:41:44","modified_gmt":"2019-08-19T14:41:44","slug":"una-maraton-de-harry-potter-en-tnt","status":"publish","type":"post","link":"http:\/\/cronicasyversiones.com\/?p=24129","title":{"rendered":"Un marat\u00f3n de \u201cHarry Potter\u201d, en TNT"},"content":{"rendered":"<div style=\"padding-bottom:20px; padding-top:10px;\" class=\"hupso-share-buttons\"><!-- Hupso Share Buttons - https:\/\/www.hupso.com\/share\/ --><a class=\"hupso_counters\" href=\"https:\/\/www.hupso.com\/share\/\"><img decoding=\"async\" src=\"http:\/\/static.hupso.com\/share\/buttons\/lang\/es\/share-small.png\" style=\"border:0px; padding-top:2px; float:left;\" alt=\"Share Button\"\/><\/a><script type=\"text\/javascript\">var hupso_services_c=new Array(\"twitter\",\"facebook_like\",\"google\");var hupso_counters_lang = \"es_LA\";var hupso_image_folder_url = \"\";var hupso_twitter_via=\"crsyvrs\";var hupso_url_c=\"\";<\/script><script type=\"text\/javascript\" src=\"http:\/\/static.hupso.com\/share\/js\/counters.js\"><\/script><!-- Hupso Share Buttons --><\/div><h2>El especial tendr\u00e1 seis pel\u00edculas de la saga del\u00a0joven mago creado por la escritora brit\u00e1nica <strong>J.K. Rowling.<\/strong><\/h2>\n<p><img loading=\"lazy\" decoding=\"async\" class=\"wp-image-24131 aligncenter\" src=\"http:\/\/cronicasyversiones.com\/wp-content\/uploads\/2019\/08\/harry-potter-prisionero-azkaban-en-concierto-2018-1024x767.jpg\" alt=\"\" width=\"721\" height=\"540\" srcset=\"http:\/\/cronicasyversiones.com\/wp-content\/uploads\/2019\/08\/harry-potter-prisionero-azkaban-en-concierto-2018-1024x767.jpg 1024w, http:\/\/cronicasyversiones.com\/wp-content\/uploads\/2019\/08\/harry-potter-prisionero-azkaban-en-concierto-2018-300x225.jpg 300w, http:\/\/cronicasyversiones.com\/wp-content\/uploads\/2019\/08\/harry-potter-prisionero-azkaban-en-concierto-2018-768x575.jpg 768w, http:\/\/cronicasyversiones.com\/wp-content\/uploads\/2019\/08\/harry-potter-prisionero-azkaban-en-concierto-2018-640x480.jpg 640w, http:\/\/cronicasyversiones.com\/wp-content\/uploads\/2019\/08\/harry-potter-prisionero-azkaban-en-concierto-2018.jpg 1140w\" sizes=\"auto, (max-width: 721px) 100vw, 721px\" \/><\/p>\n<p>&nbsp;<\/p>\n<p>Una marat\u00f3n con seis de las ocho pel\u00edculas de <em><strong>\u201cHarry Potter\u201d,<\/strong><\/em> el joven mago creado por la escritora brit\u00e1nica <strong>J.K. Rowling<\/strong>, podr\u00e1 verse desde las 10 del viernes por la se\u00f1al <strong>TNT.<\/strong><\/p>\n<p>Iniciando con<em><strong> \u201cHarry Potter y el prisionero de Azkaban\u201d<\/strong><\/em> (2004), seguido de <em><strong>\u201cHarry Potter y el caliz de fuego\u201d<\/strong> <\/em>(2005) al mediod\u00eda.<\/p>\n<p>A las 14 seguir\u00e1 <em><strong>\u201cHarry Potter y la orden del f\u00e9nix\u201d<\/strong><\/em> (2007), a las 16 <strong>\u201cHarry Potter y el misterio del pr\u00edncipe\u201d<\/strong> (2009), y a las 18 y a las 20 cerrar\u00e1 con las dos partes de <em><strong>\u201cHarry Potter y las reliquias de la muerte\u201d<\/strong><\/em> (2010 y 2011).<\/p>\n<p><em><strong>LEA TAMBI\u00c9N:\u00a0<\/strong><\/em><\/p>\n<div class=\"video-container\">\n<blockquote class=\"wp-embedded-content\" data-secret=\"VPlpBMdpmt\"><p><a href=\"http:\/\/cronicasyversiones.com\/?p=24065\">\u201c\u00c9rase una vez en Hollywood\u201d, de Quentin Tarantino, ser\u00e1 una serie de Netflix<\/a><\/p><\/blockquote>\n<p><iframe loading=\"lazy\" class=\"wp-embedded-content\" sandbox=\"allow-scripts\" security=\"restricted\" style=\"position: absolute; clip: rect(1px, 1px, 1px, 1px);\" title=\"\u00ab\u201c\u00c9rase una vez en Hollywood\u201d, de Quentin Tarantino, ser\u00e1 una serie de Netflix\u00bb \u2014    \" src=\"http:\/\/cronicasyversiones.com\/?p=24065&#038;embed=true#?secret=tilVFGSt55#?secret=VPlpBMdpmt\" data-secret=\"VPlpBMdpmt\" width=\"600\" height=\"338\" frameborder=\"0\" marginwidth=\"0\" marginheight=\"0\" scrolling=\"no\"><\/iframe><\/div>\n<p>Antes de la saga cinematogr\u00e1fica, todo comenz\u00f3 con la novela <em><strong>\u201cHarry Potter y la piedra filosofal\u201d<\/strong><\/em> fue publicada en 1997 con una tirada inicial de 500 copias y luego se convirti\u00f3 en un furor.<\/p>\n<p>Este \u00e9xito de ventas gener\u00f3 que se convierta en una saga que\u00a0 con los siguientes t\u00edtulos: \u201cHarry Potter y la c\u00e1mara secreta\u201d, \u201cHarry Potter y el prisionero de Azkaban\u201d (1990), \u201cHarry Potter y el c\u00e1liz de fuego\u201d (2000), \u201cHarry Potter y la orden del Fenix\u201d (2003), \u201cHarry Potter y el misterio del pr\u00edncipe\u201d (2005), \u201cHarry Potter y las reliquias de la muerte\u201d (2007) y \u201cHarry Potter y el legado maldito\u201d (2016).<\/p>\n<div style=\"padding-bottom:20px; padding-top:10px;\" class=\"hupso-share-buttons\"><!-- Hupso Share Buttons - https:\/\/www.hupso.com\/share\/ --><a class=\"hupso_counters\" href=\"https:\/\/www.hupso.com\/share\/\"><img decoding=\"async\" src=\"http:\/\/static.hupso.com\/share\/buttons\/lang\/es\/share-small.png\" style=\"border:0px; padding-top:2px; float:left;\" alt=\"Share Button\"\/><\/a><script type=\"text\/javascript\">var hupso_services_c=new Array(\"twitter\",\"facebook_like\",\"google\");var hupso_counters_lang = \"es_LA\";var hupso_image_folder_url = \"\";var hupso_twitter_via=\"crsyvrs\";var hupso_url_c=\"\";<\/script><script type=\"text\/javascript\" src=\"http:\/\/static.hupso.com\/share\/js\/counters.js\"><\/script><!-- Hupso Share Buttons --><\/div> ","protected":false},"excerpt":{"rendered":"<div style=\"padding-bottom:20px; padding-top:10px;\" class=\"hupso-share-buttons\"><!-- Hupso Share Buttons - https:\/\/www.hupso.com\/share\/ --><a class=\"hupso_counters\" href=\"https:\/\/www.hupso.com\/share\/\"><img src=\"http:\/\/static.hupso.com\/share\/buttons\/lang\/es\/share-small.png\" style=\"border:0px; padding-top:2px; float:left;\" alt=\"Share Button\"\/><\/a><script type=\"text\/javascript\">var hupso_services_c=new Array(\"twitter\",\"facebook_like\",\"google\");var hupso_counters_lang = \"es_LA\";var hupso_image_folder_url = \"\";var hupso_twitter_via=\"crsyvrs\";var hupso_url_c=\"\";<\/script><script type=\"text\/javascript\" src=\"http:\/\/static.hupso.com\/share\/js\/counters.js\"><\/script><!-- Hupso Share Buttons --><\/div><p>El especial tendr\u00e1 seis pel\u00edculas de la saga del\u00a0joven mago creado por la escritora brit\u00e1nica J.K. Rowling. &nbsp; Una marat\u00f3n con seis de las ocho pel\u00edculas de \u201cHarry Potter\u201d, el joven mago creado por la escritora brit\u00e1nica J.K. Rowling,&#46;&#46;&#46;<\/p>\n<div style=\"padding-bottom:20px; padding-top:10px;\" class=\"hupso-share-buttons\"><!-- Hupso Share Buttons - https:\/\/www.hupso.com\/share\/ --><a class=\"hupso_counters\" href=\"https:\/\/www.hupso.com\/share\/\"><img src=\"http:\/\/static.hupso.com\/share\/buttons\/lang\/es\/share-small.png\" style=\"border:0px; padding-top:2px; float:left;\" alt=\"Share Button\"\/><\/a><script type=\"text\/javascript\">var hupso_services_c=new Array(\"twitter\",\"facebook_like\",\"google\");var hupso_counters_lang = \"es_LA\";var hupso_image_folder_url = \"\";var hupso_twitter_via=\"crsyvrs\";var hupso_url_c=\"\";<\/script><script type=\"text\/javascript\" src=\"http:\/\/static.hupso.com\/share\/js\/counters.js\"><\/script><!-- Hupso Share Buttons --><\/div>","protected":false},"author":5,"featured_media":24131,"comment_status":"open","ping_status":"closed","sticky":false,"template":"","format":"standard","meta":{"footnotes":""},"categories":[4,6],"tags":[227],"class_list":["post-24129","post","type-post","status-publish","format-standard","has-post-thumbnail","hentry","category-cine","category-radio-y-tv","tag-harry-potter"],"_links":{"self":[{"href":"http:\/\/cronicasyversiones.com\/index.php?rest_route=\/wp\/v2\/posts\/24129","targetHints":{"allow":["GET"]}}],"collection":[{"href":"http:\/\/cronicasyversiones.com\/index.php?rest_route=\/wp\/v2\/posts"}],"about":[{"href":"http:\/\/cronicasyversiones.com\/index.php?rest_route=\/wp\/v2\/types\/post"}],"author":[{"embeddable":true,"href":"http:\/\/cronicasyversiones.com\/index.php?rest_route=\/wp\/v2\/users\/5"}],"replies":[{"embeddable":true,"href":"http:\/\/cronicasyversiones.com\/index.php?rest_route=%2Fwp%2Fv2%2Fcomments&post=24129"}],"version-history":[{"count":0,"href":"http:\/\/cronicasyversiones.com\/index.php?rest_route=\/wp\/v2\/posts\/24129\/revisions"}],"wp:featuredmedia":[{"embeddable":true,"href":"http:\/\/cronicasyversiones.com\/index.php?rest_route=\/wp\/v2\/media\/24131"}],"wp:attachment":[{"href":"http:\/\/cronicasyversiones.com\/index.php?rest_route=%2Fwp%2Fv2%2Fmedia&parent=24129"}],"wp:term":[{"taxonomy":"category","embeddable":true,"href":"http:\/\/cronicasyversiones.com\/index.php?rest_route=%2Fwp%2Fv2%2Fcategories&post=24129"},{"taxonomy":"post_tag","embeddable":true,"href":"http:\/\/cronicasyversiones.com\/index.php?rest_route=%2Fwp%2Fv2%2Ftags&post=24129"}],"curies":[{"name":"wp","href":"https:\/\/api.w.org\/{rel}","templated":true}]}}