{"id":24182,"date":"2019-08-23T18:09:07","date_gmt":"2019-08-23T21:09:07","guid":{"rendered":"http:\/\/cronicasyversiones.com\/?p=24182"},"modified":"2019-08-24T09:21:11","modified_gmt":"2019-08-24T12:21:11","slug":"estrenaron-un-documental-sobre-eduardo-mateo","status":"publish","type":"post","link":"http:\/\/cronicasyversiones.com\/?p=24182","title":{"rendered":"\u00abAmigo lindo del alma\u00bb, un documental sobre Eduardo Mateo"},"content":{"rendered":"<div style=\"padding-bottom:20px; padding-top:10px;\" class=\"hupso-share-buttons\"><!-- Hupso Share Buttons - https:\/\/www.hupso.com\/share\/ --><a class=\"hupso_counters\" href=\"https:\/\/www.hupso.com\/share\/\"><img decoding=\"async\" src=\"http:\/\/static.hupso.com\/share\/buttons\/lang\/es\/share-small.png\" style=\"border:0px; padding-top:2px; float:left;\" alt=\"Share Button\"\/><\/a><script type=\"text\/javascript\">var hupso_services_c=new Array(\"twitter\",\"facebook_like\",\"google\");var hupso_counters_lang = \"es_LA\";var hupso_image_folder_url = \"\";var hupso_twitter_via=\"crsyvrs\";var hupso_url_c=\"\";<\/script><script type=\"text\/javascript\" src=\"http:\/\/static.hupso.com\/share\/js\/counters.js\"><\/script><!-- Hupso Share Buttons --><\/div><h2>Se estren\u00f3 en las salas uruguayas la pel\u00edcula de Daniel Charlone, que da cuenta de la vida y la obra del genial artista fallecido en 1990.<\/h2>\n<p><img loading=\"lazy\" decoding=\"async\" class=\" wp-image-24183 aligncenter\" src=\"http:\/\/cronicasyversiones.com\/wp-content\/uploads\/2019\/08\/mateo.jpg\" alt=\"\" width=\"861\" height=\"486\" srcset=\"http:\/\/cronicasyversiones.com\/wp-content\/uploads\/2019\/08\/mateo.jpg 620w, http:\/\/cronicasyversiones.com\/wp-content\/uploads\/2019\/08\/mateo-300x169.jpg 300w\" sizes=\"auto, (max-width: 861px) 100vw, 861px\" \/><\/p>\n<p><strong><em>\u00abAmigo lindo del alma\u00bb,<\/em><\/strong> documental de <strong>Daniel Charlone<\/strong> sobre la vida y la obra de <strong>Eduardo Mateo,<\/strong> un artista cuya obra atraves\u00f3 tres d\u00e9cadas e inspir\u00f3 a decenas de compositores en Uruguay y el mundo, se estren\u00f3 en las salas uruguayas.<\/p>\n<p>En el film, las palabras y versiones musicales de protagonistas y consagrados int\u00e9rpretes nos cuentan de Eduardo Mateo, decisivo m\u00fasico uruguayo de la segunda mitad del siglo XX.<\/p>\n<p>Mateo, fallecido en 1990 a los 50 a\u00f1os, fue adem\u00e1s <strong>un personaje de la ciudad de Montevideo.<\/strong> Adem\u00e1s, su extrema vulnerabilidad lo tuvo, en la mayor\u00eda de su vida adulta, viviendo precariamente, en las calles, comiendo de lo que pod\u00eda conseguir y mendigando a los transe\u00fantes.<\/p>\n<p>Compuso gran cantidad de canciones en distintos g\u00e9neros, entre ellos, candombes, baladas y bossa novas, como guitarrista o junto a otros importantes m\u00fasicos, como <strong>Rub\u00e9n Rada, Horacio Buscaglia, Estela Magnone y El Kinto. <\/strong><\/p>\n<p><iframe loading=\"lazy\" src=\"https:\/\/www.youtube.com\/embed\/sLcqs8z7dT0\" width=\"600\" height=\"350\" frameborder=\"0\" allowfullscreen=\"allowfullscreen\"><span style=\"display: inline-block; width: 0px; overflow: hidden; line-height: 0;\" data-mce-type=\"bookmark\" class=\"mce_SELRES_start\">?<\/span><\/iframe><\/p>\n<p>Es considerado como uno de los principales precursores de la fusi\u00f3n de candombe, rock y otros g\u00e9neros, que ser\u00eda popularmente denominada \u201ccandombe-beat\u201d.<\/p>\n<p>Seg\u00fan sus seguidores, fue una estrella de la m\u00fasica, \u00abun compositor genial que abrev\u00f3 de Joao Gilberto, Los Beatles, la m\u00fasica india e innumerables otras influencias\u00bb.<\/p>\n<p>El t\u00edtulo de la pel\u00edcula, <em><strong>\u201cAmigo lindo del alma\u201d<\/strong> <\/em>refiere a una de sus canciones, del \u00e1lbum grabado con el percusionista Jorge Trasante, luego integrante del grupo Gypsy Kings. .<\/p>\n<p>&nbsp;<\/p>\n<div style=\"padding-bottom:20px; padding-top:10px;\" class=\"hupso-share-buttons\"><!-- Hupso Share Buttons - https:\/\/www.hupso.com\/share\/ --><a class=\"hupso_counters\" href=\"https:\/\/www.hupso.com\/share\/\"><img decoding=\"async\" src=\"http:\/\/static.hupso.com\/share\/buttons\/lang\/es\/share-small.png\" style=\"border:0px; padding-top:2px; float:left;\" alt=\"Share Button\"\/><\/a><script type=\"text\/javascript\">var hupso_services_c=new Array(\"twitter\",\"facebook_like\",\"google\");var hupso_counters_lang = \"es_LA\";var hupso_image_folder_url = \"\";var hupso_twitter_via=\"crsyvrs\";var hupso_url_c=\"\";<\/script><script type=\"text\/javascript\" src=\"http:\/\/static.hupso.com\/share\/js\/counters.js\"><\/script><!-- Hupso Share Buttons --><\/div> ","protected":false},"excerpt":{"rendered":"<div style=\"padding-bottom:20px; padding-top:10px;\" class=\"hupso-share-buttons\"><!-- Hupso Share Buttons - https:\/\/www.hupso.com\/share\/ --><a class=\"hupso_counters\" href=\"https:\/\/www.hupso.com\/share\/\"><img src=\"http:\/\/static.hupso.com\/share\/buttons\/lang\/es\/share-small.png\" style=\"border:0px; padding-top:2px; float:left;\" alt=\"Share Button\"\/><\/a><script type=\"text\/javascript\">var hupso_services_c=new Array(\"twitter\",\"facebook_like\",\"google\");var hupso_counters_lang = \"es_LA\";var hupso_image_folder_url = \"\";var hupso_twitter_via=\"crsyvrs\";var hupso_url_c=\"\";<\/script><script type=\"text\/javascript\" src=\"http:\/\/static.hupso.com\/share\/js\/counters.js\"><\/script><!-- Hupso Share Buttons --><\/div><p>Se estren\u00f3 en las salas uruguayas la pel\u00edcula de Daniel Charlone, que da cuenta de la vida y la obra del genial artista fallecido en 1990. \u00abAmigo lindo del alma\u00bb, documental de Daniel Charlone sobre la vida y la&#46;&#46;&#46;<\/p>\n<div style=\"padding-bottom:20px; padding-top:10px;\" class=\"hupso-share-buttons\"><!-- Hupso Share Buttons - https:\/\/www.hupso.com\/share\/ --><a class=\"hupso_counters\" href=\"https:\/\/www.hupso.com\/share\/\"><img src=\"http:\/\/static.hupso.com\/share\/buttons\/lang\/es\/share-small.png\" style=\"border:0px; padding-top:2px; float:left;\" alt=\"Share Button\"\/><\/a><script type=\"text\/javascript\">var hupso_services_c=new Array(\"twitter\",\"facebook_like\",\"google\");var hupso_counters_lang = \"es_LA\";var hupso_image_folder_url = \"\";var hupso_twitter_via=\"crsyvrs\";var hupso_url_c=\"\";<\/script><script type=\"text\/javascript\" src=\"http:\/\/static.hupso.com\/share\/js\/counters.js\"><\/script><!-- Hupso Share Buttons --><\/div>","protected":false},"author":5,"featured_media":24183,"comment_status":"open","ping_status":"closed","sticky":false,"template":"","format":"standard","meta":{"footnotes":""},"categories":[4,3],"tags":[9338,1071],"class_list":["post-24182","post","type-post","status-publish","format-standard","has-post-thumbnail","hentry","category-cine","category-musica","tag-eduardo-mateo","tag-uruguay"],"_links":{"self":[{"href":"http:\/\/cronicasyversiones.com\/index.php?rest_route=\/wp\/v2\/posts\/24182","targetHints":{"allow":["GET"]}}],"collection":[{"href":"http:\/\/cronicasyversiones.com\/index.php?rest_route=\/wp\/v2\/posts"}],"about":[{"href":"http:\/\/cronicasyversiones.com\/index.php?rest_route=\/wp\/v2\/types\/post"}],"author":[{"embeddable":true,"href":"http:\/\/cronicasyversiones.com\/index.php?rest_route=\/wp\/v2\/users\/5"}],"replies":[{"embeddable":true,"href":"http:\/\/cronicasyversiones.com\/index.php?rest_route=%2Fwp%2Fv2%2Fcomments&post=24182"}],"version-history":[{"count":0,"href":"http:\/\/cronicasyversiones.com\/index.php?rest_route=\/wp\/v2\/posts\/24182\/revisions"}],"wp:featuredmedia":[{"embeddable":true,"href":"http:\/\/cronicasyversiones.com\/index.php?rest_route=\/wp\/v2\/media\/24183"}],"wp:attachment":[{"href":"http:\/\/cronicasyversiones.com\/index.php?rest_route=%2Fwp%2Fv2%2Fmedia&parent=24182"}],"wp:term":[{"taxonomy":"category","embeddable":true,"href":"http:\/\/cronicasyversiones.com\/index.php?rest_route=%2Fwp%2Fv2%2Fcategories&post=24182"},{"taxonomy":"post_tag","embeddable":true,"href":"http:\/\/cronicasyversiones.com\/index.php?rest_route=%2Fwp%2Fv2%2Ftags&post=24182"}],"curies":[{"name":"wp","href":"https:\/\/api.w.org\/{rel}","templated":true}]}}