{"id":24185,"date":"2019-09-03T19:13:42","date_gmt":"2019-09-03T22:13:42","guid":{"rendered":"http:\/\/cronicasyversiones.com\/?p=24185"},"modified":"2019-09-03T19:13:55","modified_gmt":"2019-09-03T22:13:55","slug":"la-piel-de-elisa-sobre-los-recuerdos-del-amor-en-el-camarin-de-las-musas","status":"publish","type":"post","link":"http:\/\/cronicasyversiones.com\/?p=24185","title":{"rendered":"\u201cLa piel de Elisa\u201d, sobre los recuerdos del amor, en El Camar\u00edn de las Musas"},"content":{"rendered":"<div style=\"padding-bottom:20px; padding-top:10px;\" class=\"hupso-share-buttons\"><!-- Hupso Share Buttons - https:\/\/www.hupso.com\/share\/ --><a class=\"hupso_counters\" href=\"https:\/\/www.hupso.com\/share\/\"><img decoding=\"async\" src=\"http:\/\/static.hupso.com\/share\/buttons\/lang\/es\/share-small.png\" style=\"border:0px; padding-top:2px; float:left;\" alt=\"Share Button\"\/><\/a><script type=\"text\/javascript\">var hupso_services_c=new Array(\"twitter\",\"facebook_like\",\"google\");var hupso_counters_lang = \"es_LA\";var hupso_image_folder_url = \"\";var hupso_twitter_via=\"crsyvrs\";var hupso_url_c=\"\";<\/script><script type=\"text\/javascript\" src=\"http:\/\/static.hupso.com\/share\/js\/counters.js\"><\/script><!-- Hupso Share Buttons --><\/div><h2>La puesta, basada en un texto de Carole Fr\u00e9chett y dirigida por Silvina Katz, vuelve a escena con una mujer que cuenta historias de amor propias y ajenas.<\/h2>\n<p><img loading=\"lazy\" decoding=\"async\" class=\"wp-image-24186 aligncenter\" src=\"http:\/\/cronicasyversiones.com\/wp-content\/uploads\/2019\/08\/piel-1024x683.jpg\" alt=\"\" width=\"741\" height=\"494\" srcset=\"http:\/\/cronicasyversiones.com\/wp-content\/uploads\/2019\/08\/piel-1024x683.jpg 1024w, http:\/\/cronicasyversiones.com\/wp-content\/uploads\/2019\/08\/piel-300x200.jpg 300w, http:\/\/cronicasyversiones.com\/wp-content\/uploads\/2019\/08\/piel-768x512.jpg 768w, http:\/\/cronicasyversiones.com\/wp-content\/uploads\/2019\/08\/piel-480x320.jpg 480w\" sizes=\"auto, (max-width: 741px) 100vw, 741px\" \/><\/p>\n<p><strong><em>\u00a0\u201cLa piel de Elisa\u201d,<\/em><\/strong> basada en un texto de <strong>Carole Fr\u00e9chett<\/strong> y dirigida por <strong>Silvina Katz,<\/strong> trata sobre una mujer en un bar que cuenta historias de amor propias y ajenas y busca la complicidad de los parroquianos, se volver\u00e1 a ver los domingos a las 18.30, desde el 8 de septiembre en <strong>El Camar\u00edn de las Musas,<\/strong> Mario Bravo 960, barrio de Almagro.<\/p>\n<p><strong>Una mujer, un muchacho, un m\u00fasico y el p\u00fablico.<\/strong> El lugar: un caf\u00e9. All\u00ed se develar\u00e1n historias de sensaciones, de im\u00e1genes vivas, de peque\u00f1os momentos transitados a pleno. Los recuerdos invaden el espacio. Elisa busca sostenerse encendida. Es la necesidad de ser y no s\u00f3lo perdurar lo que la obstina.<\/p>\n<p>Con <strong><em>\u201cLa piel de Elisa\u201d<\/em><\/strong> nos preguntamos sobre el amor a la vida o sobre la lucha desesperada que hacemos por aferrarnos a ella. Eros versus Tanatos. La decadencia f\u00edsica es inevitable, pero \u00bfc\u00f3mo preservar los signos vitales de sensualidad y el entusiasmo para transitar la vida? \u00bfTiene fecha de vencimiento la sensualidad? Elisa, te hace reencontrar con tu estar vivo, o te se\u00f1ala que ya est\u00e1s muerto.<\/p>\n<p><em><strong>LEA TAMBI\u00c9N:<\/strong> <\/em><\/p>\n<div class=\"video-container\">\n<blockquote class=\"wp-embedded-content\" data-secret=\"RF1f7QHkoP\"><p><a href=\"http:\/\/cronicasyversiones.com\/?p=23951\">\u00abTodos hablamos de amor\u00bb, de Cecilia Troncoso, en El Galp\u00f3n de Guevara<\/a><\/p><\/blockquote>\n<p><iframe loading=\"lazy\" class=\"wp-embedded-content\" sandbox=\"allow-scripts\" security=\"restricted\" style=\"position: absolute; clip: rect(1px, 1px, 1px, 1px);\" title=\"\u00ab\u00abTodos hablamos de amor\u00bb, de Cecilia Troncoso, en El Galp\u00f3n de Guevara\u00bb \u2014    \" src=\"http:\/\/cronicasyversiones.com\/?p=23951&#038;embed=true#?secret=6MTn2NphXz#?secret=RF1f7QHkoP\" data-secret=\"RF1f7QHkoP\" width=\"600\" height=\"338\" frameborder=\"0\" marginwidth=\"0\" marginheight=\"0\" scrolling=\"no\"><\/iframe><\/div>\n<p>Elisa toma la bandera que le ofrece el muchacho, insiste en los peque\u00f1os detalles, persevera, lucha. A veces le va bien. A veces no. Obstinarse y resistir, no resignarse, creer en lo ut\u00f3pico (\u00bfel muchacho?), como \u00fanico camino para no dejarse vencer.<\/p>\n<p>Act\u00faan<strong> Dana Basso <\/strong>y<strong> Lisandro Penelas, <\/strong>con chelo en vivo por <strong>Fabio Loverso<\/strong>, espacio esc\u00e9nico de Jos\u00e9 Escobar, vestuario de Ana Nieves Ventura y asistencia de direcci\u00f3n de Vicky Brudny.<\/p>\n<div style=\"padding-bottom:20px; padding-top:10px;\" class=\"hupso-share-buttons\"><!-- Hupso Share Buttons - https:\/\/www.hupso.com\/share\/ --><a class=\"hupso_counters\" href=\"https:\/\/www.hupso.com\/share\/\"><img decoding=\"async\" src=\"http:\/\/static.hupso.com\/share\/buttons\/lang\/es\/share-small.png\" style=\"border:0px; padding-top:2px; float:left;\" alt=\"Share Button\"\/><\/a><script type=\"text\/javascript\">var hupso_services_c=new Array(\"twitter\",\"facebook_like\",\"google\");var hupso_counters_lang = \"es_LA\";var hupso_image_folder_url = \"\";var hupso_twitter_via=\"crsyvrs\";var hupso_url_c=\"\";<\/script><script type=\"text\/javascript\" src=\"http:\/\/static.hupso.com\/share\/js\/counters.js\"><\/script><!-- Hupso Share Buttons --><\/div> ","protected":false},"excerpt":{"rendered":"<div style=\"padding-bottom:20px; padding-top:10px;\" class=\"hupso-share-buttons\"><!-- Hupso Share Buttons - https:\/\/www.hupso.com\/share\/ --><a class=\"hupso_counters\" href=\"https:\/\/www.hupso.com\/share\/\"><img src=\"http:\/\/static.hupso.com\/share\/buttons\/lang\/es\/share-small.png\" style=\"border:0px; padding-top:2px; float:left;\" alt=\"Share Button\"\/><\/a><script type=\"text\/javascript\">var hupso_services_c=new Array(\"twitter\",\"facebook_like\",\"google\");var hupso_counters_lang = \"es_LA\";var hupso_image_folder_url = \"\";var hupso_twitter_via=\"crsyvrs\";var hupso_url_c=\"\";<\/script><script type=\"text\/javascript\" src=\"http:\/\/static.hupso.com\/share\/js\/counters.js\"><\/script><!-- Hupso Share Buttons --><\/div><p>La puesta, basada en un texto de Carole Fr\u00e9chett y dirigida por Silvina Katz, vuelve a escena con una mujer que cuenta historias de amor propias y ajenas. \u00a0\u201cLa piel de Elisa\u201d, basada en un texto de Carole Fr\u00e9chett&#46;&#46;&#46;<\/p>\n<div style=\"padding-bottom:20px; padding-top:10px;\" class=\"hupso-share-buttons\"><!-- Hupso Share Buttons - https:\/\/www.hupso.com\/share\/ --><a class=\"hupso_counters\" href=\"https:\/\/www.hupso.com\/share\/\"><img src=\"http:\/\/static.hupso.com\/share\/buttons\/lang\/es\/share-small.png\" style=\"border:0px; padding-top:2px; float:left;\" alt=\"Share Button\"\/><\/a><script type=\"text\/javascript\">var hupso_services_c=new Array(\"twitter\",\"facebook_like\",\"google\");var hupso_counters_lang = \"es_LA\";var hupso_image_folder_url = \"\";var hupso_twitter_via=\"crsyvrs\";var hupso_url_c=\"\";<\/script><script type=\"text\/javascript\" src=\"http:\/\/static.hupso.com\/share\/js\/counters.js\"><\/script><!-- Hupso Share Buttons --><\/div>","protected":false},"author":5,"featured_media":24186,"comment_status":"open","ping_status":"closed","sticky":false,"template":"","format":"standard","meta":{"footnotes":""},"categories":[5],"tags":[3753,9339],"class_list":["post-24185","post","type-post","status-publish","format-standard","has-post-thumbnail","hentry","category-teatro","tag-el-camarin-de-las-musas","tag-silvina-katz"],"_links":{"self":[{"href":"http:\/\/cronicasyversiones.com\/index.php?rest_route=\/wp\/v2\/posts\/24185","targetHints":{"allow":["GET"]}}],"collection":[{"href":"http:\/\/cronicasyversiones.com\/index.php?rest_route=\/wp\/v2\/posts"}],"about":[{"href":"http:\/\/cronicasyversiones.com\/index.php?rest_route=\/wp\/v2\/types\/post"}],"author":[{"embeddable":true,"href":"http:\/\/cronicasyversiones.com\/index.php?rest_route=\/wp\/v2\/users\/5"}],"replies":[{"embeddable":true,"href":"http:\/\/cronicasyversiones.com\/index.php?rest_route=%2Fwp%2Fv2%2Fcomments&post=24185"}],"version-history":[{"count":0,"href":"http:\/\/cronicasyversiones.com\/index.php?rest_route=\/wp\/v2\/posts\/24185\/revisions"}],"wp:featuredmedia":[{"embeddable":true,"href":"http:\/\/cronicasyversiones.com\/index.php?rest_route=\/wp\/v2\/media\/24186"}],"wp:attachment":[{"href":"http:\/\/cronicasyversiones.com\/index.php?rest_route=%2Fwp%2Fv2%2Fmedia&parent=24185"}],"wp:term":[{"taxonomy":"category","embeddable":true,"href":"http:\/\/cronicasyversiones.com\/index.php?rest_route=%2Fwp%2Fv2%2Fcategories&post=24185"},{"taxonomy":"post_tag","embeddable":true,"href":"http:\/\/cronicasyversiones.com\/index.php?rest_route=%2Fwp%2Fv2%2Ftags&post=24185"}],"curies":[{"name":"wp","href":"https:\/\/api.w.org\/{rel}","templated":true}]}}