{"id":24227,"date":"2019-08-28T14:07:10","date_gmt":"2019-08-28T17:07:10","guid":{"rendered":"http:\/\/cronicasyversiones.com\/?p=24227"},"modified":"2019-09-10T15:43:24","modified_gmt":"2019-09-10T18:43:24","slug":"la-vida-de-los-descendientes-del-cacique-juan-calfucura-en-un-documental","status":"publish","type":"post","link":"http:\/\/cronicasyversiones.com\/?p=24227","title":{"rendered":"La vida de los descendientes del cacique Juan Calfucur\u00e1, en un documental"},"content":{"rendered":"<div style=\"padding-bottom:20px; padding-top:10px;\" class=\"hupso-share-buttons\"><!-- Hupso Share Buttons - https:\/\/www.hupso.com\/share\/ --><a class=\"hupso_counters\" href=\"https:\/\/www.hupso.com\/share\/\"><img decoding=\"async\" src=\"http:\/\/static.hupso.com\/share\/buttons\/lang\/es\/share-small.png\" style=\"border:0px; padding-top:2px; float:left;\" alt=\"Share Button\"\/><\/a><script type=\"text\/javascript\">var hupso_services_c=new Array(\"twitter\",\"facebook_like\",\"google\");var hupso_counters_lang = \"es_LA\";var hupso_image_folder_url = \"\";var hupso_twitter_via=\"crsyvrs\";var hupso_url_c=\"\";<\/script><script type=\"text\/javascript\" src=\"http:\/\/static.hupso.com\/share\/js\/counters.js\"><\/script><!-- Hupso Share Buttons --><\/div><h2>Con direcci\u00f3n de Pablo Reyero,\u00a0 el film narra la vida cotidiana, cultura y creencias de los descendientes del l\u00edder pol\u00edtico de la Naci\u00f3n Mapuche.<\/h2>\n<p><img loading=\"lazy\" decoding=\"async\" class=\"alignleft size-full wp-image-24348\" src=\"http:\/\/cronicasyversiones.com\/wp-content\/uploads\/2019\/08\/paso-1.jpg\" alt=\"\" width=\"960\" height=\"623\" srcset=\"http:\/\/cronicasyversiones.com\/wp-content\/uploads\/2019\/08\/paso-1.jpg 960w, http:\/\/cronicasyversiones.com\/wp-content\/uploads\/2019\/08\/paso-1-300x195.jpg 300w, http:\/\/cronicasyversiones.com\/wp-content\/uploads\/2019\/08\/paso-1-768x498.jpg 768w\" sizes=\"auto, (max-width: 960px) 100vw, 960px\" \/><\/p>\n<p><em><strong>\u201cPaso San Ignacio\u201d<\/strong><\/em>, el documental de<strong> Pablo Reyero<\/strong>, narra la vida cotidiana, cultura y creencias de los descendientes directos del gran cacique <strong>Juan Calfucur\u00e1<\/strong>, principal l\u00edder espiritual, pol\u00edtico y guerrero de la Naci\u00f3n Mapuche al este de la cordillera de los Andes, y cuyo padre fue gu\u00eda del general <strong>Jos\u00e9 de San Mart\u00edn<\/strong> en el cruce de los Andes.<\/p>\n<p>Entre 1834 y 1878 la tribu de Calfucur\u00e1 habit\u00f3 las pampas, control\u00f3 la extracci\u00f3n de sal de <strong>Salinas Grandes<\/strong> y un corredor milenario ind\u00edgena entre los oc\u00e9anos Pac\u00edfico y Atl\u00e1ntico, por el que arriaron unos cincuenta millones de cabezas de ganado, en acuerdo con estancieros, funcionarios y militares transcordilleranos.<\/p>\n<p>Luego de la disparada durante la conquista del desierto,<strong> quedaron asentados en el estrat\u00e9gico Paso San Ignacio<\/strong>, en la precordillera neuquina, su hijo <strong>Manuel Namuncur\u00e1<\/strong> y unos pocos sobrevivientes de la tribu salinera con su cultura, los restos del beato <strong>Ceferino Namuncur\u00e1<\/strong>, y una antigua piedra sagrada &#8211; el Newen &#8211; a la que le atribuyen poderes sobrenaturales y haberlos salvado del exterminio del blanco.<\/p>\n<p><iframe loading=\"lazy\" src=\"https:\/\/www.youtube.com\/embed\/N910oOBmBxA\" width=\"600\" height=\"350\" frameborder=\"0\" allowfullscreen=\"allowfullscreen\"><span data-mce-type=\"bookmark\" style=\"display: inline-block; width: 0px; overflow: hidden; line-height: 0;\" class=\"mce_SELRES_start\">?<\/span><\/iframe><\/p>\n<p>La direcci\u00f3n es de Pablo Reyero, autor tambi\u00e9n de <em><strong>\u00abD\u00e1rsena Sur\u00bb<\/strong><\/em> y la <em><strong>\u00abLa cruz del Sur\u00bb<\/strong><\/em>, con gui\u00f3n propio, igual que la fotograf\u00eda y edici\u00f3n de Lucas Boran.<\/p>\n<p>Participan en el documental \u00a0Ger\u00f3nimo Namuncura; Susana Cisterna, Luis Rene Namuncura, Elba Mena Ercila P\u00e9rez, Sebastian Cisterna, Laureano Namuncura y Miriam Mart\u00edn.<\/p>\n<div style=\"padding-bottom:20px; padding-top:10px;\" class=\"hupso-share-buttons\"><!-- Hupso Share Buttons - https:\/\/www.hupso.com\/share\/ --><a class=\"hupso_counters\" href=\"https:\/\/www.hupso.com\/share\/\"><img decoding=\"async\" src=\"http:\/\/static.hupso.com\/share\/buttons\/lang\/es\/share-small.png\" style=\"border:0px; padding-top:2px; float:left;\" alt=\"Share Button\"\/><\/a><script type=\"text\/javascript\">var hupso_services_c=new Array(\"twitter\",\"facebook_like\",\"google\");var hupso_counters_lang = \"es_LA\";var hupso_image_folder_url = \"\";var hupso_twitter_via=\"crsyvrs\";var hupso_url_c=\"\";<\/script><script type=\"text\/javascript\" src=\"http:\/\/static.hupso.com\/share\/js\/counters.js\"><\/script><!-- Hupso Share Buttons --><\/div> ","protected":false},"excerpt":{"rendered":"<div style=\"padding-bottom:20px; padding-top:10px;\" class=\"hupso-share-buttons\"><!-- Hupso Share Buttons - https:\/\/www.hupso.com\/share\/ --><a class=\"hupso_counters\" href=\"https:\/\/www.hupso.com\/share\/\"><img src=\"http:\/\/static.hupso.com\/share\/buttons\/lang\/es\/share-small.png\" style=\"border:0px; padding-top:2px; float:left;\" alt=\"Share Button\"\/><\/a><script type=\"text\/javascript\">var hupso_services_c=new Array(\"twitter\",\"facebook_like\",\"google\");var hupso_counters_lang = \"es_LA\";var hupso_image_folder_url = \"\";var hupso_twitter_via=\"crsyvrs\";var hupso_url_c=\"\";<\/script><script type=\"text\/javascript\" src=\"http:\/\/static.hupso.com\/share\/js\/counters.js\"><\/script><!-- Hupso Share Buttons --><\/div><p>Con direcci\u00f3n de Pablo Reyero,\u00a0 el film narra la vida cotidiana, cultura y creencias de los descendientes del l\u00edder pol\u00edtico de la Naci\u00f3n Mapuche. \u201cPaso San Ignacio\u201d, el documental de Pablo Reyero, narra la vida cotidiana, cultura y creencias&#46;&#46;&#46;<\/p>\n<div style=\"padding-bottom:20px; padding-top:10px;\" class=\"hupso-share-buttons\"><!-- Hupso Share Buttons - https:\/\/www.hupso.com\/share\/ --><a class=\"hupso_counters\" href=\"https:\/\/www.hupso.com\/share\/\"><img src=\"http:\/\/static.hupso.com\/share\/buttons\/lang\/es\/share-small.png\" style=\"border:0px; padding-top:2px; float:left;\" alt=\"Share Button\"\/><\/a><script type=\"text\/javascript\">var hupso_services_c=new Array(\"twitter\",\"facebook_like\",\"google\");var hupso_counters_lang = \"es_LA\";var hupso_image_folder_url = \"\";var hupso_twitter_via=\"crsyvrs\";var hupso_url_c=\"\";<\/script><script type=\"text\/javascript\" src=\"http:\/\/static.hupso.com\/share\/js\/counters.js\"><\/script><!-- Hupso Share Buttons --><\/div>","protected":false},"author":5,"featured_media":24348,"comment_status":"open","ping_status":"closed","sticky":false,"template":"","format":"standard","meta":{"footnotes":""},"categories":[4],"tags":[944,9346],"class_list":["post-24227","post","type-post","status-publish","format-standard","has-post-thumbnail","hentry","category-cine","tag-documentales","tag-pablo-reyero"],"_links":{"self":[{"href":"http:\/\/cronicasyversiones.com\/index.php?rest_route=\/wp\/v2\/posts\/24227","targetHints":{"allow":["GET"]}}],"collection":[{"href":"http:\/\/cronicasyversiones.com\/index.php?rest_route=\/wp\/v2\/posts"}],"about":[{"href":"http:\/\/cronicasyversiones.com\/index.php?rest_route=\/wp\/v2\/types\/post"}],"author":[{"embeddable":true,"href":"http:\/\/cronicasyversiones.com\/index.php?rest_route=\/wp\/v2\/users\/5"}],"replies":[{"embeddable":true,"href":"http:\/\/cronicasyversiones.com\/index.php?rest_route=%2Fwp%2Fv2%2Fcomments&post=24227"}],"version-history":[{"count":0,"href":"http:\/\/cronicasyversiones.com\/index.php?rest_route=\/wp\/v2\/posts\/24227\/revisions"}],"wp:featuredmedia":[{"embeddable":true,"href":"http:\/\/cronicasyversiones.com\/index.php?rest_route=\/wp\/v2\/media\/24348"}],"wp:attachment":[{"href":"http:\/\/cronicasyversiones.com\/index.php?rest_route=%2Fwp%2Fv2%2Fmedia&parent=24227"}],"wp:term":[{"taxonomy":"category","embeddable":true,"href":"http:\/\/cronicasyversiones.com\/index.php?rest_route=%2Fwp%2Fv2%2Fcategories&post=24227"},{"taxonomy":"post_tag","embeddable":true,"href":"http:\/\/cronicasyversiones.com\/index.php?rest_route=%2Fwp%2Fv2%2Ftags&post=24227"}],"curies":[{"name":"wp","href":"https:\/\/api.w.org\/{rel}","templated":true}]}}