{"id":24324,"date":"2019-09-09T11:37:53","date_gmt":"2019-09-09T14:37:53","guid":{"rendered":"http:\/\/cronicasyversiones.com\/?p=24324"},"modified":"2019-09-09T15:12:03","modified_gmt":"2019-09-09T18:12:03","slug":"llega-la-decima-edicion-del-festival-de-cine-migrante","status":"publish","type":"post","link":"http:\/\/cronicasyversiones.com\/?p=24324","title":{"rendered":"Llega la d\u00e9cima edici\u00f3n del Festival de Cine Migrante"},"content":{"rendered":"<div style=\"padding-bottom:20px; padding-top:10px;\" class=\"hupso-share-buttons\"><!-- Hupso Share Buttons - https:\/\/www.hupso.com\/share\/ --><a class=\"hupso_counters\" href=\"https:\/\/www.hupso.com\/share\/\"><img decoding=\"async\" src=\"http:\/\/static.hupso.com\/share\/buttons\/lang\/es\/share-small.png\" style=\"border:0px; padding-top:2px; float:left;\" alt=\"Share Button\"\/><\/a><script type=\"text\/javascript\">var hupso_services_c=new Array(\"twitter\",\"facebook_like\",\"google\");var hupso_counters_lang = \"es_LA\";var hupso_image_folder_url = \"\";var hupso_twitter_via=\"crsyvrs\";var hupso_url_c=\"\";<\/script><script type=\"text\/javascript\" src=\"http:\/\/static.hupso.com\/share\/js\/counters.js\"><\/script><!-- Hupso Share Buttons --><\/div><h2>En el encuentro se proyectar\u00e1n 72 pel\u00edculas de 37 pa\u00edses, con un foco puesto en el restablecimiento de los gobiernos xen\u00f3fobos y criminalizadores.<\/h2>\n<p><img loading=\"lazy\" decoding=\"async\" class=\"wp-image-24325 aligncenter\" src=\"http:\/\/cronicasyversiones.com\/wp-content\/uploads\/2019\/09\/migrante-1024x643.jpg\" alt=\"\" width=\"760\" height=\"477\" srcset=\"http:\/\/cronicasyversiones.com\/wp-content\/uploads\/2019\/09\/migrante-1024x643.jpg 1024w, http:\/\/cronicasyversiones.com\/wp-content\/uploads\/2019\/09\/migrante-300x188.jpg 300w, http:\/\/cronicasyversiones.com\/wp-content\/uploads\/2019\/09\/migrante-768x482.jpg 768w, http:\/\/cronicasyversiones.com\/wp-content\/uploads\/2019\/09\/migrante.jpg 1243w\" sizes=\"auto, (max-width: 760px) 100vw, 760px\" \/><\/p>\n<p>La d\u00e9cima edici\u00f3n del <strong>Festival Internacional de Cine y Formaci\u00f3n en Derechos Humanos CineMigrante<\/strong>, que contar\u00e1 con 72 pel\u00edculas de 37 pa\u00edses, tendr\u00e1 lugar el pr\u00f3ximo mi\u00e9rcoles 11 de septiembre hasta el domingo 22 en 15 sedes ubicadas en la Ciudad de Buenos Aires y en las localidades bonaerenses de Avellaneda y Vicente L\u00f3pez, con entrada libre y gratuita.<\/p>\n<p>En esta su d\u00e9cima edici\u00f3n con un foco puesto en el restablecimiento de los <strong>gobiernos xen\u00f3fobos y criminalizadores<\/strong> de la movilidad humana en el mundo.<\/p>\n<p>Esta nueva edici\u00f3n ofrecer\u00e1 una secci\u00f3n curatorial y otro aniversario dedicada al cine ensayo realizado por mujeres, adem\u00e1s de proyecciones con intervenciones musicales y perform\u00e1ticas, videoinstalaciones, presentaciones de realidad inmersiva, focos, presentaciones de libros y mesas con directores.<\/p>\n<p>La muestra, que cumple 10 a\u00f1os ininterrumpidos y que se organiza en forma conjunta con el <strong>Instituto Nacional de Cine y Artes Audiovisuales (Incaa) y la Universidad Nacional de San Mart\u00edn (Unsam),<\/strong> ofrecer\u00e1 todas sus funciones con entrada libre y gratuita en sedes como la Alianza Francesa, la Casa Nacional del Bicentenario, el Museo Etnogr\u00e1fico y el Centro Cultural Haroldo Conti, entre otros.<\/p>\n<p><em><strong>LEA TAMBI\u00c9N:\u00a0<\/strong><\/em><\/p>\n<div class=\"video-container\">\n<blockquote class=\"wp-embedded-content\" data-secret=\"Lq9adHTjr1\"><p><a href=\"https:\/\/cronicasyversiones.com\/?p=24292\">\u201cEl Silencio de Otros\u201d, un documental sobre las v\u00edctimas del franquismo<\/a><\/p><\/blockquote>\n<p><iframe loading=\"lazy\" class=\"wp-embedded-content\" sandbox=\"allow-scripts\" security=\"restricted\" style=\"position: absolute; clip: rect(1px, 1px, 1px, 1px);\" title=\"\u00ab\u201cEl Silencio de Otros\u201d, un documental sobre las v\u00edctimas del franquismo\u00bb \u2014    \" src=\"https:\/\/cronicasyversiones.com\/?p=24292&#038;embed=true#?secret=9gVslQFWCZ#?secret=Lq9adHTjr1\" data-secret=\"Lq9adHTjr1\" width=\"600\" height=\"338\" frameborder=\"0\" marginwidth=\"0\" marginheight=\"0\" scrolling=\"no\"><\/iframe><\/div>\n<p>El film <em><strong>\u00abShelter\u00bb<\/strong><\/em>, del realizador <strong>Enrico Masi,<\/strong> abrir\u00e1 la muestra este mi\u00e9rcoles y a partir de entonces se proyectar\u00e1n 72 pel\u00edculas provenientes de 37 pa\u00edses hasta la entrega de premios el domingo 22 de septiembre.<\/p>\n<p>Adem\u00e1s de las proyecciones, el festival trae a Buenos Aires invitados internacionales, como <strong>Suely Rolnik<\/strong> y la realizadora siria Sara Fattahi, entre otras, y ofrecer\u00e1 en simult\u00e1neo conferencias, videoinstalaciones, y mesas de debate.<\/p>\n<p>Con una competencia Internacional, otra Iberoamericana y una tercera referida a films sobre Refugiados, adem\u00e1s de cert\u00e1menes de cortometrajes.<\/p>\n<p>M\u00e1s informaci\u00f3n en www.cinemigrante.org<\/p>\n<div style=\"padding-bottom:20px; padding-top:10px;\" class=\"hupso-share-buttons\"><!-- Hupso Share Buttons - https:\/\/www.hupso.com\/share\/ --><a class=\"hupso_counters\" href=\"https:\/\/www.hupso.com\/share\/\"><img decoding=\"async\" src=\"http:\/\/static.hupso.com\/share\/buttons\/lang\/es\/share-small.png\" style=\"border:0px; padding-top:2px; float:left;\" alt=\"Share Button\"\/><\/a><script type=\"text\/javascript\">var hupso_services_c=new Array(\"twitter\",\"facebook_like\",\"google\");var hupso_counters_lang = \"es_LA\";var hupso_image_folder_url = \"\";var hupso_twitter_via=\"crsyvrs\";var hupso_url_c=\"\";<\/script><script type=\"text\/javascript\" src=\"http:\/\/static.hupso.com\/share\/js\/counters.js\"><\/script><!-- Hupso Share Buttons --><\/div> ","protected":false},"excerpt":{"rendered":"<div style=\"padding-bottom:20px; padding-top:10px;\" class=\"hupso-share-buttons\"><!-- Hupso Share Buttons - https:\/\/www.hupso.com\/share\/ --><a class=\"hupso_counters\" href=\"https:\/\/www.hupso.com\/share\/\"><img src=\"http:\/\/static.hupso.com\/share\/buttons\/lang\/es\/share-small.png\" style=\"border:0px; padding-top:2px; float:left;\" alt=\"Share Button\"\/><\/a><script type=\"text\/javascript\">var hupso_services_c=new Array(\"twitter\",\"facebook_like\",\"google\");var hupso_counters_lang = \"es_LA\";var hupso_image_folder_url = \"\";var hupso_twitter_via=\"crsyvrs\";var hupso_url_c=\"\";<\/script><script type=\"text\/javascript\" src=\"http:\/\/static.hupso.com\/share\/js\/counters.js\"><\/script><!-- Hupso Share Buttons --><\/div><p>En el encuentro se proyectar\u00e1n 72 pel\u00edculas de 37 pa\u00edses, con un foco puesto en el restablecimiento de los gobiernos xen\u00f3fobos y criminalizadores. La d\u00e9cima edici\u00f3n del Festival Internacional de Cine y Formaci\u00f3n en Derechos Humanos CineMigrante, que contar\u00e1&#46;&#46;&#46;<\/p>\n<div style=\"padding-bottom:20px; padding-top:10px;\" class=\"hupso-share-buttons\"><!-- Hupso Share Buttons - https:\/\/www.hupso.com\/share\/ --><a class=\"hupso_counters\" href=\"https:\/\/www.hupso.com\/share\/\"><img src=\"http:\/\/static.hupso.com\/share\/buttons\/lang\/es\/share-small.png\" style=\"border:0px; padding-top:2px; float:left;\" alt=\"Share Button\"\/><\/a><script type=\"text\/javascript\">var hupso_services_c=new Array(\"twitter\",\"facebook_like\",\"google\");var hupso_counters_lang = \"es_LA\";var hupso_image_folder_url = \"\";var hupso_twitter_via=\"crsyvrs\";var hupso_url_c=\"\";<\/script><script type=\"text\/javascript\" src=\"http:\/\/static.hupso.com\/share\/js\/counters.js\"><\/script><!-- Hupso Share Buttons --><\/div>","protected":false},"author":5,"featured_media":24325,"comment_status":"open","ping_status":"closed","sticky":false,"template":"","format":"standard","meta":{"footnotes":""},"categories":[4],"tags":[7320,1529],"class_list":["post-24324","post","type-post","status-publish","format-standard","has-post-thumbnail","hentry","category-cine","tag-cine-migrante","tag-incaa"],"_links":{"self":[{"href":"http:\/\/cronicasyversiones.com\/index.php?rest_route=\/wp\/v2\/posts\/24324","targetHints":{"allow":["GET"]}}],"collection":[{"href":"http:\/\/cronicasyversiones.com\/index.php?rest_route=\/wp\/v2\/posts"}],"about":[{"href":"http:\/\/cronicasyversiones.com\/index.php?rest_route=\/wp\/v2\/types\/post"}],"author":[{"embeddable":true,"href":"http:\/\/cronicasyversiones.com\/index.php?rest_route=\/wp\/v2\/users\/5"}],"replies":[{"embeddable":true,"href":"http:\/\/cronicasyversiones.com\/index.php?rest_route=%2Fwp%2Fv2%2Fcomments&post=24324"}],"version-history":[{"count":0,"href":"http:\/\/cronicasyversiones.com\/index.php?rest_route=\/wp\/v2\/posts\/24324\/revisions"}],"wp:featuredmedia":[{"embeddable":true,"href":"http:\/\/cronicasyversiones.com\/index.php?rest_route=\/wp\/v2\/media\/24325"}],"wp:attachment":[{"href":"http:\/\/cronicasyversiones.com\/index.php?rest_route=%2Fwp%2Fv2%2Fmedia&parent=24324"}],"wp:term":[{"taxonomy":"category","embeddable":true,"href":"http:\/\/cronicasyversiones.com\/index.php?rest_route=%2Fwp%2Fv2%2Fcategories&post=24324"},{"taxonomy":"post_tag","embeddable":true,"href":"http:\/\/cronicasyversiones.com\/index.php?rest_route=%2Fwp%2Fv2%2Ftags&post=24324"}],"curies":[{"name":"wp","href":"https:\/\/api.w.org\/{rel}","templated":true}]}}