{"id":24327,"date":"2019-09-12T20:03:01","date_gmt":"2019-09-12T23:03:01","guid":{"rendered":"http:\/\/cronicasyversiones.com\/?p=24327"},"modified":"2019-09-12T20:03:04","modified_gmt":"2019-09-12T23:03:04","slug":"la-fachalfarra-una-obra-a-partir-de-ferdydurke-de-witold-gombrowicz","status":"publish","type":"post","link":"http:\/\/cronicasyversiones.com\/?p=24327","title":{"rendered":"\u201cLa Fachalfarra\u201d, una obra a partir de \u201cFerdydurke\u201d de Witold Gombrowicz"},"content":{"rendered":"<div style=\"padding-bottom:20px; padding-top:10px;\" class=\"hupso-share-buttons\"><!-- Hupso Share Buttons - https:\/\/www.hupso.com\/share\/ --><a class=\"hupso_counters\" href=\"https:\/\/www.hupso.com\/share\/\"><img decoding=\"async\" src=\"http:\/\/static.hupso.com\/share\/buttons\/lang\/es\/share-small.png\" style=\"border:0px; padding-top:2px; float:left;\" alt=\"Share Button\"\/><\/a><script type=\"text\/javascript\">var hupso_services_c=new Array(\"twitter\",\"facebook_like\",\"google\");var hupso_counters_lang = \"es_LA\";var hupso_image_folder_url = \"\";var hupso_twitter_via=\"crsyvrs\";var hupso_url_c=\"\";<\/script><script type=\"text\/javascript\" src=\"http:\/\/static.hupso.com\/share\/js\/counters.js\"><\/script><!-- Hupso Share Buttons --><\/div><h2>Con texto y direcci\u00f3n de Alfredo Martin, el t\u00edtulo de la puesta juega con una especie de desborde o celebraci\u00f3n de las fachas y con el t\u00e9rmino lunfardo farra.<\/h2>\n<p><img loading=\"lazy\" decoding=\"async\" class=\"wp-image-24328 aligncenter\" src=\"http:\/\/cronicasyversiones.com\/wp-content\/uploads\/2019\/09\/farra-1024x768.jpg\" alt=\"\" width=\"752\" height=\"564\" srcset=\"http:\/\/cronicasyversiones.com\/wp-content\/uploads\/2019\/09\/farra-1024x768.jpg 1024w, http:\/\/cronicasyversiones.com\/wp-content\/uploads\/2019\/09\/farra-300x225.jpg 300w, http:\/\/cronicasyversiones.com\/wp-content\/uploads\/2019\/09\/farra-768x576.jpg 768w, http:\/\/cronicasyversiones.com\/wp-content\/uploads\/2019\/09\/farra-640x480.jpg 640w, http:\/\/cronicasyversiones.com\/wp-content\/uploads\/2019\/09\/farra.jpg 1152w\" sizes=\"auto, (max-width: 752px) 100vw, 752px\" \/><\/p>\n<p><em><strong>&nbsp;\u201cLa Fachalfarra\u201d<\/strong><\/em>, la nueva puesta con texto y direcci\u00f3n de <strong>Alfredo Martin,<\/strong> a partir la novela <em><strong>\u201cFerdydurke\u201d,<\/strong><\/em> de <strong>Witold Gombrowicz<\/strong>, sale a escena los viernes a las 22,30 en <strong>Teatro Andamio,<\/strong> la sala ubicada en Paran\u00e1 660.<\/p>\n<p>El titulo juega con una especie de desborde o <strong>celebraci\u00f3n de las fachas<\/strong>, del italiano faccia, que se refiere al rostro, mientras que el t\u00e9rmino <strong>farra, proveniente del lunfardo,<\/strong> simboliza la embriaguez de lo festivo.<\/p>\n<p><strong>La gran obsesi\u00f3n gombrowicziana en todo su esplendor<\/strong>: aquellas formas que capturan al sujeto, asegur\u00e1ndole as\u00ed un yo acabado (en contraposici\u00f3n a la inmadurez, lo bajo, lo primitivo), puestas en jaque. La Fachalfarra es un banquete gozoso, una celebraci\u00f3n desquiciada: el hombre enfrent\u00e1ndose a sus propias formas hasta pulverizarlas en el aire.<\/p>\n<p><em><strong>LEA TAMBI\u00c9N:&nbsp;<\/strong><\/em><\/p>\n<div class=\"video-container\">\n<blockquote class=\"wp-embedded-content\" data-secret=\"nC4ssWW22z\"><p><a href=\"http:\/\/cronicasyversiones.com\/?p=24260\">\u201cLa Varsovia\u201d, una obra sobre las trata a principios del Siglo XX<\/a><\/p><\/blockquote>\n<p><iframe loading=\"lazy\" class=\"wp-embedded-content\" sandbox=\"allow-scripts\" security=\"restricted\" style=\"position: absolute; clip: rect(1px, 1px, 1px, 1px);\" title=\"\u00ab\u201cLa Varsovia\u201d, una obra sobre las trata a principios del Siglo XX\u00bb \u2014    \" src=\"http:\/\/cronicasyversiones.com\/?p=24260&#038;embed=true#?secret=G5K8Q640qU#?secret=nC4ssWW22z\" data-secret=\"nC4ssWW22z\" width=\"600\" height=\"338\" frameborder=\"0\" marginwidth=\"0\" marginheight=\"0\" scrolling=\"no\"><\/iframe><\/div>\n<p>En las escenas, <strong>Pepe, un hombre que desea permanecer en su propia inmadurez huye de la ciudad junto a Polilla<\/strong>, un adolescente. Ambos marchan al campo en b\u00fasqueda de una existencia pura. En la casa de la t\u00eda Hurlecka, Pepe se reencuentra con su familia aristocr\u00e1tica.<\/p>\n<p><strong>Polilla fraterniza con un criado de la casa,<\/strong> generando un violento conflicto familiar al trasgredir las costumbres clasistas de la misma. Pepe se debate entre el mandato de una vida normalizada y madura o la rebeli\u00f3n frente a las formas que se le imponen.<\/p>\n<p>El elenco lo completan Juli\u00e1n Belleggia, Angel Blanco, Marcelo Bucossi, Emanuel Cacace, Leandro C\u00e1ceres, Luis Cardozo, Natalia Chiesi, Milton De La Canal, Rosana L\u00f3pez, Luciana Procaccini, Gustavo Reverdito y Mat\u00edas S\u00e1nchez Sanda.<\/p>\n<div style=\"padding-bottom:20px; padding-top:10px;\" class=\"hupso-share-buttons\"><!-- Hupso Share Buttons - https:\/\/www.hupso.com\/share\/ --><a class=\"hupso_counters\" href=\"https:\/\/www.hupso.com\/share\/\"><img decoding=\"async\" src=\"http:\/\/static.hupso.com\/share\/buttons\/lang\/es\/share-small.png\" style=\"border:0px; padding-top:2px; float:left;\" alt=\"Share Button\"\/><\/a><script type=\"text\/javascript\">var hupso_services_c=new Array(\"twitter\",\"facebook_like\",\"google\");var hupso_counters_lang = \"es_LA\";var hupso_image_folder_url = \"\";var hupso_twitter_via=\"crsyvrs\";var hupso_url_c=\"\";<\/script><script type=\"text\/javascript\" src=\"http:\/\/static.hupso.com\/share\/js\/counters.js\"><\/script><!-- Hupso Share Buttons --><\/div> ","protected":false},"excerpt":{"rendered":"<div style=\"padding-bottom:20px; padding-top:10px;\" class=\"hupso-share-buttons\"><!-- Hupso Share Buttons - https:\/\/www.hupso.com\/share\/ --><a class=\"hupso_counters\" href=\"https:\/\/www.hupso.com\/share\/\"><img src=\"http:\/\/static.hupso.com\/share\/buttons\/lang\/es\/share-small.png\" style=\"border:0px; padding-top:2px; float:left;\" alt=\"Share Button\"\/><\/a><script type=\"text\/javascript\">var hupso_services_c=new Array(\"twitter\",\"facebook_like\",\"google\");var hupso_counters_lang = \"es_LA\";var hupso_image_folder_url = \"\";var hupso_twitter_via=\"crsyvrs\";var hupso_url_c=\"\";<\/script><script type=\"text\/javascript\" src=\"http:\/\/static.hupso.com\/share\/js\/counters.js\"><\/script><!-- Hupso Share Buttons --><\/div><p>Con texto y direcci\u00f3n de Alfredo Martin, el t\u00edtulo de la puesta juega con una especie de desborde o celebraci\u00f3n de las fachas y con el t\u00e9rmino lunfardo farra. &nbsp;\u201cLa Fachalfarra\u201d, la nueva puesta con texto y direcci\u00f3n de&#46;&#46;&#46;<\/p>\n<div style=\"padding-bottom:20px; padding-top:10px;\" class=\"hupso-share-buttons\"><!-- Hupso Share Buttons - https:\/\/www.hupso.com\/share\/ --><a class=\"hupso_counters\" href=\"https:\/\/www.hupso.com\/share\/\"><img src=\"http:\/\/static.hupso.com\/share\/buttons\/lang\/es\/share-small.png\" style=\"border:0px; padding-top:2px; float:left;\" alt=\"Share Button\"\/><\/a><script type=\"text\/javascript\">var hupso_services_c=new Array(\"twitter\",\"facebook_like\",\"google\");var hupso_counters_lang = \"es_LA\";var hupso_image_folder_url = \"\";var hupso_twitter_via=\"crsyvrs\";var hupso_url_c=\"\";<\/script><script type=\"text\/javascript\" src=\"http:\/\/static.hupso.com\/share\/js\/counters.js\"><\/script><!-- Hupso Share Buttons --><\/div>","protected":false},"author":5,"featured_media":24328,"comment_status":"open","ping_status":"closed","sticky":false,"template":"","format":"standard","meta":{"footnotes":""},"categories":[5],"tags":[8256,3985,7077],"class_list":["post-24327","post","type-post","status-publish","format-standard","has-post-thumbnail","hentry","category-teatro","tag-alfredo-martin","tag-teatro-andamio","tag-witold-gombrowicz"],"_links":{"self":[{"href":"http:\/\/cronicasyversiones.com\/index.php?rest_route=\/wp\/v2\/posts\/24327","targetHints":{"allow":["GET"]}}],"collection":[{"href":"http:\/\/cronicasyversiones.com\/index.php?rest_route=\/wp\/v2\/posts"}],"about":[{"href":"http:\/\/cronicasyversiones.com\/index.php?rest_route=\/wp\/v2\/types\/post"}],"author":[{"embeddable":true,"href":"http:\/\/cronicasyversiones.com\/index.php?rest_route=\/wp\/v2\/users\/5"}],"replies":[{"embeddable":true,"href":"http:\/\/cronicasyversiones.com\/index.php?rest_route=%2Fwp%2Fv2%2Fcomments&post=24327"}],"version-history":[{"count":0,"href":"http:\/\/cronicasyversiones.com\/index.php?rest_route=\/wp\/v2\/posts\/24327\/revisions"}],"wp:featuredmedia":[{"embeddable":true,"href":"http:\/\/cronicasyversiones.com\/index.php?rest_route=\/wp\/v2\/media\/24328"}],"wp:attachment":[{"href":"http:\/\/cronicasyversiones.com\/index.php?rest_route=%2Fwp%2Fv2%2Fmedia&parent=24327"}],"wp:term":[{"taxonomy":"category","embeddable":true,"href":"http:\/\/cronicasyversiones.com\/index.php?rest_route=%2Fwp%2Fv2%2Fcategories&post=24327"},{"taxonomy":"post_tag","embeddable":true,"href":"http:\/\/cronicasyversiones.com\/index.php?rest_route=%2Fwp%2Fv2%2Ftags&post=24327"}],"curies":[{"name":"wp","href":"https:\/\/api.w.org\/{rel}","templated":true}]}}