{"id":24376,"date":"2019-09-11T14:23:39","date_gmt":"2019-09-11T17:23:39","guid":{"rendered":"http:\/\/cronicasyversiones.com\/?p=24376"},"modified":"2019-09-11T14:23:39","modified_gmt":"2019-09-11T17:23:39","slug":"una-nueva-edicion-de-late-el-festival-de-teatro-independiente-del-conurbano","status":"publish","type":"post","link":"http:\/\/cronicasyversiones.com\/?p=24376","title":{"rendered":"Una nueva edici\u00f3n de Late, el festival de teatro independiente del Conurbano"},"content":{"rendered":"<div style=\"padding-bottom:20px; padding-top:10px;\" class=\"hupso-share-buttons\"><!-- Hupso Share Buttons - https:\/\/www.hupso.com\/share\/ --><a class=\"hupso_counters\" href=\"https:\/\/www.hupso.com\/share\/\"><img decoding=\"async\" src=\"http:\/\/static.hupso.com\/share\/buttons\/lang\/es\/share-small.png\" style=\"border:0px; padding-top:2px; float:left;\" alt=\"Share Button\"\/><\/a><script type=\"text\/javascript\">var hupso_services_c=new Array(\"twitter\",\"facebook_like\",\"google\");var hupso_counters_lang = \"es_LA\";var hupso_image_folder_url = \"\";var hupso_twitter_via=\"crsyvrs\";var hupso_url_c=\"\";<\/script><script type=\"text\/javascript\" src=\"http:\/\/static.hupso.com\/share\/js\/counters.js\"><\/script><!-- Hupso Share Buttons --><\/div><h2>El encuentro tendr\u00e1 lugar en varias sedes en Tres de Febrero y tendr\u00e1 a \u201cImprenteros\u201d, de Lorena Vega, y \u201cLa teor\u00eda del olvido\u201d, de Nicol\u00e1s Blandi, en la programaci\u00f3n.<\/h2>\n<p><img loading=\"lazy\" decoding=\"async\" class=\"wp-image-24377 aligncenter\" src=\"http:\/\/cronicasyversiones.com\/wp-content\/uploads\/2019\/09\/teoria.jpg\" alt=\"\" width=\"758\" height=\"501\" srcset=\"http:\/\/cronicasyversiones.com\/wp-content\/uploads\/2019\/09\/teoria.jpg 960w, http:\/\/cronicasyversiones.com\/wp-content\/uploads\/2019\/09\/teoria-300x198.jpg 300w, http:\/\/cronicasyversiones.com\/wp-content\/uploads\/2019\/09\/teoria-768x508.jpg 768w\" sizes=\"auto, (max-width: 758px) 100vw, 758px\" \/><\/p>\n<p><strong>Late,<\/strong> el festival de teatro independiente del Conurbano, tendr\u00e1 lugar desde el 15 y hasta el 22 de septiembre en el partido bonaerense de Tres de Febrero con <em><strong>\u201cImprenteros\u201d<\/strong><\/em>, de Lorena Vega, y <em><strong>\u201cLa teor\u00eda del olvido\u201d,<\/strong><\/em> de Nicol\u00e1s Blandi en la programaci\u00f3n.<\/p>\n<p>Se trata de un encuentro teatral que va por su segunda edici\u00f3n y que se propone cruzar fronteras geogr\u00e1ficas, est\u00e9ticas y de contenidos entre expresiones art\u00edsticas de la Provincia y la Ciudad de Buenos Aires.<\/p>\n<p>La programaci\u00f3n del Late 2019 est\u00e1 compuesta por la creaci\u00f3n colectiva de la ciudad de San Miguel <em><strong>\u201cTodas las anteriores\u201d<\/strong><\/em>; \u201cPobre Daniel\u201d, dirigida por Santiago Gobernori de la ciudad de Buenos Aires; la platense <em><strong>\u201cOveja perdida ven sobre mis hombros que hoy no s\u00f3lo tu pastor soy sino tu pasto tambi\u00e9n\u201d<\/strong><\/em>, de Braian Kobla; de Banfield <em><strong>\u201cLa teor\u00eda del olvido\u201d<\/strong><\/em>, de Nicol\u00e1s Blandi; y la clausura ser\u00e1 con<em><strong> \u201cImprenteros\u201d<\/strong><\/em>, de Lorena Vega y sus hermanos.<\/p>\n<p>Mientras que tambi\u00e9n ser\u00e1n parte de la agenda un par de propuestas del colectivo de escritura feminista Cabeza, que pondr\u00e1n en escena <em><strong>\u201cVigilante\u201d <\/strong><\/em>y<em><strong> \u201cUn tiro cada uno\u201d.<\/strong><\/em><\/p>\n<p>Adem\u00e1s habr\u00e1 un programa doble compuesto por un abordaje esc\u00e9nico de Clarice Lispector (de Deby Watchel) y <em><strong>\u201cCent\u00e9simas del alma\u201d,<\/strong><\/em> en piano y voz de Carmen Baliero sobre el trabajo de Violeta Parra.<\/p>\n<p><em><strong>LEA TAMBI\u00c9N:<\/strong><\/em><\/p>\n<div class=\"video-container\">\n<blockquote class=\"wp-embedded-content\" data-secret=\"SgzqUChv2X\"><p><a href=\"http:\/\/cronicasyversiones.com\/?p=24289\">\u201cLa Casa de las Palomas\u201d, de Victoria Hladilo, en el Camar\u00edn de las musas<\/a><\/p><\/blockquote>\n<p><iframe loading=\"lazy\" class=\"wp-embedded-content\" sandbox=\"allow-scripts\" security=\"restricted\" style=\"position: absolute; clip: rect(1px, 1px, 1px, 1px);\" title=\"\u00ab\u201cLa Casa de las Palomas\u201d, de Victoria Hladilo, en el Camar\u00edn de las musas\u00bb \u2014    \" src=\"http:\/\/cronicasyversiones.com\/?p=24289&#038;embed=true#?secret=kB6rAsM3CH#?secret=SgzqUChv2X\" data-secret=\"SgzqUChv2X\" width=\"600\" height=\"338\" frameborder=\"0\" marginwidth=\"0\" marginheight=\"0\" scrolling=\"no\"><\/iframe><\/div>\n<p>Dentro de Late, este a\u00f1o se implementar\u00e1 la secci\u00f3n Late N\u00f3made, que llevar\u00e1 obras a los distritos de San Mart\u00edn y Vicente L\u00f3pez.<\/p>\n<p>En la apertura del Late, este domingo a las 19 en el Cine Teatro Helios, con entrada gratuita, se presentar\u00e1 el grupo de teatro comunitario Las palomas dicen, que adelantar\u00e1 parte de su nuevo espect\u00e1culo y tambi\u00e9n Adri\u00e1n Malvasi, autor de canciones basadas en poemas de Mart\u00edn Coronado, con el cierre de la banda esc\u00e9nica Mabel y los Inmaculados.<\/p>\n<p>Las sedes del festival son el Cine Teatro Helios (Boulevard San Mart\u00edn 3076), la Biblioteca Popular (Boulevard Finca 6579), el Club Afalp (Las argentinas 650) y Bald\u00edo Teatro (Boulevard Finca 6577), todos de Ciudad Jard\u00edn Palomar; junto con la Asociaci\u00f3n Cultural Arte y Vida (Remedios de Escalada de San Martin 6750), de Mart\u00edn Coronado y el Cine Teatro Paramount (Tres Febrero 2561) de Caseros.<\/p>\n<p>&nbsp;<\/p>\n<p>&nbsp;<\/p>\n<div style=\"padding-bottom:20px; padding-top:10px;\" class=\"hupso-share-buttons\"><!-- Hupso Share Buttons - https:\/\/www.hupso.com\/share\/ --><a class=\"hupso_counters\" href=\"https:\/\/www.hupso.com\/share\/\"><img decoding=\"async\" src=\"http:\/\/static.hupso.com\/share\/buttons\/lang\/es\/share-small.png\" style=\"border:0px; padding-top:2px; float:left;\" alt=\"Share Button\"\/><\/a><script type=\"text\/javascript\">var hupso_services_c=new Array(\"twitter\",\"facebook_like\",\"google\");var hupso_counters_lang = \"es_LA\";var hupso_image_folder_url = \"\";var hupso_twitter_via=\"crsyvrs\";var hupso_url_c=\"\";<\/script><script type=\"text\/javascript\" src=\"http:\/\/static.hupso.com\/share\/js\/counters.js\"><\/script><!-- Hupso Share Buttons --><\/div> ","protected":false},"excerpt":{"rendered":"<div style=\"padding-bottom:20px; padding-top:10px;\" class=\"hupso-share-buttons\"><!-- Hupso Share Buttons - https:\/\/www.hupso.com\/share\/ --><a class=\"hupso_counters\" href=\"https:\/\/www.hupso.com\/share\/\"><img src=\"http:\/\/static.hupso.com\/share\/buttons\/lang\/es\/share-small.png\" style=\"border:0px; padding-top:2px; float:left;\" alt=\"Share Button\"\/><\/a><script type=\"text\/javascript\">var hupso_services_c=new Array(\"twitter\",\"facebook_like\",\"google\");var hupso_counters_lang = \"es_LA\";var hupso_image_folder_url = \"\";var hupso_twitter_via=\"crsyvrs\";var hupso_url_c=\"\";<\/script><script type=\"text\/javascript\" src=\"http:\/\/static.hupso.com\/share\/js\/counters.js\"><\/script><!-- Hupso Share Buttons --><\/div><p>El encuentro tendr\u00e1 lugar en varias sedes en Tres de Febrero y tendr\u00e1 a \u201cImprenteros\u201d, de Lorena Vega, y \u201cLa teor\u00eda del olvido\u201d, de Nicol\u00e1s Blandi, en la programaci\u00f3n. Late, el festival de teatro independiente del Conurbano, tendr\u00e1 lugar&#46;&#46;&#46;<\/p>\n<div style=\"padding-bottom:20px; padding-top:10px;\" class=\"hupso-share-buttons\"><!-- Hupso Share Buttons - https:\/\/www.hupso.com\/share\/ --><a class=\"hupso_counters\" href=\"https:\/\/www.hupso.com\/share\/\"><img src=\"http:\/\/static.hupso.com\/share\/buttons\/lang\/es\/share-small.png\" style=\"border:0px; padding-top:2px; float:left;\" alt=\"Share Button\"\/><\/a><script type=\"text\/javascript\">var hupso_services_c=new Array(\"twitter\",\"facebook_like\",\"google\");var hupso_counters_lang = \"es_LA\";var hupso_image_folder_url = \"\";var hupso_twitter_via=\"crsyvrs\";var hupso_url_c=\"\";<\/script><script type=\"text\/javascript\" src=\"http:\/\/static.hupso.com\/share\/js\/counters.js\"><\/script><!-- Hupso Share Buttons --><\/div>","protected":false},"author":5,"featured_media":24377,"comment_status":"open","ping_status":"closed","sticky":false,"template":"","format":"standard","meta":{"footnotes":""},"categories":[5],"tags":[8147,2360],"class_list":["post-24376","post","type-post","status-publish","format-standard","has-post-thumbnail","hentry","category-teatro","tag-lorena-vega","tag-nicolas-blandi"],"_links":{"self":[{"href":"http:\/\/cronicasyversiones.com\/index.php?rest_route=\/wp\/v2\/posts\/24376","targetHints":{"allow":["GET"]}}],"collection":[{"href":"http:\/\/cronicasyversiones.com\/index.php?rest_route=\/wp\/v2\/posts"}],"about":[{"href":"http:\/\/cronicasyversiones.com\/index.php?rest_route=\/wp\/v2\/types\/post"}],"author":[{"embeddable":true,"href":"http:\/\/cronicasyversiones.com\/index.php?rest_route=\/wp\/v2\/users\/5"}],"replies":[{"embeddable":true,"href":"http:\/\/cronicasyversiones.com\/index.php?rest_route=%2Fwp%2Fv2%2Fcomments&post=24376"}],"version-history":[{"count":0,"href":"http:\/\/cronicasyversiones.com\/index.php?rest_route=\/wp\/v2\/posts\/24376\/revisions"}],"wp:featuredmedia":[{"embeddable":true,"href":"http:\/\/cronicasyversiones.com\/index.php?rest_route=\/wp\/v2\/media\/24377"}],"wp:attachment":[{"href":"http:\/\/cronicasyversiones.com\/index.php?rest_route=%2Fwp%2Fv2%2Fmedia&parent=24376"}],"wp:term":[{"taxonomy":"category","embeddable":true,"href":"http:\/\/cronicasyversiones.com\/index.php?rest_route=%2Fwp%2Fv2%2Fcategories&post=24376"},{"taxonomy":"post_tag","embeddable":true,"href":"http:\/\/cronicasyversiones.com\/index.php?rest_route=%2Fwp%2Fv2%2Ftags&post=24376"}],"curies":[{"name":"wp","href":"https:\/\/api.w.org\/{rel}","templated":true}]}}