{"id":244,"date":"2013-12-07T18:00:42","date_gmt":"2013-12-07T18:00:42","guid":{"rendered":"http:\/\/cronicasyversiones.com\/?p=244"},"modified":"2013-12-07T18:00:42","modified_gmt":"2013-12-07T18:00:42","slug":"el-rock-argentino-bajo-la-lente-de-martin-bonetto","status":"publish","type":"post","link":"http:\/\/cronicasyversiones.com\/?p=244","title":{"rendered":"El rock argentino, bajo la lente de Mart\u00edn Bonetto"},"content":{"rendered":"<div style=\"padding-bottom:20px; padding-top:10px;\" class=\"hupso-share-buttons\"><!-- Hupso Share Buttons - https:\/\/www.hupso.com\/share\/ --><a class=\"hupso_counters\" href=\"https:\/\/www.hupso.com\/share\/\"><img decoding=\"async\" src=\"http:\/\/static.hupso.com\/share\/buttons\/lang\/es\/share-small.png\" style=\"border:0px; padding-top:2px; float:left;\" alt=\"Share Button\"\/><\/a><script type=\"text\/javascript\">var hupso_services_c=new Array(\"twitter\",\"facebook_like\",\"google\");var hupso_counters_lang = \"es_LA\";var hupso_image_folder_url = \"\";var hupso_twitter_via=\"crsyvrs\";var hupso_url_c=\"\";<\/script><script type=\"text\/javascript\" src=\"http:\/\/static.hupso.com\/share\/js\/counters.js\"><\/script><!-- Hupso Share Buttons --><\/div><h2 style=\"text-align: justify\">Uno de los fot\u00f3grafos m\u00e1s reconocidos del g\u00e9nero presenta su primer libro \u201cFotorragia\u201d, una compilaci\u00f3n de im\u00e1genes registradas entre el trabajo y su vida cotidiana.<\/h2>\n<p style=\"text-align: justify\">\n<p><a href=\"http:\/\/cronicasyversiones.com\/wp-content\/uploads\/2013\/12\/Fotorragia-II.jpg\"><img loading=\"lazy\" decoding=\"async\" class=\"size-full wp-image-245 aligncenter\" alt=\"Fotorragia II\" src=\"http:\/\/cronicasyversiones.com\/wp-content\/uploads\/2013\/12\/Fotorragia-II.jpg\" width=\"479\" height=\"268\" srcset=\"http:\/\/cronicasyversiones.com\/wp-content\/uploads\/2013\/12\/Fotorragia-II.jpg 660w, http:\/\/cronicasyversiones.com\/wp-content\/uploads\/2013\/12\/Fotorragia-II-300x168.jpg 300w, http:\/\/cronicasyversiones.com\/wp-content\/uploads\/2013\/12\/Fotorragia-II-624x349.jpg 624w\" sizes=\"auto, (max-width: 479px) 100vw, 479px\" \/><\/a><\/p>\n<p><strong>Mart\u00edn Bonetto<\/strong>, uno de los fot\u00f3grafos m\u00e1s reconocidos del<strong> rock argentino<\/strong>, presenta en la <strong>Casa de Buenos Aires en Rosario<\/strong> su primer libro <em><strong>\u201cFotorragia\u201d<\/strong><\/em>, una compilaci\u00f3n de im\u00e1genes registradas entre el trabajo y su vida cotidiana.<\/p>\n<p>La muestra incluye una serie de fotos a los artistas del rock m\u00e1s notables de la escena nacional. La muestra tambi\u00e9n llega en formato de libro y ser\u00e1 presentada por su propio creador junto al periodista local <strong>Walter Basualdo<\/strong>, el mi\u00e9rcoles 11 de diciembre a las 19.00 en la Casa, <strong>C\u00f3rdoba 1555<\/strong>, frente a Plaza Pringles.<\/p>\n<p>Mart\u00edn Bonetto, oriundo de La Plata, durante la entrevista profundizar\u00e1 respecto a sus experiencias en los camarines, ba\u00f1os, calles y piezas urbanas que resultaron escenarios de las capturas, y en torno a la motivaci\u00f3n de esa <strong>\u201chemorragia\u201d<\/strong> y vicio por presionar el gatillo.<\/p>\n<p>&nbsp;<\/p>\n<p><a href=\"http:\/\/cronicasyversiones.com\/wp-content\/uploads\/2013\/12\/Fotorragia.jpg\"><img loading=\"lazy\" decoding=\"async\" class=\"size-full wp-image-246 aligncenter\" alt=\"Fotorragia\" src=\"http:\/\/cronicasyversiones.com\/wp-content\/uploads\/2013\/12\/Fotorragia.jpg\" width=\"459\" height=\"306\" srcset=\"http:\/\/cronicasyversiones.com\/wp-content\/uploads\/2013\/12\/Fotorragia.jpg 598w, http:\/\/cronicasyversiones.com\/wp-content\/uploads\/2013\/12\/Fotorragia-300x199.jpg 300w\" sizes=\"auto, (max-width: 459px) 100vw, 459px\" \/><\/a><br \/>\n<em><strong>\u201cFotorragia\u201d<\/strong> <\/em>refleja crudamente el esp\u00edritu provocador, sensual y sexual de m\u00fasicos esenciales del rock, desde<strong> Charly Garc\u00eda<\/strong> y <strong>Babas\u00f3nicos<\/strong> hasta Marky Ramone, mechado con la cotidianidad de su autor.<\/p>\n<p>El material apela al impacto visual con un pr\u00f3logo como \u00fanico texto, escrito por <strong>Adri\u00e1n D\u00e1rgelos<\/strong> (Babas\u00f3nicos): \u201cVer perlas en los charcos del under no es com\u00fan y estar en tres lados a la vez tampoco. Desde hace mucho que Mart\u00edn esta ah\u00ed, y nos observa\u201d.<\/p>\n<p>La muestra se encontrar\u00e1 en exhibici\u00f3n hasta el 31 de enero 2014, con entrada libre y gratuita.<\/p>\n<div style=\"padding-bottom:20px; padding-top:10px;\" class=\"hupso-share-buttons\"><!-- Hupso Share Buttons - https:\/\/www.hupso.com\/share\/ --><a class=\"hupso_counters\" href=\"https:\/\/www.hupso.com\/share\/\"><img decoding=\"async\" src=\"http:\/\/static.hupso.com\/share\/buttons\/lang\/es\/share-small.png\" style=\"border:0px; padding-top:2px; float:left;\" alt=\"Share Button\"\/><\/a><script type=\"text\/javascript\">var hupso_services_c=new Array(\"twitter\",\"facebook_like\",\"google\");var hupso_counters_lang = \"es_LA\";var hupso_image_folder_url = \"\";var hupso_twitter_via=\"crsyvrs\";var hupso_url_c=\"\";<\/script><script type=\"text\/javascript\" src=\"http:\/\/static.hupso.com\/share\/js\/counters.js\"><\/script><!-- Hupso Share Buttons --><\/div> ","protected":false},"excerpt":{"rendered":"<div style=\"padding-bottom:20px; padding-top:10px;\" class=\"hupso-share-buttons\"><!-- Hupso Share Buttons - https:\/\/www.hupso.com\/share\/ --><a class=\"hupso_counters\" href=\"https:\/\/www.hupso.com\/share\/\"><img src=\"http:\/\/static.hupso.com\/share\/buttons\/lang\/es\/share-small.png\" style=\"border:0px; padding-top:2px; float:left;\" alt=\"Share Button\"\/><\/a><script type=\"text\/javascript\">var hupso_services_c=new Array(\"twitter\",\"facebook_like\",\"google\");var hupso_counters_lang = \"es_LA\";var hupso_image_folder_url = \"\";var hupso_twitter_via=\"crsyvrs\";var hupso_url_c=\"\";<\/script><script type=\"text\/javascript\" src=\"http:\/\/static.hupso.com\/share\/js\/counters.js\"><\/script><!-- Hupso Share Buttons --><\/div><p>Uno de los fot\u00f3grafos m\u00e1s reconocidos del g\u00e9nero presenta su primer libro \u201cFotorragia\u201d, una compilaci\u00f3n de im\u00e1genes registradas entre el trabajo y su vida cotidiana. Mart\u00edn Bonetto, uno de los fot\u00f3grafos m\u00e1s reconocidos del rock argentino, presenta en la&#46;&#46;&#46;<\/p>\n<div style=\"padding-bottom:20px; padding-top:10px;\" class=\"hupso-share-buttons\"><!-- Hupso Share Buttons - https:\/\/www.hupso.com\/share\/ --><a class=\"hupso_counters\" href=\"https:\/\/www.hupso.com\/share\/\"><img src=\"http:\/\/static.hupso.com\/share\/buttons\/lang\/es\/share-small.png\" style=\"border:0px; padding-top:2px; float:left;\" alt=\"Share Button\"\/><\/a><script type=\"text\/javascript\">var hupso_services_c=new Array(\"twitter\",\"facebook_like\",\"google\");var hupso_counters_lang = \"es_LA\";var hupso_image_folder_url = \"\";var hupso_twitter_via=\"crsyvrs\";var hupso_url_c=\"\";<\/script><script type=\"text\/javascript\" src=\"http:\/\/static.hupso.com\/share\/js\/counters.js\"><\/script><!-- Hupso Share Buttons --><\/div>","protected":false},"author":2,"featured_media":245,"comment_status":"open","ping_status":"open","sticky":false,"template":"","format":"standard","meta":{"footnotes":""},"categories":[3],"tags":[126,16,123,124,125,127],"class_list":["post-244","post","type-post","status-publish","format-standard","has-post-thumbnail","hentry","category-musica","tag-charly-garcia","tag-cronicas-y-versiones","tag-fotorragia","tag-martin-bonetto","tag-rock-argentino","tag-walter-basualdo"],"_links":{"self":[{"href":"http:\/\/cronicasyversiones.com\/index.php?rest_route=\/wp\/v2\/posts\/244","targetHints":{"allow":["GET"]}}],"collection":[{"href":"http:\/\/cronicasyversiones.com\/index.php?rest_route=\/wp\/v2\/posts"}],"about":[{"href":"http:\/\/cronicasyversiones.com\/index.php?rest_route=\/wp\/v2\/types\/post"}],"author":[{"embeddable":true,"href":"http:\/\/cronicasyversiones.com\/index.php?rest_route=\/wp\/v2\/users\/2"}],"replies":[{"embeddable":true,"href":"http:\/\/cronicasyversiones.com\/index.php?rest_route=%2Fwp%2Fv2%2Fcomments&post=244"}],"version-history":[{"count":0,"href":"http:\/\/cronicasyversiones.com\/index.php?rest_route=\/wp\/v2\/posts\/244\/revisions"}],"wp:featuredmedia":[{"embeddable":true,"href":"http:\/\/cronicasyversiones.com\/index.php?rest_route=\/wp\/v2\/media\/245"}],"wp:attachment":[{"href":"http:\/\/cronicasyversiones.com\/index.php?rest_route=%2Fwp%2Fv2%2Fmedia&parent=244"}],"wp:term":[{"taxonomy":"category","embeddable":true,"href":"http:\/\/cronicasyversiones.com\/index.php?rest_route=%2Fwp%2Fv2%2Fcategories&post=244"},{"taxonomy":"post_tag","embeddable":true,"href":"http:\/\/cronicasyversiones.com\/index.php?rest_route=%2Fwp%2Fv2%2Ftags&post=244"}],"curies":[{"name":"wp","href":"https:\/\/api.w.org\/{rel}","templated":true}]}}