{"id":24405,"date":"2019-09-13T11:43:25","date_gmt":"2019-09-13T14:43:25","guid":{"rendered":"http:\/\/cronicasyversiones.com\/?p=24405"},"modified":"2019-09-13T11:43:25","modified_gmt":"2019-09-13T14:43:25","slug":"la-odisea-de-los-giles-representara-a-argentina-en-los-goya","status":"publish","type":"post","link":"http:\/\/cronicasyversiones.com\/?p=24405","title":{"rendered":"\u201cLa odisea de los giles\u201d representar\u00e1 a Argentina en los Goya"},"content":{"rendered":"<div style=\"padding-bottom:20px; padding-top:10px;\" class=\"hupso-share-buttons\"><!-- Hupso Share Buttons - https:\/\/www.hupso.com\/share\/ --><a class=\"hupso_counters\" href=\"https:\/\/www.hupso.com\/share\/\"><img decoding=\"async\" src=\"http:\/\/static.hupso.com\/share\/buttons\/lang\/es\/share-small.png\" style=\"border:0px; padding-top:2px; float:left;\" alt=\"Share Button\"\/><\/a><script type=\"text\/javascript\">var hupso_services_c=new Array(\"twitter\",\"facebook_like\",\"google\");var hupso_counters_lang = \"es_LA\";var hupso_image_folder_url = \"\";var hupso_twitter_via=\"crsyvrs\";var hupso_url_c=\"\";<\/script><script type=\"text\/javascript\" src=\"http:\/\/static.hupso.com\/share\/js\/counters.js\"><\/script><!-- Hupso Share Buttons --><\/div><h2>La pel\u00edcula de Sebasti\u00e1n Borensztein fue elegida en la categor\u00eda Mejor Pel\u00edcula Iberoamericana de los pr\u00f3ximos premios de la Academia de Cine de Espa\u00f1a.<\/h2>\n<p><img loading=\"lazy\" decoding=\"async\" class=\" wp-image-24406 aligncenter\" src=\"http:\/\/cronicasyversiones.com\/wp-content\/uploads\/2019\/09\/odisea.jpg\" alt=\"\" width=\"704\" height=\"468\" srcset=\"http:\/\/cronicasyversiones.com\/wp-content\/uploads\/2019\/09\/odisea.jpg 624w, http:\/\/cronicasyversiones.com\/wp-content\/uploads\/2019\/09\/odisea-300x200.jpg 300w, http:\/\/cronicasyversiones.com\/wp-content\/uploads\/2019\/09\/odisea-480x320.jpg 480w\" sizes=\"auto, (max-width: 704px) 100vw, 704px\" \/><\/p>\n<p><em><strong>\u201cLa odisea de los giles\u201d<\/strong><\/em>, la pel\u00edcula dirigida por <strong>Sebasti\u00e1n Borensztein<\/strong> sobre un grupo de argentinos v\u00edctimas del \u201ccorralito\u201d que se unen para conseguir su revancha, fue elegida para representar a Argentina en la categor\u00eda Mejor Pel\u00edcula Iberoamericana de los pr\u00f3ximos premios <strong>Goya<\/strong> de la Academia de Cine de Espa\u00f1a.<\/p>\n<p>La Academia de las Artes y las Ciencias Cinematogr\u00e1ficas de la Argentina lo confirm\u00f3, tras una votaci\u00f3n entre sus miembros.<\/p>\n<p>En las escenas, Argentina, finales del a\u00f1o 2001, una grave crisis econ\u00f3mica desemboca en el <strong>\u00abcorralito\u00bb<\/strong> bancario en todo el pa\u00eds. En un peque\u00f1o pueblo de la provincia de Buenos Aires, un grupo de vecinos sufre con indignaci\u00f3n la estafa llevada a cabo por un abogado y gerente de banco, que les ha hecho perder el dinero que hab\u00edan ahorrado para reflotar una cooperativa agr\u00edcola.<\/p>\n<p>Con tal de recuperar sus ahorros, este grupo de vecinos decide organizarse y armar un minucioso plan con el objetivo de recuperar su dinero. Ser\u00e1 la revancha de un grupo de \u201cperdedores\u201d que quieren recuperar lo que les pertenece.<\/p>\n<p><em><strong>LEA TAMBI\u00c9N:\u00a0<\/strong><\/em><\/p>\n<div class=\"video-container\">\n<blockquote class=\"wp-embedded-content\" data-secret=\"6O1O0JSHxR\"><p><a href=\"http:\/\/cronicasyversiones.com\/?p=24379\">Dolores Fonzi es una obsesiva organizadora de eventos en \u201cClaudia\u201d<\/a><\/p><\/blockquote>\n<p><iframe loading=\"lazy\" class=\"wp-embedded-content\" sandbox=\"allow-scripts\" security=\"restricted\" style=\"position: absolute; clip: rect(1px, 1px, 1px, 1px);\" title=\"\u00abDolores Fonzi es una obsesiva organizadora de eventos en \u201cClaudia\u201d\u00bb \u2014    \" src=\"http:\/\/cronicasyversiones.com\/?p=24379&#038;embed=true#?secret=YkXTGq7BW1#?secret=6O1O0JSHxR\" data-secret=\"6O1O0JSHxR\" width=\"600\" height=\"338\" frameborder=\"0\" marginwidth=\"0\" marginheight=\"0\" scrolling=\"no\"><\/iframe><\/div>\n<p>El film protagonizado por <strong>Luis Brandoni, Ricardo Dar\u00edn<\/strong> y gran elenco, que ya super\u00f3 el mill\u00f3n de espectadores, deber\u00e1 esperar para saber si tambi\u00e9n ser\u00e1 la seleccionada para representar al pa\u00eds en los Oscar de la Academia de Hollywood.<\/p>\n<p>Es que el anuncio de la pel\u00edcula argentina para el Oscar se har\u00e1 al t\u00e9rmino de la XIII Ceremonia de Entrega de los Premios SUR, que se llevar\u00e1 a cabo el 23 de septiembre a las 20 en el Centro Cultural 25 de Mayo.<\/p>\n<div style=\"padding-bottom:20px; padding-top:10px;\" class=\"hupso-share-buttons\"><!-- Hupso Share Buttons - https:\/\/www.hupso.com\/share\/ --><a class=\"hupso_counters\" href=\"https:\/\/www.hupso.com\/share\/\"><img decoding=\"async\" src=\"http:\/\/static.hupso.com\/share\/buttons\/lang\/es\/share-small.png\" style=\"border:0px; padding-top:2px; float:left;\" alt=\"Share Button\"\/><\/a><script type=\"text\/javascript\">var hupso_services_c=new Array(\"twitter\",\"facebook_like\",\"google\");var hupso_counters_lang = \"es_LA\";var hupso_image_folder_url = \"\";var hupso_twitter_via=\"crsyvrs\";var hupso_url_c=\"\";<\/script><script type=\"text\/javascript\" src=\"http:\/\/static.hupso.com\/share\/js\/counters.js\"><\/script><!-- Hupso Share Buttons --><\/div> ","protected":false},"excerpt":{"rendered":"<div style=\"padding-bottom:20px; padding-top:10px;\" class=\"hupso-share-buttons\"><!-- Hupso Share Buttons - https:\/\/www.hupso.com\/share\/ --><a class=\"hupso_counters\" href=\"https:\/\/www.hupso.com\/share\/\"><img src=\"http:\/\/static.hupso.com\/share\/buttons\/lang\/es\/share-small.png\" style=\"border:0px; padding-top:2px; float:left;\" alt=\"Share Button\"\/><\/a><script type=\"text\/javascript\">var hupso_services_c=new Array(\"twitter\",\"facebook_like\",\"google\");var hupso_counters_lang = \"es_LA\";var hupso_image_folder_url = \"\";var hupso_twitter_via=\"crsyvrs\";var hupso_url_c=\"\";<\/script><script type=\"text\/javascript\" src=\"http:\/\/static.hupso.com\/share\/js\/counters.js\"><\/script><!-- Hupso Share Buttons --><\/div><p>La pel\u00edcula de Sebasti\u00e1n Borensztein fue elegida en la categor\u00eda Mejor Pel\u00edcula Iberoamericana de los pr\u00f3ximos premios de la Academia de Cine de Espa\u00f1a. \u201cLa odisea de los giles\u201d, la pel\u00edcula dirigida por Sebasti\u00e1n Borensztein sobre un grupo de&#46;&#46;&#46;<\/p>\n<div style=\"padding-bottom:20px; padding-top:10px;\" class=\"hupso-share-buttons\"><!-- Hupso Share Buttons - https:\/\/www.hupso.com\/share\/ --><a class=\"hupso_counters\" href=\"https:\/\/www.hupso.com\/share\/\"><img src=\"http:\/\/static.hupso.com\/share\/buttons\/lang\/es\/share-small.png\" style=\"border:0px; padding-top:2px; float:left;\" alt=\"Share Button\"\/><\/a><script type=\"text\/javascript\">var hupso_services_c=new Array(\"twitter\",\"facebook_like\",\"google\");var hupso_counters_lang = \"es_LA\";var hupso_image_folder_url = \"\";var hupso_twitter_via=\"crsyvrs\";var hupso_url_c=\"\";<\/script><script type=\"text\/javascript\" src=\"http:\/\/static.hupso.com\/share\/js\/counters.js\"><\/script><!-- Hupso Share Buttons --><\/div>","protected":false},"author":5,"featured_media":24406,"comment_status":"open","ping_status":"closed","sticky":false,"template":"","format":"standard","meta":{"footnotes":""},"categories":[4],"tags":[7665,371,1165,6249],"class_list":["post-24405","post","type-post","status-publish","format-standard","has-post-thumbnail","hentry","category-cine","tag-luis-brandoni","tag-premios-goya","tag-ricardo-darin","tag-sebastian-borensztein"],"_links":{"self":[{"href":"http:\/\/cronicasyversiones.com\/index.php?rest_route=\/wp\/v2\/posts\/24405","targetHints":{"allow":["GET"]}}],"collection":[{"href":"http:\/\/cronicasyversiones.com\/index.php?rest_route=\/wp\/v2\/posts"}],"about":[{"href":"http:\/\/cronicasyversiones.com\/index.php?rest_route=\/wp\/v2\/types\/post"}],"author":[{"embeddable":true,"href":"http:\/\/cronicasyversiones.com\/index.php?rest_route=\/wp\/v2\/users\/5"}],"replies":[{"embeddable":true,"href":"http:\/\/cronicasyversiones.com\/index.php?rest_route=%2Fwp%2Fv2%2Fcomments&post=24405"}],"version-history":[{"count":0,"href":"http:\/\/cronicasyversiones.com\/index.php?rest_route=\/wp\/v2\/posts\/24405\/revisions"}],"wp:featuredmedia":[{"embeddable":true,"href":"http:\/\/cronicasyversiones.com\/index.php?rest_route=\/wp\/v2\/media\/24406"}],"wp:attachment":[{"href":"http:\/\/cronicasyversiones.com\/index.php?rest_route=%2Fwp%2Fv2%2Fmedia&parent=24405"}],"wp:term":[{"taxonomy":"category","embeddable":true,"href":"http:\/\/cronicasyversiones.com\/index.php?rest_route=%2Fwp%2Fv2%2Fcategories&post=24405"},{"taxonomy":"post_tag","embeddable":true,"href":"http:\/\/cronicasyversiones.com\/index.php?rest_route=%2Fwp%2Fv2%2Ftags&post=24405"}],"curies":[{"name":"wp","href":"https:\/\/api.w.org\/{rel}","templated":true}]}}