{"id":24442,"date":"2019-09-17T17:37:33","date_gmt":"2019-09-17T20:37:33","guid":{"rendered":"http:\/\/cronicasyversiones.com\/?p=24442"},"modified":"2019-09-17T17:37:33","modified_gmt":"2019-09-17T20:37:33","slug":"lorrie-moore-m-john-harrison-y-eva-baltasar-en-el-filba","status":"publish","type":"post","link":"http:\/\/cronicasyversiones.com\/?p=24442","title":{"rendered":"Lorrie Moore, M. John Harrison y Eva Baltasar, en el Filba"},"content":{"rendered":"<div style=\"padding-bottom:20px; padding-top:10px;\" class=\"hupso-share-buttons\"><!-- Hupso Share Buttons - https:\/\/www.hupso.com\/share\/ --><a class=\"hupso_counters\" href=\"https:\/\/www.hupso.com\/share\/\"><img decoding=\"async\" src=\"http:\/\/static.hupso.com\/share\/buttons\/lang\/es\/share-small.png\" style=\"border:0px; padding-top:2px; float:left;\" alt=\"Share Button\"\/><\/a><script type=\"text\/javascript\">var hupso_services_c=new Array(\"twitter\",\"facebook_like\",\"google\");var hupso_counters_lang = \"es_LA\";var hupso_image_folder_url = \"\";var hupso_twitter_via=\"crsyvrs\";var hupso_url_c=\"\";<\/script><script type=\"text\/javascript\" src=\"http:\/\/static.hupso.com\/share\/js\/counters.js\"><\/script><!-- Hupso Share Buttons --><\/div><h2>La nueva edici\u00f3n del Festival Internacional de Literatura contar\u00e1 con presencias internacionales y una nutrida agenda de actividades.<\/h2>\n<p><img loading=\"lazy\" decoding=\"async\" class=\" wp-image-24443 aligncenter\" src=\"http:\/\/cronicasyversiones.com\/wp-content\/uploads\/2019\/09\/filba-1024x670.jpg\" alt=\"\" width=\"781\" height=\"511\" srcset=\"http:\/\/cronicasyversiones.com\/wp-content\/uploads\/2019\/09\/filba-1024x670.jpg 1024w, http:\/\/cronicasyversiones.com\/wp-content\/uploads\/2019\/09\/filba-300x196.jpg 300w, http:\/\/cronicasyversiones.com\/wp-content\/uploads\/2019\/09\/filba-768x502.jpg 768w, http:\/\/cronicasyversiones.com\/wp-content\/uploads\/2019\/09\/filba.jpg 1280w\" sizes=\"auto, (max-width: 781px) 100vw, 781px\" \/><\/p>\n<p>La und\u00e9cima edici\u00f3n del <strong>Festival Internacional de Literatura (Filba)<\/strong>, que tendr\u00e1 lugar entre el 25 y 29 de septiembre en la Ciudad de Buenos Aires incluir\u00e1 autores como la estadounidense <strong>Lorrie Moore,<\/strong> el brit\u00e1nico<strong> M. John Harrison<\/strong> y la catalana <strong>Eva Baltasar.<\/strong><\/p>\n<p>La cita indagar\u00e1 sobre la idea del l\u00edmite -como frontera, g\u00e9nero, punto final o como contaminante- desde una programaci\u00f3n cultural anclada en lo literario.<\/p>\n<p>El encuentro ofrecer\u00e1 un espacio de intercambio para pensar, sobre todo, en literatura; y lo har\u00e1 teniendo como disparador el l\u00edmite: desarmando fronteras, buscando quiebres, corriendo el foco y cruzando lenguajes, como la m\u00fasica, la performatividad o las artes pl\u00e1sticas.<\/p>\n<p>Se sumar\u00e1n la cuentista y novelista estadounidense <strong>Lorrie Moore,<\/strong> autora de \u00abAutoayuda\u00bb, \u00abP\u00e1jaros de Am\u00e9rica\u00bb y \u00abAnagramas\u00bb, que ser\u00e1 entrevistada en la sala principal del Teatro Nacional Cervantes por Santiago Llach (26 de septiembre a las 20), donde repasar\u00e1 su vida literaria, entre otras propuestas que realizar\u00e1 en su visita al pa\u00eds, incluido un in\u00e9dito taller arancelado para financiar el evento.<\/p>\n<p>Tambi\u00e9n llegar\u00e1n la espa\u00f1ola <strong>Eva Baltasar,<\/strong> responsable de la novela \u00abPermafrost\u00bb; los brit\u00e1nicos Philippe Sands y M. John Harrison; la chilena Alejandra Costamagna; la alemana radicada en Italia Helena Janeczeck; as\u00ed como autores menos conocidos en el circuito local (la danesa Madame Nielsen o el uruguayo Dami\u00e1n Gonz\u00e1lez Bertolino) e incluso algunos todav\u00eda no traducidos, por caso la poeta y perfomer alemana Rike Scheffler.<\/p>\n<p><em><strong>LEA TAMBI\u00c9N:<\/strong> <\/em><\/p>\n<div class=\"video-container\">\n<blockquote class=\"wp-embedded-content\" data-secret=\"6KN6XTuFOI\"><p><a href=\"http:\/\/cronicasyversiones.com\/?p=24422\">La \u00abFiebre del libro\u00bb regresa a la Biblioteca Nacional<\/a><\/p><\/blockquote>\n<p><iframe loading=\"lazy\" class=\"wp-embedded-content\" sandbox=\"allow-scripts\" security=\"restricted\" style=\"position: absolute; clip: rect(1px, 1px, 1px, 1px);\" title=\"\u00abLa \u00abFiebre del libro\u00bb regresa a la Biblioteca Nacional\u00bb \u2014    \" src=\"http:\/\/cronicasyversiones.com\/?p=24422&#038;embed=true#?secret=Op84Sv3r20#?secret=6KN6XTuFOI\" data-secret=\"6KN6XTuFOI\" width=\"600\" height=\"338\" frameborder=\"0\" marginwidth=\"0\" marginheight=\"0\" scrolling=\"no\"><\/iframe><\/div>\n<p>Adem\u00e1s de las 11 mujeres y 7 varones invitados el Filba reunir\u00e1 a unos 80 autores del pa\u00eds, y la conferencia de apertura estar\u00e1 a cargo de Fabi\u00e1n Casas (25 a las 19 en el Malba), quien acercar\u00e1 \u00abSeis propuestas para los pr\u00f3ximos millenials\u00bb en la que compartir\u00e1 ideas sobre c\u00f3mo emanciparse a trav\u00e9s de la poes\u00eda; mientras que para el cierre (el 29 a las 20.30 en el Centro Cultural 25 de Mayo) Hern\u00e1n Casciari leer\u00e1 una selecci\u00f3n de sus cuentos.<\/p>\n<p>En los cincos d\u00edas del evento habr\u00e1 paneles trazados por un tema, lecturas, perfomances, recorridos literarios por la muestra de Leandro Erlich en Malba y de Le Parc en el CCK; entrevistas, talleres (con inscripci\u00f3n previa) y encuentros mano a mano, como aquel donde un escritor lee a un asistente o el novedoso consultorio lector que ofrecer\u00e1 una recetario literario de acuerdo al estado emocional.<\/p>\n<p>El Filba se desarrollar\u00e1 entre el 25 y 29 de septiembre con entrada gratuita en distintas sedes de la ciudad: <strong>Malba, CCK, Centro Cultural de la Ciencia, La Confiter\u00eda y el Teatro Cervantes,<\/strong> entre otros.<\/p>\n<p>La programaci\u00f3n completa se encuentra disponible en la p\u00e1gina web www.filba.org.ar.<\/p>\n<div style=\"padding-bottom:20px; padding-top:10px;\" class=\"hupso-share-buttons\"><!-- Hupso Share Buttons - https:\/\/www.hupso.com\/share\/ --><a class=\"hupso_counters\" href=\"https:\/\/www.hupso.com\/share\/\"><img decoding=\"async\" src=\"http:\/\/static.hupso.com\/share\/buttons\/lang\/es\/share-small.png\" style=\"border:0px; padding-top:2px; float:left;\" alt=\"Share Button\"\/><\/a><script type=\"text\/javascript\">var hupso_services_c=new Array(\"twitter\",\"facebook_like\",\"google\");var hupso_counters_lang = \"es_LA\";var hupso_image_folder_url = \"\";var hupso_twitter_via=\"crsyvrs\";var hupso_url_c=\"\";<\/script><script type=\"text\/javascript\" src=\"http:\/\/static.hupso.com\/share\/js\/counters.js\"><\/script><!-- Hupso Share Buttons --><\/div> ","protected":false},"excerpt":{"rendered":"<div style=\"padding-bottom:20px; padding-top:10px;\" class=\"hupso-share-buttons\"><!-- Hupso Share Buttons - https:\/\/www.hupso.com\/share\/ --><a class=\"hupso_counters\" href=\"https:\/\/www.hupso.com\/share\/\"><img src=\"http:\/\/static.hupso.com\/share\/buttons\/lang\/es\/share-small.png\" style=\"border:0px; padding-top:2px; float:left;\" alt=\"Share Button\"\/><\/a><script type=\"text\/javascript\">var hupso_services_c=new Array(\"twitter\",\"facebook_like\",\"google\");var hupso_counters_lang = \"es_LA\";var hupso_image_folder_url = \"\";var hupso_twitter_via=\"crsyvrs\";var hupso_url_c=\"\";<\/script><script type=\"text\/javascript\" src=\"http:\/\/static.hupso.com\/share\/js\/counters.js\"><\/script><!-- Hupso Share Buttons --><\/div><p>La nueva edici\u00f3n del Festival Internacional de Literatura contar\u00e1 con presencias internacionales y una nutrida agenda de actividades. La und\u00e9cima edici\u00f3n del Festival Internacional de Literatura (Filba), que tendr\u00e1 lugar entre el 25 y 29 de septiembre en la&#46;&#46;&#46;<\/p>\n<div style=\"padding-bottom:20px; padding-top:10px;\" class=\"hupso-share-buttons\"><!-- Hupso Share Buttons - https:\/\/www.hupso.com\/share\/ --><a class=\"hupso_counters\" href=\"https:\/\/www.hupso.com\/share\/\"><img src=\"http:\/\/static.hupso.com\/share\/buttons\/lang\/es\/share-small.png\" style=\"border:0px; padding-top:2px; float:left;\" alt=\"Share Button\"\/><\/a><script type=\"text\/javascript\">var hupso_services_c=new Array(\"twitter\",\"facebook_like\",\"google\");var hupso_counters_lang = \"es_LA\";var hupso_image_folder_url = \"\";var hupso_twitter_via=\"crsyvrs\";var hupso_url_c=\"\";<\/script><script type=\"text\/javascript\" src=\"http:\/\/static.hupso.com\/share\/js\/counters.js\"><\/script><!-- Hupso Share Buttons --><\/div>","protected":false},"author":5,"featured_media":24443,"comment_status":"open","ping_status":"closed","sticky":false,"template":"","format":"standard","meta":{"footnotes":""},"categories":[7],"tags":[2895],"class_list":["post-24442","post","type-post","status-publish","format-standard","has-post-thumbnail","hentry","category-literatura","tag-filba"],"_links":{"self":[{"href":"http:\/\/cronicasyversiones.com\/index.php?rest_route=\/wp\/v2\/posts\/24442","targetHints":{"allow":["GET"]}}],"collection":[{"href":"http:\/\/cronicasyversiones.com\/index.php?rest_route=\/wp\/v2\/posts"}],"about":[{"href":"http:\/\/cronicasyversiones.com\/index.php?rest_route=\/wp\/v2\/types\/post"}],"author":[{"embeddable":true,"href":"http:\/\/cronicasyversiones.com\/index.php?rest_route=\/wp\/v2\/users\/5"}],"replies":[{"embeddable":true,"href":"http:\/\/cronicasyversiones.com\/index.php?rest_route=%2Fwp%2Fv2%2Fcomments&post=24442"}],"version-history":[{"count":1,"href":"http:\/\/cronicasyversiones.com\/index.php?rest_route=\/wp\/v2\/posts\/24442\/revisions"}],"predecessor-version":[{"id":24444,"href":"http:\/\/cronicasyversiones.com\/index.php?rest_route=\/wp\/v2\/posts\/24442\/revisions\/24444"}],"wp:featuredmedia":[{"embeddable":true,"href":"http:\/\/cronicasyversiones.com\/index.php?rest_route=\/wp\/v2\/media\/24443"}],"wp:attachment":[{"href":"http:\/\/cronicasyversiones.com\/index.php?rest_route=%2Fwp%2Fv2%2Fmedia&parent=24442"}],"wp:term":[{"taxonomy":"category","embeddable":true,"href":"http:\/\/cronicasyversiones.com\/index.php?rest_route=%2Fwp%2Fv2%2Fcategories&post=24442"},{"taxonomy":"post_tag","embeddable":true,"href":"http:\/\/cronicasyversiones.com\/index.php?rest_route=%2Fwp%2Fv2%2Ftags&post=24442"}],"curies":[{"name":"wp","href":"https:\/\/api.w.org\/{rel}","templated":true}]}}