{"id":2449,"date":"2014-06-22T18:03:59","date_gmt":"2014-06-22T21:03:59","guid":{"rendered":"http:\/\/cronicasyversiones.com\/?p=2449"},"modified":"2014-06-22T18:03:59","modified_gmt":"2014-06-22T21:03:59","slug":"stephen-king-debuta-como-guionista-de-tv-en-under-the-dome","status":"publish","type":"post","link":"http:\/\/cronicasyversiones.com\/?p=2449","title":{"rendered":"Stephen King debuta como guionista de TV en \u201cUnder the dome\u201d"},"content":{"rendered":"<div style=\"padding-bottom:20px; padding-top:10px;\" class=\"hupso-share-buttons\"><!-- Hupso Share Buttons - https:\/\/www.hupso.com\/share\/ --><a class=\"hupso_counters\" href=\"https:\/\/www.hupso.com\/share\/\"><img decoding=\"async\" src=\"http:\/\/static.hupso.com\/share\/buttons\/lang\/es\/share-small.png\" style=\"border:0px; padding-top:2px; float:left;\" alt=\"Share Button\"\/><\/a><script type=\"text\/javascript\">var hupso_services_c=new Array(\"twitter\",\"facebook_like\",\"google\");var hupso_counters_lang = \"es_LA\";var hupso_image_folder_url = \"\";var hupso_twitter_via=\"crsyvrs\";var hupso_url_c=\"\";<\/script><script type=\"text\/javascript\" src=\"http:\/\/static.hupso.com\/share\/js\/counters.js\"><\/script><!-- Hupso Share Buttons --><\/div><h2 style=\"text-align: justify;\">La sorpresiva llegada a la pantalla chica del maestro del terror y la ciencia ficci\u00f3n ser\u00e1 en la segunda temporada de la serie basada en su novela hom\u00f3nima.<\/h2>\n<p style=\"text-align: justify;\"><a href=\"http:\/\/cronicasyversiones.com\/wp-content\/uploads\/2014\/06\/Under.png\"><img loading=\"lazy\" decoding=\"async\" class=\"size-full wp-image-2450 aligncenter\" src=\"http:\/\/cronicasyversiones.com\/wp-content\/uploads\/2014\/06\/Under.png\" alt=\"Under\" width=\"740\" height=\"416\" srcset=\"http:\/\/cronicasyversiones.com\/wp-content\/uploads\/2014\/06\/Under.png 740w, http:\/\/cronicasyversiones.com\/wp-content\/uploads\/2014\/06\/Under-300x168.png 300w, http:\/\/cronicasyversiones.com\/wp-content\/uploads\/2014\/06\/Under-624x350.png 624w\" sizes=\"auto, (max-width: 740px) 100vw, 740px\" \/><\/a><\/p>\n<p style=\"text-align: justify;\"><strong>Stephen King<\/strong> debuta como guionista en la segunda temporada de <em><strong>\u00abUnder the Dome\u00bb<\/strong><\/em> (La c\u00fapula), la serie basada en su novela hom\u00f3nima, que se emite por el canal<strong> TNT<\/strong> en Argentina y que se estrenar\u00e1 el 28 de julio.<\/p>\n<p style=\"text-align: justify;\"><strong>\u00abLo escrib\u00ed yo\u00bb,<\/strong> confirm\u00f3 \u00e9l mismo el maestro de la ciencia ficci\u00f3n y terror en un especial del programa<strong> Entertaiment Weekly<\/strong>, y fue una declaraci\u00f3n inesperada, ya que si bien varios de sus relatos y novelas fueron adaptados para televisi\u00f3n, es la primera vez que se encarga del gui\u00f3n.<\/p>\n<p style=\"text-align: justify;\"><em><strong>\u00abUnder the dome\u00bb,<\/strong><\/em> que tiene al prol\u00edfico autor y a<strong> Steven Spielberg<\/strong> como productores ejecutivos, fue un furor en a\u00f1o anteiro y super\u00f3 los 13 millones de espectadores, factor clave para que se renueve el contrato para la producci\u00f3n de nueva temporada.<\/p>\n<p style=\"text-align: justify;\">Stephen King es uno de los escritores contempor\u00e1neos cuyas obras literarias fueon adaptadas en cine y televisi\u00f3n m\u00e1s que cualquier otro autor.<\/p>\n<p style=\"text-align: justify;\">S\u00f3lo este a\u00f1o, <strong>Universal TV<\/strong> est\u00e1 desarrollando el piloto de <em><strong>\u00abAyana\u00bb,<\/strong><\/em> una serie dram\u00e1tica basada en un cuento corto del mismo nombre que fue publicado en 2007; y junto a Spielberg, est\u00e1n pensando en producir <em><strong>\u00abThe talisman\u00bb<\/strong><\/em>, en formato de miniserie.<\/p>\n<p style=\"text-align: justify;\">Seg\u00fan inform\u00f3 la prensa estadounidense, se espera el estreno para 2015 de la pel\u00edcula <em><strong>\u00abCell\u00bb,<\/strong><\/em> versi\u00f3n de una novela de terror apocal\u00edptica publicada en 2006, que ahora tendr\u00e1 como protagonistas a <strong>Samuel L. Jackson<\/strong> y a<strong> John Cusack. <\/strong><\/p>\n<div style=\"padding-bottom:20px; padding-top:10px;\" class=\"hupso-share-buttons\"><!-- Hupso Share Buttons - https:\/\/www.hupso.com\/share\/ --><a class=\"hupso_counters\" href=\"https:\/\/www.hupso.com\/share\/\"><img decoding=\"async\" src=\"http:\/\/static.hupso.com\/share\/buttons\/lang\/es\/share-small.png\" style=\"border:0px; padding-top:2px; float:left;\" alt=\"Share Button\"\/><\/a><script type=\"text\/javascript\">var hupso_services_c=new Array(\"twitter\",\"facebook_like\",\"google\");var hupso_counters_lang = \"es_LA\";var hupso_image_folder_url = \"\";var hupso_twitter_via=\"crsyvrs\";var hupso_url_c=\"\";<\/script><script type=\"text\/javascript\" src=\"http:\/\/static.hupso.com\/share\/js\/counters.js\"><\/script><!-- Hupso Share Buttons --><\/div> ","protected":false},"excerpt":{"rendered":"<div style=\"padding-bottom:20px; padding-top:10px;\" class=\"hupso-share-buttons\"><!-- Hupso Share Buttons - https:\/\/www.hupso.com\/share\/ --><a class=\"hupso_counters\" href=\"https:\/\/www.hupso.com\/share\/\"><img src=\"http:\/\/static.hupso.com\/share\/buttons\/lang\/es\/share-small.png\" style=\"border:0px; padding-top:2px; float:left;\" alt=\"Share Button\"\/><\/a><script type=\"text\/javascript\">var hupso_services_c=new Array(\"twitter\",\"facebook_like\",\"google\");var hupso_counters_lang = \"es_LA\";var hupso_image_folder_url = \"\";var hupso_twitter_via=\"crsyvrs\";var hupso_url_c=\"\";<\/script><script type=\"text\/javascript\" src=\"http:\/\/static.hupso.com\/share\/js\/counters.js\"><\/script><!-- Hupso Share Buttons --><\/div><p>La sorpresiva llegada a la pantalla chica del maestro del terror y la ciencia ficci\u00f3n ser\u00e1 en la segunda temporada de la serie basada en su novela hom\u00f3nima. Stephen King debuta como guionista en la segunda temporada de \u00abUnder&#46;&#46;&#46;<\/p>\n<div style=\"padding-bottom:20px; padding-top:10px;\" class=\"hupso-share-buttons\"><!-- Hupso Share Buttons - https:\/\/www.hupso.com\/share\/ --><a class=\"hupso_counters\" href=\"https:\/\/www.hupso.com\/share\/\"><img src=\"http:\/\/static.hupso.com\/share\/buttons\/lang\/es\/share-small.png\" style=\"border:0px; padding-top:2px; float:left;\" alt=\"Share Button\"\/><\/a><script type=\"text\/javascript\">var hupso_services_c=new Array(\"twitter\",\"facebook_like\",\"google\");var hupso_counters_lang = \"es_LA\";var hupso_image_folder_url = \"\";var hupso_twitter_via=\"crsyvrs\";var hupso_url_c=\"\";<\/script><script type=\"text\/javascript\" src=\"http:\/\/static.hupso.com\/share\/js\/counters.js\"><\/script><!-- Hupso Share Buttons --><\/div>","protected":false},"author":5,"featured_media":0,"comment_status":"open","ping_status":"open","sticky":false,"template":"","format":"standard","meta":{"footnotes":""},"categories":[6],"tags":[1971,1969,1970,44,1454,1968],"class_list":["post-2449","post","type-post","status-publish","format-standard","hentry","category-radio-y-tv","tag-john-cusack","tag-la-cupula","tag-samuel-l-jackson","tag-stephen-king","tag-steven-spielberg","tag-under-the-dome"],"_links":{"self":[{"href":"http:\/\/cronicasyversiones.com\/index.php?rest_route=\/wp\/v2\/posts\/2449","targetHints":{"allow":["GET"]}}],"collection":[{"href":"http:\/\/cronicasyversiones.com\/index.php?rest_route=\/wp\/v2\/posts"}],"about":[{"href":"http:\/\/cronicasyversiones.com\/index.php?rest_route=\/wp\/v2\/types\/post"}],"author":[{"embeddable":true,"href":"http:\/\/cronicasyversiones.com\/index.php?rest_route=\/wp\/v2\/users\/5"}],"replies":[{"embeddable":true,"href":"http:\/\/cronicasyversiones.com\/index.php?rest_route=%2Fwp%2Fv2%2Fcomments&post=2449"}],"version-history":[{"count":0,"href":"http:\/\/cronicasyversiones.com\/index.php?rest_route=\/wp\/v2\/posts\/2449\/revisions"}],"wp:attachment":[{"href":"http:\/\/cronicasyversiones.com\/index.php?rest_route=%2Fwp%2Fv2%2Fmedia&parent=2449"}],"wp:term":[{"taxonomy":"category","embeddable":true,"href":"http:\/\/cronicasyversiones.com\/index.php?rest_route=%2Fwp%2Fv2%2Fcategories&post=2449"},{"taxonomy":"post_tag","embeddable":true,"href":"http:\/\/cronicasyversiones.com\/index.php?rest_route=%2Fwp%2Fv2%2Ftags&post=2449"}],"curies":[{"name":"wp","href":"https:\/\/api.w.org\/{rel}","templated":true}]}}