{"id":24636,"date":"2019-10-02T21:17:52","date_gmt":"2019-10-03T00:17:52","guid":{"rendered":"http:\/\/cronicasyversiones.com\/?p=24636"},"modified":"2019-10-02T21:17:52","modified_gmt":"2019-10-03T00:17:52","slug":"un-libro-reune-imagenes-ineditas-sobre-el-diseno-argentino-en-los-60","status":"publish","type":"post","link":"http:\/\/cronicasyversiones.com\/?p=24636","title":{"rendered":"Un libro re\u00fane im\u00e1genes in\u00e9ditas sobre el dise\u00f1o argentino en los \u201860"},"content":{"rendered":"<div style=\"padding-bottom:20px; padding-top:10px;\" class=\"hupso-share-buttons\"><!-- Hupso Share Buttons - https:\/\/www.hupso.com\/share\/ --><a class=\"hupso_counters\" href=\"https:\/\/www.hupso.com\/share\/\"><img decoding=\"async\" src=\"http:\/\/static.hupso.com\/share\/buttons\/lang\/es\/share-small.png\" style=\"border:0px; padding-top:2px; float:left;\" alt=\"Share Button\"\/><\/a><script type=\"text\/javascript\">var hupso_services_c=new Array(\"twitter\",\"facebook_like\",\"google\");var hupso_counters_lang = \"es_LA\";var hupso_image_folder_url = \"\";var hupso_twitter_via=\"crsyvrs\";var hupso_url_c=\"\";<\/script><script type=\"text\/javascript\" src=\"http:\/\/static.hupso.com\/share\/js\/counters.js\"><\/script><!-- Hupso Share Buttons --><\/div><h2>La publicaci\u00f3n ser\u00e1 presentada en sociedad en la Semana Internacional de Dise\u00f1o de Buenos Aires, en el Malba.<\/h2>\n<p><img loading=\"lazy\" decoding=\"async\" class=\" wp-image-24637 aligncenter\" src=\"http:\/\/cronicasyversiones.com\/wp-content\/uploads\/2019\/10\/TAPA_MR_GRGSR_ITDT_MECA_3_EditDD-750x556.jpg\" alt=\"\" width=\"730\" height=\"541\" srcset=\"http:\/\/cronicasyversiones.com\/wp-content\/uploads\/2019\/10\/TAPA_MR_GRGSR_ITDT_MECA_3_EditDD-750x556.jpg 750w, http:\/\/cronicasyversiones.com\/wp-content\/uploads\/2019\/10\/TAPA_MR_GRGSR_ITDT_MECA_3_EditDD-750x556-300x222.jpg 300w\" sizes=\"auto, (max-width: 730px) 100vw, 730px\" \/><\/p>\n<p>Dentro de las actividades de la Semana Internacional de Dise\u00f1o de Buenos Aires, el pr\u00f3ximo lunes 7 de octubre a las 19 se presenta el libro<em><strong> \u201cIdeas Materiales. Arte y dise\u00f1o argentino en la d\u00e9cada del 60\u201d<\/strong><\/em>, coeditado por <strong>Malba<\/strong> y la <strong>Fundaci\u00f3n IDA.<\/strong><\/p>\n<p>Se trata de una publicaci\u00f3n de referencia, que por primera vez re\u00fane en 360 p\u00e1ginas im\u00e1genes in\u00e9ditas, experiencias y testimonios de los protagonistas de la escena del arte y el dise\u00f1o argentino.<\/p>\n<p>El libro funciona como registro y compilaci\u00f3n de las jornadas realizadas en el museo en octubre de 2015, como parte de los Programas P\u00fablicos de la exposici\u00f3n <em><strong>\u201cPolesello joven 1958-1974\u201d.<\/strong><\/em><\/p>\n<p>Estas jornadas permitieron revisar <strong>los puentes construidos entre el arte y el dise\u00f1o en los \u00b460,<\/strong> a trav\u00e9s de agencias de publicidad, centros de investigaci\u00f3n, universidades y espacios como bares y discotecas, y recuperar la voz de artistas, publicistas, dise\u00f1adores y te\u00f3ricos.<\/p>\n<p>Marco temporal de un mundo agitado, los \u201860 fueron a\u00f1os de profundos cambios en la maneras sociales de habitar, comunicar, expresarse y entretenerse.<\/p>\n<p>M\u00faltiples acontecimientos alrededor del globo daban cuenta de una ebullici\u00f3n que a nadie le era indiferente. En Argentina, pese a los vaivenes de la democracia y a una militarizaci\u00f3n en escalada, la exaltaci\u00f3n invadi\u00f3 un sinf\u00edn de \u00e1reas, en especial donde reinaba la creatividad.<\/p>\n<div style=\"padding-bottom:20px; padding-top:10px;\" class=\"hupso-share-buttons\"><!-- Hupso Share Buttons - https:\/\/www.hupso.com\/share\/ --><a class=\"hupso_counters\" href=\"https:\/\/www.hupso.com\/share\/\"><img decoding=\"async\" src=\"http:\/\/static.hupso.com\/share\/buttons\/lang\/es\/share-small.png\" style=\"border:0px; padding-top:2px; float:left;\" alt=\"Share Button\"\/><\/a><script type=\"text\/javascript\">var hupso_services_c=new Array(\"twitter\",\"facebook_like\",\"google\");var hupso_counters_lang = \"es_LA\";var hupso_image_folder_url = \"\";var hupso_twitter_via=\"crsyvrs\";var hupso_url_c=\"\";<\/script><script type=\"text\/javascript\" src=\"http:\/\/static.hupso.com\/share\/js\/counters.js\"><\/script><!-- Hupso Share Buttons --><\/div> ","protected":false},"excerpt":{"rendered":"<div style=\"padding-bottom:20px; padding-top:10px;\" class=\"hupso-share-buttons\"><!-- Hupso Share Buttons - https:\/\/www.hupso.com\/share\/ --><a class=\"hupso_counters\" href=\"https:\/\/www.hupso.com\/share\/\"><img src=\"http:\/\/static.hupso.com\/share\/buttons\/lang\/es\/share-small.png\" style=\"border:0px; padding-top:2px; float:left;\" alt=\"Share Button\"\/><\/a><script type=\"text\/javascript\">var hupso_services_c=new Array(\"twitter\",\"facebook_like\",\"google\");var hupso_counters_lang = \"es_LA\";var hupso_image_folder_url = \"\";var hupso_twitter_via=\"crsyvrs\";var hupso_url_c=\"\";<\/script><script type=\"text\/javascript\" src=\"http:\/\/static.hupso.com\/share\/js\/counters.js\"><\/script><!-- Hupso Share Buttons --><\/div><p>La publicaci\u00f3n ser\u00e1 presentada en sociedad en la Semana Internacional de Dise\u00f1o de Buenos Aires, en el Malba. Dentro de las actividades de la Semana Internacional de Dise\u00f1o de Buenos Aires, el pr\u00f3ximo lunes 7 de octubre a las&#46;&#46;&#46;<\/p>\n<div style=\"padding-bottom:20px; padding-top:10px;\" class=\"hupso-share-buttons\"><!-- Hupso Share Buttons - https:\/\/www.hupso.com\/share\/ --><a class=\"hupso_counters\" href=\"https:\/\/www.hupso.com\/share\/\"><img src=\"http:\/\/static.hupso.com\/share\/buttons\/lang\/es\/share-small.png\" style=\"border:0px; padding-top:2px; float:left;\" alt=\"Share Button\"\/><\/a><script type=\"text\/javascript\">var hupso_services_c=new Array(\"twitter\",\"facebook_like\",\"google\");var hupso_counters_lang = \"es_LA\";var hupso_image_folder_url = \"\";var hupso_twitter_via=\"crsyvrs\";var hupso_url_c=\"\";<\/script><script type=\"text\/javascript\" src=\"http:\/\/static.hupso.com\/share\/js\/counters.js\"><\/script><!-- Hupso Share Buttons --><\/div>","protected":false},"author":5,"featured_media":24637,"comment_status":"open","ping_status":"closed","sticky":false,"template":"","format":"standard","meta":{"footnotes":""},"categories":[8],"tags":[37],"class_list":["post-24636","post","type-post","status-publish","format-standard","has-post-thumbnail","hentry","category-artes-plasticas","tag-malba"],"_links":{"self":[{"href":"http:\/\/cronicasyversiones.com\/index.php?rest_route=\/wp\/v2\/posts\/24636","targetHints":{"allow":["GET"]}}],"collection":[{"href":"http:\/\/cronicasyversiones.com\/index.php?rest_route=\/wp\/v2\/posts"}],"about":[{"href":"http:\/\/cronicasyversiones.com\/index.php?rest_route=\/wp\/v2\/types\/post"}],"author":[{"embeddable":true,"href":"http:\/\/cronicasyversiones.com\/index.php?rest_route=\/wp\/v2\/users\/5"}],"replies":[{"embeddable":true,"href":"http:\/\/cronicasyversiones.com\/index.php?rest_route=%2Fwp%2Fv2%2Fcomments&post=24636"}],"version-history":[{"count":1,"href":"http:\/\/cronicasyversiones.com\/index.php?rest_route=\/wp\/v2\/posts\/24636\/revisions"}],"predecessor-version":[{"id":24638,"href":"http:\/\/cronicasyversiones.com\/index.php?rest_route=\/wp\/v2\/posts\/24636\/revisions\/24638"}],"wp:featuredmedia":[{"embeddable":true,"href":"http:\/\/cronicasyversiones.com\/index.php?rest_route=\/wp\/v2\/media\/24637"}],"wp:attachment":[{"href":"http:\/\/cronicasyversiones.com\/index.php?rest_route=%2Fwp%2Fv2%2Fmedia&parent=24636"}],"wp:term":[{"taxonomy":"category","embeddable":true,"href":"http:\/\/cronicasyversiones.com\/index.php?rest_route=%2Fwp%2Fv2%2Fcategories&post=24636"},{"taxonomy":"post_tag","embeddable":true,"href":"http:\/\/cronicasyversiones.com\/index.php?rest_route=%2Fwp%2Fv2%2Ftags&post=24636"}],"curies":[{"name":"wp","href":"https:\/\/api.w.org\/{rel}","templated":true}]}}