{"id":24741,"date":"2019-10-11T18:37:55","date_gmt":"2019-10-11T21:37:55","guid":{"rendered":"http:\/\/cronicasyversiones.com\/?p=24741"},"modified":"2019-10-12T09:29:04","modified_gmt":"2019-10-12T12:29:04","slug":"una-muestra-recupera-anotaciones-cartas-y-manuscritos-roberto-juarroz","status":"publish","type":"post","link":"http:\/\/cronicasyversiones.com\/?p=24741","title":{"rendered":"Una muestra recupera anotaciones, cartas y manuscritos de Roberto Juarroz"},"content":{"rendered":"<div style=\"padding-bottom:20px; padding-top:10px;\" class=\"hupso-share-buttons\"><!-- Hupso Share Buttons - https:\/\/www.hupso.com\/share\/ --><a class=\"hupso_counters\" href=\"https:\/\/www.hupso.com\/share\/\"><img decoding=\"async\" src=\"http:\/\/static.hupso.com\/share\/buttons\/lang\/es\/share-small.png\" style=\"border:0px; padding-top:2px; float:left;\" alt=\"Share Button\"\/><\/a><script type=\"text\/javascript\">var hupso_services_c=new Array(\"twitter\",\"facebook_like\",\"google\");var hupso_counters_lang = \"es_LA\";var hupso_image_folder_url = \"\";var hupso_twitter_via=\"crsyvrs\";var hupso_url_c=\"\";<\/script><script type=\"text\/javascript\" src=\"http:\/\/static.hupso.com\/share\/js\/counters.js\"><\/script><!-- Hupso Share Buttons --><\/div><h2>Se exhibe la colecci\u00f3n que conserva la Biblioteca Nacional sobre las huellas del poeta y bibliotecario argentino.<\/h2>\n<p><img loading=\"lazy\" decoding=\"async\" class=\"size-full wp-image-24742 aligncenter\" src=\"http:\/\/cronicasyversiones.com\/wp-content\/uploads\/2019\/10\/juarroz.jpg\" alt=\"\" width=\"750\" height=\"507\" srcset=\"http:\/\/cronicasyversiones.com\/wp-content\/uploads\/2019\/10\/juarroz.jpg 750w, http:\/\/cronicasyversiones.com\/wp-content\/uploads\/2019\/10\/juarroz-300x203.jpg 300w\" sizes=\"auto, (max-width: 750px) 100vw, 750px\" \/><\/p>\n<p><strong><em>\u201cSaltos verticales: Roberto Juarroz entre nosotros\u201d<\/em><\/strong> es una muestra organizada por la Biblioteca Nacional exhibe la colecci\u00f3n donada en 2018 que conserva las huellas del poeta y bibliotecario argentino: anotaciones, cartas, manuscritos y tarjetas postales.<\/p>\n<p>M\u00e1s conocido por su obra po\u00e9tica que por su labor como bibliotecario, <strong>Roberto Juarroz <\/strong>(Coronel Dorrego, 1925 &#8211; Temperley, 1995) desarroll\u00f3 ambas pasiones con pareja dedicaci\u00f3n y calidad.<\/p>\n<p>Su poes\u00eda abri\u00f3 una nueva mirada sobre el mundo que nos rodea, acercando la realidad de lo cotidiano a la complejidad del pensamiento.<\/p>\n<p>Entre saltos de rengl\u00f3n, supo desenmascarar la naturaleza fugaz de lo aparente. Su \u00fanica obra, compuesta por catorce libros bajo el t\u00edtulo de Poes\u00eda vertical, hace gravitar el lenguaje cotidiano en el campo del pensamiento al generar un movimiento de ascenso y descenso entre lo real, la palabra y el poema.<\/p>\n<p>Adem\u00e1s, <strong>fue un cr\u00edtico agudo,<\/strong> cultiv\u00f3 el don de la amistad con grandes poetas y dirigi\u00f3 una de las revistas m\u00e1s singulares que se recuerden del g\u00e9nero: <strong>Poes\u00eda = Poes\u00eda.<\/strong><\/p>\n<p><em><strong>LEA TAMBI\u00c9N:<\/strong> <\/em><\/p>\n<div class=\"video-container\">\n<blockquote class=\"wp-embedded-content\" data-secret=\"PScVx7rdjx\"><p><a href=\"https:\/\/cronicasyversiones.com\/?p=24628\">Lanzan la tercera edici\u00f3n del Concurso Leamos de Cr\u00f3nica Breve<\/a><\/p><\/blockquote>\n<p><iframe loading=\"lazy\" class=\"wp-embedded-content\" sandbox=\"allow-scripts\" security=\"restricted\" style=\"position: absolute; clip: rect(1px, 1px, 1px, 1px);\" title=\"\u00abLanzan la tercera edici\u00f3n del Concurso Leamos de Cr\u00f3nica Breve\u00bb \u2014    \" src=\"https:\/\/cronicasyversiones.com\/?p=24628&#038;embed=true#?secret=QARYvO1oW7#?secret=PScVx7rdjx\" data-secret=\"PScVx7rdjx\" width=\"600\" height=\"338\" frameborder=\"0\" marginwidth=\"0\" marginheight=\"0\" scrolling=\"no\"><\/iframe><\/div>\n<p>Como bibliotecario, Juarroz tuvo un rol fundamental en los procesos de consolidaci\u00f3n institucional y cognitiva de los estudios bibliotecol\u00f3gicos en Argentina. Docente e investigador de la Facultad de Filosof\u00eda y Letras de la Universidad de Buenos Aires, su trayectoria se caracteriz\u00f3 por la fuerza de sus innovaciones y, en el plano te\u00f3rico, por sus reflexiones sobre las relaciones y las diferencias entre la bibliotecolog\u00eda y la documentaci\u00f3n. En el aula consolid\u00f3 un pensamiento cr\u00edtico (vertical) acerca del lugar de los bibliotecarios frente al complejo mundo de la informaci\u00f3n.<\/p>\n<p><em><strong>\u201cSaltos verticales: Roberto Juarroz entre nosotros\u201d<\/strong> <\/em>puede visitarse desde el 17 de octubre de lunes a viernes de 9 a 21 y s\u00e1bados y domingos de 12 a 19 en la Sala Mar\u00eda Elena Walsh del edificio de Ag\u00fcero 2502.<\/p>\n<div style=\"padding-bottom:20px; padding-top:10px;\" class=\"hupso-share-buttons\"><!-- Hupso Share Buttons - https:\/\/www.hupso.com\/share\/ --><a class=\"hupso_counters\" href=\"https:\/\/www.hupso.com\/share\/\"><img decoding=\"async\" src=\"http:\/\/static.hupso.com\/share\/buttons\/lang\/es\/share-small.png\" style=\"border:0px; padding-top:2px; float:left;\" alt=\"Share Button\"\/><\/a><script type=\"text\/javascript\">var hupso_services_c=new Array(\"twitter\",\"facebook_like\",\"google\");var hupso_counters_lang = \"es_LA\";var hupso_image_folder_url = \"\";var hupso_twitter_via=\"crsyvrs\";var hupso_url_c=\"\";<\/script><script type=\"text\/javascript\" src=\"http:\/\/static.hupso.com\/share\/js\/counters.js\"><\/script><!-- Hupso Share Buttons --><\/div> ","protected":false},"excerpt":{"rendered":"<div style=\"padding-bottom:20px; padding-top:10px;\" class=\"hupso-share-buttons\"><!-- Hupso Share Buttons - https:\/\/www.hupso.com\/share\/ --><a class=\"hupso_counters\" href=\"https:\/\/www.hupso.com\/share\/\"><img src=\"http:\/\/static.hupso.com\/share\/buttons\/lang\/es\/share-small.png\" style=\"border:0px; padding-top:2px; float:left;\" alt=\"Share Button\"\/><\/a><script type=\"text\/javascript\">var hupso_services_c=new Array(\"twitter\",\"facebook_like\",\"google\");var hupso_counters_lang = \"es_LA\";var hupso_image_folder_url = \"\";var hupso_twitter_via=\"crsyvrs\";var hupso_url_c=\"\";<\/script><script type=\"text\/javascript\" src=\"http:\/\/static.hupso.com\/share\/js\/counters.js\"><\/script><!-- Hupso Share Buttons --><\/div><p>Se exhibe la colecci\u00f3n que conserva la Biblioteca Nacional sobre las huellas del poeta y bibliotecario argentino. \u201cSaltos verticales: Roberto Juarroz entre nosotros\u201d es una muestra organizada por la Biblioteca Nacional exhibe la colecci\u00f3n donada en 2018 que conserva&#46;&#46;&#46;<\/p>\n<div style=\"padding-bottom:20px; padding-top:10px;\" class=\"hupso-share-buttons\"><!-- Hupso Share Buttons - https:\/\/www.hupso.com\/share\/ --><a class=\"hupso_counters\" href=\"https:\/\/www.hupso.com\/share\/\"><img src=\"http:\/\/static.hupso.com\/share\/buttons\/lang\/es\/share-small.png\" style=\"border:0px; padding-top:2px; float:left;\" alt=\"Share Button\"\/><\/a><script type=\"text\/javascript\">var hupso_services_c=new Array(\"twitter\",\"facebook_like\",\"google\");var hupso_counters_lang = \"es_LA\";var hupso_image_folder_url = \"\";var hupso_twitter_via=\"crsyvrs\";var hupso_url_c=\"\";<\/script><script type=\"text\/javascript\" src=\"http:\/\/static.hupso.com\/share\/js\/counters.js\"><\/script><!-- Hupso Share Buttons --><\/div>","protected":false},"author":5,"featured_media":24742,"comment_status":"open","ping_status":"closed","sticky":false,"template":"","format":"standard","meta":{"footnotes":""},"categories":[7],"tags":[2046],"class_list":["post-24741","post","type-post","status-publish","format-standard","has-post-thumbnail","hentry","category-literatura","tag-biblioteca-nacional"],"_links":{"self":[{"href":"http:\/\/cronicasyversiones.com\/index.php?rest_route=\/wp\/v2\/posts\/24741","targetHints":{"allow":["GET"]}}],"collection":[{"href":"http:\/\/cronicasyversiones.com\/index.php?rest_route=\/wp\/v2\/posts"}],"about":[{"href":"http:\/\/cronicasyversiones.com\/index.php?rest_route=\/wp\/v2\/types\/post"}],"author":[{"embeddable":true,"href":"http:\/\/cronicasyversiones.com\/index.php?rest_route=\/wp\/v2\/users\/5"}],"replies":[{"embeddable":true,"href":"http:\/\/cronicasyversiones.com\/index.php?rest_route=%2Fwp%2Fv2%2Fcomments&post=24741"}],"version-history":[{"count":2,"href":"http:\/\/cronicasyversiones.com\/index.php?rest_route=\/wp\/v2\/posts\/24741\/revisions"}],"predecessor-version":[{"id":24749,"href":"http:\/\/cronicasyversiones.com\/index.php?rest_route=\/wp\/v2\/posts\/24741\/revisions\/24749"}],"wp:featuredmedia":[{"embeddable":true,"href":"http:\/\/cronicasyversiones.com\/index.php?rest_route=\/wp\/v2\/media\/24742"}],"wp:attachment":[{"href":"http:\/\/cronicasyversiones.com\/index.php?rest_route=%2Fwp%2Fv2%2Fmedia&parent=24741"}],"wp:term":[{"taxonomy":"category","embeddable":true,"href":"http:\/\/cronicasyversiones.com\/index.php?rest_route=%2Fwp%2Fv2%2Fcategories&post=24741"},{"taxonomy":"post_tag","embeddable":true,"href":"http:\/\/cronicasyversiones.com\/index.php?rest_route=%2Fwp%2Fv2%2Ftags&post=24741"}],"curies":[{"name":"wp","href":"https:\/\/api.w.org\/{rel}","templated":true}]}}