{"id":24815,"date":"2019-10-17T21:18:00","date_gmt":"2019-10-18T00:18:00","guid":{"rendered":"http:\/\/cronicasyversiones.com\/?p=24815"},"modified":"2019-10-17T21:18:00","modified_gmt":"2019-10-18T00:18:00","slug":"la-fundacion-la-balandra-lanza-su-primer-concurso-de-narrativa","status":"publish","type":"post","link":"http:\/\/cronicasyversiones.com\/?p=24815","title":{"rendered":"La Fundaci\u00f3n La Balandra lanza su primer Concurso de Narrativa"},"content":{"rendered":"<div style=\"padding-bottom:20px; padding-top:10px;\" class=\"hupso-share-buttons\"><!-- Hupso Share Buttons - https:\/\/www.hupso.com\/share\/ --><a class=\"hupso_counters\" href=\"https:\/\/www.hupso.com\/share\/\"><img decoding=\"async\" src=\"http:\/\/static.hupso.com\/share\/buttons\/lang\/es\/share-small.png\" style=\"border:0px; padding-top:2px; float:left;\" alt=\"Share Button\"\/><\/a><script type=\"text\/javascript\">var hupso_services_c=new Array(\"twitter\",\"facebook_like\",\"google\");var hupso_counters_lang = \"es_LA\";var hupso_image_folder_url = \"\";var hupso_twitter_via=\"crsyvrs\";var hupso_url_c=\"\";<\/script><script type=\"text\/javascript\" src=\"http:\/\/static.hupso.com\/share\/js\/counters.js\"><\/script><!-- Hupso Share Buttons --><\/div><h2>La iniciativa es con el apoyo del Centro PEN Argentina y contar\u00e1 con un jurado conformado por Fernanda Garc\u00eda Lao, Mart\u00edn Kohan y Guillermo Saccomanno.<\/h2>\n<p><img loading=\"lazy\" decoding=\"async\" class=\"size-full wp-image-24816 aligncenter\" src=\"http:\/\/cronicasyversiones.com\/wp-content\/uploads\/2019\/10\/balandra.jpg\" alt=\"\" width=\"750\" height=\"527\" srcset=\"http:\/\/cronicasyversiones.com\/wp-content\/uploads\/2019\/10\/balandra.jpg 750w, http:\/\/cronicasyversiones.com\/wp-content\/uploads\/2019\/10\/balandra-300x211.jpg 300w\" sizes=\"auto, (max-width: 750px) 100vw, 750px\" \/><\/p>\n<p>Con el apoyo del Centro PEN Argentina y un jurado conformado por <strong>Fernanda Garc\u00eda Lao, Mart\u00edn Kohan y Guillermo Saccomanno,<\/strong> la <strong>Fundaci\u00f3n La Balandra<\/strong> abri\u00f3 la convocatoria a su 1\u00b0 Concurso de Narrativa en la categor\u00eda \u201ccuento\u201d.<\/p>\n<p>La Balandra lanza su 1\u00b0 <strong>Concurso de Narrativa en la categor\u00eda \u201ccuento\u201d.<\/strong> En esta nueva etapa como Fundaci\u00f3n, la organizaci\u00f3n sin fines de lucro propone un campo de acci\u00f3n m\u00e1s amplio y colaborativo que permitir\u00e1 crear nuevos espacios de interacci\u00f3n y sinergia entre sus lectores y seguidores.<\/p>\n<p>En ese sentido, el 1\u00b0 <strong>Concurso de Narrativa Fundaci\u00f3n La Balandra,<\/strong> que cuenta con el apoyo del Centro PEN Argentina, reconocer\u00e1 a los dos mejores cuentos de una selecci\u00f3n de doce, que ser\u00e1n publicados en una antolog\u00eda. Cuenta con un jurado integrado por destacadas figuras de la literatura argentina, como Fernanda Garc\u00eda Lao, Mart\u00edn Kohan y Guillermo Saccomanno.<\/p>\n<p>El mejor cuento ser\u00e1 premiado con un monto de AR$30.000 y el segundo con AR$15.000.<\/p>\n<p><em><strong>LEA TAMBI\u00c9N:<\/strong> <\/em><\/p>\n<div class=\"video-container\">\n<blockquote class=\"wp-embedded-content\" data-secret=\"H788JnaAaC\"><p><a href=\"https:\/\/cronicasyversiones.com\/?p=24628\">Lanzan la tercera edici\u00f3n del Concurso Leamos de Cr\u00f3nica Breve<\/a><\/p><\/blockquote>\n<p><iframe loading=\"lazy\" class=\"wp-embedded-content\" sandbox=\"allow-scripts\" security=\"restricted\" style=\"position: absolute; clip: rect(1px, 1px, 1px, 1px);\" title=\"\u00abLanzan la tercera edici\u00f3n del Concurso Leamos de Cr\u00f3nica Breve\u00bb \u2014    \" src=\"https:\/\/cronicasyversiones.com\/?p=24628&#038;embed=true#?secret=ZFtoM3eRuF#?secret=H788JnaAaC\" data-secret=\"H788JnaAaC\" width=\"600\" height=\"338\" frameborder=\"0\" marginwidth=\"0\" marginheight=\"0\" scrolling=\"no\"><\/iframe><\/div>\n<p>Carlos Alberto Costa, presidente del Consejo Directivo, destac\u00f3 que \u201cel esp\u00edritu de la Fundaci\u00f3n es ampliar los objetivos que se llevaron adelante con la revista La Balandra, empoderando a quienes ejercen la narrativa como un oficio por sobre los obst\u00e1culos que la dura realidad impone, promoviendo el ejercicio de la narrativa y difundiendo su producci\u00f3n\u201d.<\/p>\n<p>Adem\u00e1s del Concurso de Narrativa, la Fundaci\u00f3n La Balandra tambi\u00e9n ha creado una p\u00e1gina Web, un Club de Lectura y una Biblioteca de Cuentos. Entre sus objetivos principales destacan: llevar a cabo cert\u00e1menes y concursos literarios, subsidiar ediciones de autores argentinos, realizar seminarios, coloquios, conferencias y congresos de escritores, otorgar tutor\u00edas a la producci\u00f3n creativa de escritores, continuar con la publicaci\u00f3n de la revista literaria La Balandra y generar y difundir contenidos de inter\u00e9s para la narrativa.<\/p>\n<p>Las obras ser\u00e1n recibidas el 15 de diciembre de 2019 inclusive. Las bases del concurso se encuentran disponibles en la web, <a href=\"https:\/\/fundacionlabalandra.org.ar\/concurso-de-cuentos\/\">https:\/\/fundacionlabalandra.org.ar\/concurso-de-cuentos\/<\/a><\/p>\n<p>&nbsp;<\/p>\n<div style=\"padding-bottom:20px; padding-top:10px;\" class=\"hupso-share-buttons\"><!-- Hupso Share Buttons - https:\/\/www.hupso.com\/share\/ --><a class=\"hupso_counters\" href=\"https:\/\/www.hupso.com\/share\/\"><img decoding=\"async\" src=\"http:\/\/static.hupso.com\/share\/buttons\/lang\/es\/share-small.png\" style=\"border:0px; padding-top:2px; float:left;\" alt=\"Share Button\"\/><\/a><script type=\"text\/javascript\">var hupso_services_c=new Array(\"twitter\",\"facebook_like\",\"google\");var hupso_counters_lang = \"es_LA\";var hupso_image_folder_url = \"\";var hupso_twitter_via=\"crsyvrs\";var hupso_url_c=\"\";<\/script><script type=\"text\/javascript\" src=\"http:\/\/static.hupso.com\/share\/js\/counters.js\"><\/script><!-- Hupso Share Buttons --><\/div> ","protected":false},"excerpt":{"rendered":"<div style=\"padding-bottom:20px; padding-top:10px;\" class=\"hupso-share-buttons\"><!-- Hupso Share Buttons - https:\/\/www.hupso.com\/share\/ --><a class=\"hupso_counters\" href=\"https:\/\/www.hupso.com\/share\/\"><img src=\"http:\/\/static.hupso.com\/share\/buttons\/lang\/es\/share-small.png\" style=\"border:0px; padding-top:2px; float:left;\" alt=\"Share Button\"\/><\/a><script type=\"text\/javascript\">var hupso_services_c=new Array(\"twitter\",\"facebook_like\",\"google\");var hupso_counters_lang = \"es_LA\";var hupso_image_folder_url = \"\";var hupso_twitter_via=\"crsyvrs\";var hupso_url_c=\"\";<\/script><script type=\"text\/javascript\" src=\"http:\/\/static.hupso.com\/share\/js\/counters.js\"><\/script><!-- Hupso Share Buttons --><\/div><p>La iniciativa es con el apoyo del Centro PEN Argentina y contar\u00e1 con un jurado conformado por Fernanda Garc\u00eda Lao, Mart\u00edn Kohan y Guillermo Saccomanno. Con el apoyo del Centro PEN Argentina y un jurado conformado por Fernanda Garc\u00eda&#46;&#46;&#46;<\/p>\n<div style=\"padding-bottom:20px; padding-top:10px;\" class=\"hupso-share-buttons\"><!-- Hupso Share Buttons - https:\/\/www.hupso.com\/share\/ --><a class=\"hupso_counters\" href=\"https:\/\/www.hupso.com\/share\/\"><img src=\"http:\/\/static.hupso.com\/share\/buttons\/lang\/es\/share-small.png\" style=\"border:0px; padding-top:2px; float:left;\" alt=\"Share Button\"\/><\/a><script type=\"text\/javascript\">var hupso_services_c=new Array(\"twitter\",\"facebook_like\",\"google\");var hupso_counters_lang = \"es_LA\";var hupso_image_folder_url = \"\";var hupso_twitter_via=\"crsyvrs\";var hupso_url_c=\"\";<\/script><script type=\"text\/javascript\" src=\"http:\/\/static.hupso.com\/share\/js\/counters.js\"><\/script><!-- Hupso Share Buttons --><\/div>","protected":false},"author":5,"featured_media":24816,"comment_status":"open","ping_status":"closed","sticky":false,"template":"","format":"standard","meta":{"footnotes":""},"categories":[7],"tags":[9406,9409,9408,9407],"class_list":["post-24815","post","type-post","status-publish","format-standard","has-post-thumbnail","hentry","category-literatura","tag-fernanda-garcia-lao","tag-fundacion-la-balandra","tag-guillermo-saccomanno","tag-martin-kohan"],"_links":{"self":[{"href":"http:\/\/cronicasyversiones.com\/index.php?rest_route=\/wp\/v2\/posts\/24815","targetHints":{"allow":["GET"]}}],"collection":[{"href":"http:\/\/cronicasyversiones.com\/index.php?rest_route=\/wp\/v2\/posts"}],"about":[{"href":"http:\/\/cronicasyversiones.com\/index.php?rest_route=\/wp\/v2\/types\/post"}],"author":[{"embeddable":true,"href":"http:\/\/cronicasyversiones.com\/index.php?rest_route=\/wp\/v2\/users\/5"}],"replies":[{"embeddable":true,"href":"http:\/\/cronicasyversiones.com\/index.php?rest_route=%2Fwp%2Fv2%2Fcomments&post=24815"}],"version-history":[{"count":1,"href":"http:\/\/cronicasyversiones.com\/index.php?rest_route=\/wp\/v2\/posts\/24815\/revisions"}],"predecessor-version":[{"id":24817,"href":"http:\/\/cronicasyversiones.com\/index.php?rest_route=\/wp\/v2\/posts\/24815\/revisions\/24817"}],"wp:featuredmedia":[{"embeddable":true,"href":"http:\/\/cronicasyversiones.com\/index.php?rest_route=\/wp\/v2\/media\/24816"}],"wp:attachment":[{"href":"http:\/\/cronicasyversiones.com\/index.php?rest_route=%2Fwp%2Fv2%2Fmedia&parent=24815"}],"wp:term":[{"taxonomy":"category","embeddable":true,"href":"http:\/\/cronicasyversiones.com\/index.php?rest_route=%2Fwp%2Fv2%2Fcategories&post=24815"},{"taxonomy":"post_tag","embeddable":true,"href":"http:\/\/cronicasyversiones.com\/index.php?rest_route=%2Fwp%2Fv2%2Ftags&post=24815"}],"curies":[{"name":"wp","href":"https:\/\/api.w.org\/{rel}","templated":true}]}}