{"id":24921,"date":"2019-10-29T17:11:24","date_gmt":"2019-10-29T20:11:24","guid":{"rendered":"http:\/\/cronicasyversiones.com\/?p=24921"},"modified":"2019-10-29T17:11:24","modified_gmt":"2019-10-29T20:11:24","slug":"las-vidas-probables-de-pablo-delia-en-la-carpinteria","status":"publish","type":"post","link":"http:\/\/cronicasyversiones.com\/?p=24921","title":{"rendered":"\u201cLas vidas probables\u201d, de Pablo D&#8217;El\u00eda, en La Carpinter\u00eda"},"content":{"rendered":"<div style=\"padding-bottom:20px; padding-top:10px;\" class=\"hupso-share-buttons\"><!-- Hupso Share Buttons - https:\/\/www.hupso.com\/share\/ --><a class=\"hupso_counters\" href=\"https:\/\/www.hupso.com\/share\/\"><img decoding=\"async\" src=\"http:\/\/static.hupso.com\/share\/buttons\/lang\/es\/share-small.png\" style=\"border:0px; padding-top:2px; float:left;\" alt=\"Share Button\"\/><\/a><script type=\"text\/javascript\">var hupso_services_c=new Array(\"twitter\",\"facebook_like\",\"google\");var hupso_counters_lang = \"es_LA\";var hupso_image_folder_url = \"\";var hupso_twitter_via=\"crsyvrs\";var hupso_url_c=\"\";<\/script><script type=\"text\/javascript\" src=\"http:\/\/static.hupso.com\/share\/js\/counters.js\"><\/script><!-- Hupso Share Buttons --><\/div><h2>Con 14 artistas en escena, la obra del autor y director trata sobre una multitud de criaturas vinculadas entre s\u00ed.<\/h2>\n<p><img loading=\"lazy\" decoding=\"async\" class=\"size-full wp-image-24922 aligncenter\" src=\"http:\/\/cronicasyversiones.com\/wp-content\/uploads\/2019\/10\/VIDAS.jpg\" alt=\"\" width=\"750\" height=\"497\" srcset=\"http:\/\/cronicasyversiones.com\/wp-content\/uploads\/2019\/10\/VIDAS.jpg 750w, http:\/\/cronicasyversiones.com\/wp-content\/uploads\/2019\/10\/VIDAS-300x199.jpg 300w\" sizes=\"auto, (max-width: 750px) 100vw, 750px\" \/><\/p>\n<p><strong><em>\u201cLas vidas probables\u201d,<\/em><\/strong> la escrita y dirigida por <strong>Pablo D&#8217;El\u00eda,<\/strong> trata sobre una multitud de criaturas vinculadas entre s\u00ed y fue el proyecto de graduaci\u00f3n del autor de la licenciatura en actuaci\u00f3n de la UNA.<\/p>\n<p>Esta puesta sale a escena los jueves a las 20,30 en <strong>La Carpinter\u00eda,<\/strong> la sala ubicada en Jean Jaur\u00e9s 858, en el barrio de Balvanera.<\/p>\n<p>En las obra, <strong>la mujer que escribe se inspira en su hermana para terminar su \u00faltima novela<\/strong>. La arquitecta y su marido, el vendedor de seguros, bordean la separaci\u00f3n. La joven operaria de monta\u00f1as rusas a la que nada le entusiasma, no comprende la visi\u00f3n rom\u00e1ntica de su compa\u00f1era de trabajo.<\/p>\n<p><strong>Nicole y Santiago<\/strong> avanzan en la vida con sus corazones en las manos, se chocan con todo lo que los rodea. <strong>Santiago y Melina<\/strong> ya casi ni se hablan, duermen en cuartos separados. Melina pinta cuadros de \u00e1ngeles que no terminan de gustarle.<\/p>\n<p><strong>La monja antrop\u00f3loga busca se\u00f1ales de la existencia de \u00e1ngeles en la tierra<\/strong>. Un \u00e1ngel ca\u00eddo aparece en escena. Dos ni\u00f1os quedan hu\u00e9rfanos y su t\u00eda, a la cual no ven hace a\u00f1os debe hacerse cargo de ellos. Otra t\u00eda aparece en escena, no es hermana de su madre.<strong> Mar\u00eda<\/strong> da a luz una vida probable en el caos de aqu\u00ed abajo.<\/p>\n<p><em><strong>LEA TAMBI\u00c9N: <\/strong><\/em><\/p>\n<div class=\"video-container\">\n<blockquote class=\"wp-embedded-content\" data-secret=\"rSEgkMjgL1\"><p><a href=\"https:\/\/cronicasyversiones.com\/?p=24899\">Medeas, un ciclo con obras cortas, escritas y dirigidas por mujeres<\/a><\/p><\/blockquote>\n<p><iframe loading=\"lazy\" class=\"wp-embedded-content\" sandbox=\"allow-scripts\" security=\"restricted\" style=\"position: absolute; clip: rect(1px, 1px, 1px, 1px);\" title=\"\u00abMedeas, un ciclo con obras cortas, escritas y dirigidas por mujeres\u00bb \u2014    \" src=\"https:\/\/cronicasyversiones.com\/?p=24899&#038;embed=true#?secret=OsrYM1W6NM#?secret=rSEgkMjgL1\" data-secret=\"rSEgkMjgL1\" width=\"600\" height=\"338\" frameborder=\"0\" marginwidth=\"0\" marginheight=\"0\" scrolling=\"no\"><\/iframe><\/div>\n<p>Los 14 int\u00e9rpretes en escena son Marcos Ayala Ortiz, Mariana Alonso, Alan Bray, Bel\u00e9n Spenser, Victoria Duarte, Agostina Innella, Mar\u00eda Eugenia Ins\u00faa, Martina Kobrinsky, Guillermo Llaurad\u00f3, Fernanda Narv\u00e1ez, Julia Pinedo, Merlina Pinto, Malena Salicr\u00fa y Macarena Su\u00e1rez.<\/p>\n<p><strong><em>\u201cLas vidas posibles\u201d<\/em><\/strong> tiene coreograf\u00eda de Micaela Ghioldi, escenograf\u00eda y vestuario de Jorgelina Herrero Pons, realizaci\u00f3n escenogr\u00e1fica de Emilio Mu\u00f1os, realizaci\u00f3n de vestuario de Titi Su\u00e1rez, operaci\u00f3n t\u00e9cnica de Ignacio Aldaya, luces de Ver\u00f3nica Lanza, coordinaci\u00f3n t\u00e9cnica de Leandra Rodr\u00edguez, ilustraci\u00f3n y bordado de Pablo Ramborger y asistencia de direcci\u00f3n de Alejandro Esca\u00f1o Manzano.<\/p>\n<div style=\"padding-bottom:20px; padding-top:10px;\" class=\"hupso-share-buttons\"><!-- Hupso Share Buttons - https:\/\/www.hupso.com\/share\/ --><a class=\"hupso_counters\" href=\"https:\/\/www.hupso.com\/share\/\"><img decoding=\"async\" src=\"http:\/\/static.hupso.com\/share\/buttons\/lang\/es\/share-small.png\" style=\"border:0px; padding-top:2px; float:left;\" alt=\"Share Button\"\/><\/a><script type=\"text\/javascript\">var hupso_services_c=new Array(\"twitter\",\"facebook_like\",\"google\");var hupso_counters_lang = \"es_LA\";var hupso_image_folder_url = \"\";var hupso_twitter_via=\"crsyvrs\";var hupso_url_c=\"\";<\/script><script type=\"text\/javascript\" src=\"http:\/\/static.hupso.com\/share\/js\/counters.js\"><\/script><!-- Hupso Share Buttons --><\/div> ","protected":false},"excerpt":{"rendered":"<div style=\"padding-bottom:20px; padding-top:10px;\" class=\"hupso-share-buttons\"><!-- Hupso Share Buttons - https:\/\/www.hupso.com\/share\/ --><a class=\"hupso_counters\" href=\"https:\/\/www.hupso.com\/share\/\"><img src=\"http:\/\/static.hupso.com\/share\/buttons\/lang\/es\/share-small.png\" style=\"border:0px; padding-top:2px; float:left;\" alt=\"Share Button\"\/><\/a><script type=\"text\/javascript\">var hupso_services_c=new Array(\"twitter\",\"facebook_like\",\"google\");var hupso_counters_lang = \"es_LA\";var hupso_image_folder_url = \"\";var hupso_twitter_via=\"crsyvrs\";var hupso_url_c=\"\";<\/script><script type=\"text\/javascript\" src=\"http:\/\/static.hupso.com\/share\/js\/counters.js\"><\/script><!-- Hupso Share Buttons --><\/div><p>Con 14 artistas en escena, la obra del autor y director trata sobre una multitud de criaturas vinculadas entre s\u00ed. \u201cLas vidas probables\u201d, la escrita y dirigida por Pablo D&#8217;El\u00eda, trata sobre una multitud de criaturas vinculadas entre s\u00ed&#46;&#46;&#46;<\/p>\n<div style=\"padding-bottom:20px; padding-top:10px;\" class=\"hupso-share-buttons\"><!-- Hupso Share Buttons - https:\/\/www.hupso.com\/share\/ --><a class=\"hupso_counters\" href=\"https:\/\/www.hupso.com\/share\/\"><img src=\"http:\/\/static.hupso.com\/share\/buttons\/lang\/es\/share-small.png\" style=\"border:0px; padding-top:2px; float:left;\" alt=\"Share Button\"\/><\/a><script type=\"text\/javascript\">var hupso_services_c=new Array(\"twitter\",\"facebook_like\",\"google\");var hupso_counters_lang = \"es_LA\";var hupso_image_folder_url = \"\";var hupso_twitter_via=\"crsyvrs\";var hupso_url_c=\"\";<\/script><script type=\"text\/javascript\" src=\"http:\/\/static.hupso.com\/share\/js\/counters.js\"><\/script><!-- Hupso Share Buttons --><\/div>","protected":false},"author":5,"featured_media":24922,"comment_status":"open","ping_status":"closed","sticky":false,"template":"","format":"standard","meta":{"footnotes":""},"categories":[5],"tags":[4230],"class_list":["post-24921","post","type-post","status-publish","format-standard","has-post-thumbnail","hentry","category-teatro","tag-la-carpinteria-teatro"],"_links":{"self":[{"href":"http:\/\/cronicasyversiones.com\/index.php?rest_route=\/wp\/v2\/posts\/24921","targetHints":{"allow":["GET"]}}],"collection":[{"href":"http:\/\/cronicasyversiones.com\/index.php?rest_route=\/wp\/v2\/posts"}],"about":[{"href":"http:\/\/cronicasyversiones.com\/index.php?rest_route=\/wp\/v2\/types\/post"}],"author":[{"embeddable":true,"href":"http:\/\/cronicasyversiones.com\/index.php?rest_route=\/wp\/v2\/users\/5"}],"replies":[{"embeddable":true,"href":"http:\/\/cronicasyversiones.com\/index.php?rest_route=%2Fwp%2Fv2%2Fcomments&post=24921"}],"version-history":[{"count":1,"href":"http:\/\/cronicasyversiones.com\/index.php?rest_route=\/wp\/v2\/posts\/24921\/revisions"}],"predecessor-version":[{"id":24923,"href":"http:\/\/cronicasyversiones.com\/index.php?rest_route=\/wp\/v2\/posts\/24921\/revisions\/24923"}],"wp:featuredmedia":[{"embeddable":true,"href":"http:\/\/cronicasyversiones.com\/index.php?rest_route=\/wp\/v2\/media\/24922"}],"wp:attachment":[{"href":"http:\/\/cronicasyversiones.com\/index.php?rest_route=%2Fwp%2Fv2%2Fmedia&parent=24921"}],"wp:term":[{"taxonomy":"category","embeddable":true,"href":"http:\/\/cronicasyversiones.com\/index.php?rest_route=%2Fwp%2Fv2%2Fcategories&post=24921"},{"taxonomy":"post_tag","embeddable":true,"href":"http:\/\/cronicasyversiones.com\/index.php?rest_route=%2Fwp%2Fv2%2Ftags&post=24921"}],"curies":[{"name":"wp","href":"https:\/\/api.w.org\/{rel}","templated":true}]}}