{"id":24951,"date":"2019-10-31T22:16:20","date_gmt":"2019-11-01T01:16:20","guid":{"rendered":"http:\/\/cronicasyversiones.com\/?p=24951"},"modified":"2019-10-31T22:16:24","modified_gmt":"2019-11-01T01:16:24","slug":"angela-pradelli-y-patricia-suarez-en-el-festival-socios-de-la-lectura","status":"publish","type":"post","link":"http:\/\/cronicasyversiones.com\/?p=24951","title":{"rendered":"\u00c1ngela Pradelli y Patricia Su\u00e1rez, en el Festival Socios de la Lectura"},"content":{"rendered":"<div style=\"padding-bottom:20px; padding-top:10px;\" class=\"hupso-share-buttons\"><!-- Hupso Share Buttons - https:\/\/www.hupso.com\/share\/ --><a class=\"hupso_counters\" href=\"https:\/\/www.hupso.com\/share\/\"><img decoding=\"async\" src=\"http:\/\/static.hupso.com\/share\/buttons\/lang\/es\/share-small.png\" style=\"border:0px; padding-top:2px; float:left;\" alt=\"Share Button\"\/><\/a><script type=\"text\/javascript\">var hupso_services_c=new Array(\"twitter\",\"facebook_like\",\"google\");var hupso_counters_lang = \"es_LA\";var hupso_image_folder_url = \"\";var hupso_twitter_via=\"crsyvrs\";var hupso_url_c=\"\";<\/script><script type=\"text\/javascript\" src=\"http:\/\/static.hupso.com\/share\/js\/counters.js\"><\/script><!-- Hupso Share Buttons --><\/div><h2>Las dos escritoras, junto con Mart\u00edn Blasco, ser\u00e1n parte del encuentro literario de la provincia de Misiones.<\/h2>\n<p><img loading=\"lazy\" decoding=\"async\" class=\"size-full wp-image-24952 aligncenter\" src=\"http:\/\/cronicasyversiones.com\/wp-content\/uploads\/2019\/10\/pradelli.jpg\" alt=\"\" width=\"750\" height=\"589\" srcset=\"http:\/\/cronicasyversiones.com\/wp-content\/uploads\/2019\/10\/pradelli.jpg 750w, http:\/\/cronicasyversiones.com\/wp-content\/uploads\/2019\/10\/pradelli-300x236.jpg 300w\" sizes=\"auto, (max-width: 750px) 100vw, 750px\" \/><\/p>\n<p>Las escritoras<strong> \u00c1ngela Pradelli, Patricia Su\u00e1rez<\/strong> y el escritor <strong>Mart\u00edn Blasco<\/strong> ser\u00e1n parte del <strong>Festival Socios de la Lectura<\/strong> que se tendr\u00e1 lugar en la provincia de Misiones los d\u00edas 7 y 8 de noviembre.<\/p>\n<p>El Festival est\u00e1 organizado por la<strong> Conabip<\/strong> (Comisi\u00f3n Nacional de Bibliotecas Populares) y la <strong>Biblioteca P\u00fablica de Misiones<\/strong> y cuenta con el auspicio de Alija (Asociaci\u00f3n de Literatura Infantil y Juvenil de la Argentina).<\/p>\n<p><em><strong>LEA TAMBI\u00c9N:<\/strong> <\/em><\/p>\n<div class=\"video-container\">\n<blockquote class=\"wp-embedded-content\" data-secret=\"WJDTAVDos2\"><p><a href=\"https:\/\/cronicasyversiones.com\/?p=24729\">El Buenos Aires BAN! Homenajea a Roberto Fontanarrosa<\/a><\/p><\/blockquote>\n<p><iframe loading=\"lazy\" class=\"wp-embedded-content\" sandbox=\"allow-scripts\" security=\"restricted\" style=\"position: absolute; clip: rect(1px, 1px, 1px, 1px);\" title=\"\u00abEl Buenos Aires BAN! Homenajea a Roberto Fontanarrosa\u00bb \u2014    \" src=\"https:\/\/cronicasyversiones.com\/?p=24729&#038;embed=true#?secret=hJnalihAid#?secret=WJDTAVDos2\" data-secret=\"WJDTAVDos2\" width=\"600\" height=\"338\" frameborder=\"0\" marginwidth=\"0\" marginheight=\"0\" scrolling=\"no\"><\/iframe><\/div>\n<p>El 7 y 8 de noviembre las actividades se realizar\u00e1n en la<strong> Biblioteca Popular \u00abHoracio Quiroga\u00bb<\/strong> de la localidad de Montecarlo; la Biblioteca \u00abEldorado\u00bb e instituciones educativas de Bernardo de Irigoyen y los parajes Tres Vecinos y Laguna Azul.<\/p>\n<p>Pradelli, Su\u00e1rez y Blasco se encontrar\u00e1n con el p\u00fablico de todas las edades para compartir un espacio de charla, lecturas y recomendaciones para seguir leyendo.<\/p>\n<div style=\"padding-bottom:20px; padding-top:10px;\" class=\"hupso-share-buttons\"><!-- Hupso Share Buttons - https:\/\/www.hupso.com\/share\/ --><a class=\"hupso_counters\" href=\"https:\/\/www.hupso.com\/share\/\"><img decoding=\"async\" src=\"http:\/\/static.hupso.com\/share\/buttons\/lang\/es\/share-small.png\" style=\"border:0px; padding-top:2px; float:left;\" alt=\"Share Button\"\/><\/a><script type=\"text\/javascript\">var hupso_services_c=new Array(\"twitter\",\"facebook_like\",\"google\");var hupso_counters_lang = \"es_LA\";var hupso_image_folder_url = \"\";var hupso_twitter_via=\"crsyvrs\";var hupso_url_c=\"\";<\/script><script type=\"text\/javascript\" src=\"http:\/\/static.hupso.com\/share\/js\/counters.js\"><\/script><!-- Hupso Share Buttons --><\/div> ","protected":false},"excerpt":{"rendered":"<div style=\"padding-bottom:20px; padding-top:10px;\" class=\"hupso-share-buttons\"><!-- Hupso Share Buttons - https:\/\/www.hupso.com\/share\/ --><a class=\"hupso_counters\" href=\"https:\/\/www.hupso.com\/share\/\"><img src=\"http:\/\/static.hupso.com\/share\/buttons\/lang\/es\/share-small.png\" style=\"border:0px; padding-top:2px; float:left;\" alt=\"Share Button\"\/><\/a><script type=\"text\/javascript\">var hupso_services_c=new Array(\"twitter\",\"facebook_like\",\"google\");var hupso_counters_lang = \"es_LA\";var hupso_image_folder_url = \"\";var hupso_twitter_via=\"crsyvrs\";var hupso_url_c=\"\";<\/script><script type=\"text\/javascript\" src=\"http:\/\/static.hupso.com\/share\/js\/counters.js\"><\/script><!-- Hupso Share Buttons --><\/div><p>Las dos escritoras, junto con Mart\u00edn Blasco, ser\u00e1n parte del encuentro literario de la provincia de Misiones. Las escritoras \u00c1ngela Pradelli, Patricia Su\u00e1rez y el escritor Mart\u00edn Blasco ser\u00e1n parte del Festival Socios de la Lectura que se tendr\u00e1&#46;&#46;&#46;<\/p>\n<div style=\"padding-bottom:20px; padding-top:10px;\" class=\"hupso-share-buttons\"><!-- Hupso Share Buttons - https:\/\/www.hupso.com\/share\/ --><a class=\"hupso_counters\" href=\"https:\/\/www.hupso.com\/share\/\"><img src=\"http:\/\/static.hupso.com\/share\/buttons\/lang\/es\/share-small.png\" style=\"border:0px; padding-top:2px; float:left;\" alt=\"Share Button\"\/><\/a><script type=\"text\/javascript\">var hupso_services_c=new Array(\"twitter\",\"facebook_like\",\"google\");var hupso_counters_lang = \"es_LA\";var hupso_image_folder_url = \"\";var hupso_twitter_via=\"crsyvrs\";var hupso_url_c=\"\";<\/script><script type=\"text\/javascript\" src=\"http:\/\/static.hupso.com\/share\/js\/counters.js\"><\/script><!-- Hupso Share Buttons --><\/div>","protected":false},"author":5,"featured_media":24952,"comment_status":"open","ping_status":"closed","sticky":false,"template":"","format":"standard","meta":{"footnotes":""},"categories":[7],"tags":[9420,3409],"class_list":["post-24951","post","type-post","status-publish","format-standard","has-post-thumbnail","hentry","category-literatura","tag-angela-pradelli","tag-patricia-suarez"],"_links":{"self":[{"href":"http:\/\/cronicasyversiones.com\/index.php?rest_route=\/wp\/v2\/posts\/24951","targetHints":{"allow":["GET"]}}],"collection":[{"href":"http:\/\/cronicasyversiones.com\/index.php?rest_route=\/wp\/v2\/posts"}],"about":[{"href":"http:\/\/cronicasyversiones.com\/index.php?rest_route=\/wp\/v2\/types\/post"}],"author":[{"embeddable":true,"href":"http:\/\/cronicasyversiones.com\/index.php?rest_route=\/wp\/v2\/users\/5"}],"replies":[{"embeddable":true,"href":"http:\/\/cronicasyversiones.com\/index.php?rest_route=%2Fwp%2Fv2%2Fcomments&post=24951"}],"version-history":[{"count":2,"href":"http:\/\/cronicasyversiones.com\/index.php?rest_route=\/wp\/v2\/posts\/24951\/revisions"}],"predecessor-version":[{"id":24965,"href":"http:\/\/cronicasyversiones.com\/index.php?rest_route=\/wp\/v2\/posts\/24951\/revisions\/24965"}],"wp:featuredmedia":[{"embeddable":true,"href":"http:\/\/cronicasyversiones.com\/index.php?rest_route=\/wp\/v2\/media\/24952"}],"wp:attachment":[{"href":"http:\/\/cronicasyversiones.com\/index.php?rest_route=%2Fwp%2Fv2%2Fmedia&parent=24951"}],"wp:term":[{"taxonomy":"category","embeddable":true,"href":"http:\/\/cronicasyversiones.com\/index.php?rest_route=%2Fwp%2Fv2%2Fcategories&post=24951"},{"taxonomy":"post_tag","embeddable":true,"href":"http:\/\/cronicasyversiones.com\/index.php?rest_route=%2Fwp%2Fv2%2Ftags&post=24951"}],"curies":[{"name":"wp","href":"https:\/\/api.w.org\/{rel}","templated":true}]}}