{"id":25022,"date":"2019-11-06T14:19:47","date_gmt":"2019-11-06T17:19:47","guid":{"rendered":"http:\/\/cronicasyversiones.com\/?p=25022"},"modified":"2019-11-07T09:56:31","modified_gmt":"2019-11-07T12:56:31","slug":"cartero-un-film-en-tiempos-las-privatizaciones-de-los-90","status":"publish","type":"post","link":"http:\/\/cronicasyversiones.com\/?p=25022","title":{"rendered":"\u201cCartero\u201d, un film en tiempos de las privatizaciones de los \u201890"},"content":{"rendered":"<div style=\"padding-bottom:20px; padding-top:10px;\" class=\"hupso-share-buttons\"><!-- Hupso Share Buttons - https:\/\/www.hupso.com\/share\/ --><a class=\"hupso_counters\" href=\"https:\/\/www.hupso.com\/share\/\"><img decoding=\"async\" src=\"http:\/\/static.hupso.com\/share\/buttons\/lang\/es\/share-small.png\" style=\"border:0px; padding-top:2px; float:left;\" alt=\"Share Button\"\/><\/a><script type=\"text\/javascript\">var hupso_services_c=new Array(\"twitter\",\"facebook_like\",\"google\");var hupso_counters_lang = \"es_LA\";var hupso_image_folder_url = \"\";var hupso_twitter_via=\"crsyvrs\";var hupso_url_c=\"\";<\/script><script type=\"text\/javascript\" src=\"http:\/\/static.hupso.com\/share\/js\/counters.js\"><\/script><!-- Hupso Share Buttons --><\/div><h2>De Emiliano Serra, en las escenas un &nbsp;humilde estudiante de arquitectura empieza a trabajar en el Correo en un contexto de descomposici\u00f3n y crisis.<\/h2>\n<p><img loading=\"lazy\" decoding=\"async\" class=\"wp-image-25023 aligncenter\" src=\"http:\/\/cronicasyversiones.com\/wp-content\/uploads\/2019\/11\/CARTERO-1212.jpg\" alt=\"\" width=\"759\" height=\"417\" srcset=\"http:\/\/cronicasyversiones.com\/wp-content\/uploads\/2019\/11\/CARTERO-1212.jpg 960w, http:\/\/cronicasyversiones.com\/wp-content\/uploads\/2019\/11\/CARTERO-1212-300x165.jpg 300w, http:\/\/cronicasyversiones.com\/wp-content\/uploads\/2019\/11\/CARTERO-1212-768x422.jpg 768w\" sizes=\"auto, (max-width: 759px) 100vw, 759px\" \/><\/p>\n<p>Llega a las salas <em><strong>\u201cCartero\u201d<\/strong><\/em>, de<strong> Emiliano Serra<\/strong>,&nbsp; ambientada en pleno auge de las privatizaciones Hern\u00e1n Sosa, humilde estudiante de arquitectura, empieza a trabajar en el Correo, conociendo las calles del Microcentro porte\u00f1o y sus c\u00f3digos, que deber\u00e1 romper empe\u00f1ado en conseguir lo que desea.<\/p>\n<p><strong>A\u00f1os 90: Hern\u00e1n Sosa empieza a trabajar en el correo<\/strong>, en pleno auge de las privatizaciones, los retiros voluntarios y la pobreza que crece.<\/p>\n<p>En este contexto de descomposici\u00f3n y crisis, <strong>S\u00e1nchez, un viejo cartero,<\/strong> le ense\u00f1a a caminar la calle, los secretos del oficio y sus personajes. Durante un reparto, <strong>Hern\u00e1n se cruza con Yanina, una chica de su pueblo<\/strong>. Merodea su trabajo intentando encontrarla.<\/p>\n<p>Entretanto y sin buscarlo, se interpone en los planes misteriosos de un grupo de carteros que, al sorprenderlo, le proh\u00edben volver al edificio.<\/p>\n<p>En una sociedad que cada d\u00eda se vuelve m\u00e1s \u00e1spera y amenazante, Hern\u00e1n decide conquistar a Yanina, aunque esto implique romper los c\u00f3digos que S\u00e1nchez le ense\u00f1\u00f3.<\/p>\n<p><iframe loading=\"lazy\" src=\"https:\/\/www.youtube.com\/embed\/y_A0EmIO74U\" width=\"600\" height=\"350\" frameborder=\"0\" allowfullscreen=\"allowfullscreen\"><span data-mce-type=\"bookmark\" style=\"display: inline-block; width: 0px; overflow: hidden; line-height: 0;\" class=\"mce_SELRES_start\">?<\/span><\/iframe><\/p>\n<p>Es el primer largometraje de ficci\u00f3n de <strong>Emiliano Serra<\/strong> (\u00abEcce Homo\u00bb, \u00abLa Raulito, golpes bajos\u00bb, \u00abOperaci\u00f3n C\u00f3ndor\u00bb), seg\u00fan un gui\u00f3n Santiago Hadida, con fotograf\u00eda de Manuel Re ella, edici\u00f3n del mismo director y m\u00fasica de Gustavo Santaolalla.<\/p>\n<p>El &nbsp;film cuenta con las actuaciones de Tomas Raimondi, Edda Bustamante, German Palacios, German De Silva, Jorge Sesan, Enrique Dumont, Ivan Masliah, Macarena Suarez, Diego Vegezzi, Toti Glusman, Carlos Defeo y Belen Datwiler.<\/p>\n<div style=\"padding-bottom:20px; padding-top:10px;\" class=\"hupso-share-buttons\"><!-- Hupso Share Buttons - https:\/\/www.hupso.com\/share\/ --><a class=\"hupso_counters\" href=\"https:\/\/www.hupso.com\/share\/\"><img decoding=\"async\" src=\"http:\/\/static.hupso.com\/share\/buttons\/lang\/es\/share-small.png\" style=\"border:0px; padding-top:2px; float:left;\" alt=\"Share Button\"\/><\/a><script type=\"text\/javascript\">var hupso_services_c=new Array(\"twitter\",\"facebook_like\",\"google\");var hupso_counters_lang = \"es_LA\";var hupso_image_folder_url = \"\";var hupso_twitter_via=\"crsyvrs\";var hupso_url_c=\"\";<\/script><script type=\"text\/javascript\" src=\"http:\/\/static.hupso.com\/share\/js\/counters.js\"><\/script><!-- Hupso Share Buttons --><\/div> ","protected":false},"excerpt":{"rendered":"<div style=\"padding-bottom:20px; padding-top:10px;\" class=\"hupso-share-buttons\"><!-- Hupso Share Buttons - https:\/\/www.hupso.com\/share\/ --><a class=\"hupso_counters\" href=\"https:\/\/www.hupso.com\/share\/\"><img src=\"http:\/\/static.hupso.com\/share\/buttons\/lang\/es\/share-small.png\" style=\"border:0px; padding-top:2px; float:left;\" alt=\"Share Button\"\/><\/a><script type=\"text\/javascript\">var hupso_services_c=new Array(\"twitter\",\"facebook_like\",\"google\");var hupso_counters_lang = \"es_LA\";var hupso_image_folder_url = \"\";var hupso_twitter_via=\"crsyvrs\";var hupso_url_c=\"\";<\/script><script type=\"text\/javascript\" src=\"http:\/\/static.hupso.com\/share\/js\/counters.js\"><\/script><!-- Hupso Share Buttons --><\/div><p>De Emiliano Serra, en las escenas un &nbsp;humilde estudiante de arquitectura empieza a trabajar en el Correo en un contexto de descomposici\u00f3n y crisis. Llega a las salas \u201cCartero\u201d, de Emiliano Serra,&nbsp; ambientada en pleno auge de las privatizaciones&#46;&#46;&#46;<\/p>\n<div style=\"padding-bottom:20px; padding-top:10px;\" class=\"hupso-share-buttons\"><!-- Hupso Share Buttons - https:\/\/www.hupso.com\/share\/ --><a class=\"hupso_counters\" href=\"https:\/\/www.hupso.com\/share\/\"><img src=\"http:\/\/static.hupso.com\/share\/buttons\/lang\/es\/share-small.png\" style=\"border:0px; padding-top:2px; float:left;\" alt=\"Share Button\"\/><\/a><script type=\"text\/javascript\">var hupso_services_c=new Array(\"twitter\",\"facebook_like\",\"google\");var hupso_counters_lang = \"es_LA\";var hupso_image_folder_url = \"\";var hupso_twitter_via=\"crsyvrs\";var hupso_url_c=\"\";<\/script><script type=\"text\/javascript\" src=\"http:\/\/static.hupso.com\/share\/js\/counters.js\"><\/script><!-- Hupso Share Buttons --><\/div>","protected":false},"author":5,"featured_media":25023,"comment_status":"open","ping_status":"closed","sticky":false,"template":"","format":"standard","meta":{"footnotes":""},"categories":[4],"tags":[9425,9424,3999,3910,9090],"class_list":["post-25022","post","type-post","status-publish","format-standard","has-post-thumbnail","hentry","category-cine","tag-edda-bustamante","tag-emiliano-serra","tag-german-de-silva","tag-german-palacios","tag-jorge-sesan"],"_links":{"self":[{"href":"http:\/\/cronicasyversiones.com\/index.php?rest_route=\/wp\/v2\/posts\/25022","targetHints":{"allow":["GET"]}}],"collection":[{"href":"http:\/\/cronicasyversiones.com\/index.php?rest_route=\/wp\/v2\/posts"}],"about":[{"href":"http:\/\/cronicasyversiones.com\/index.php?rest_route=\/wp\/v2\/types\/post"}],"author":[{"embeddable":true,"href":"http:\/\/cronicasyversiones.com\/index.php?rest_route=\/wp\/v2\/users\/5"}],"replies":[{"embeddable":true,"href":"http:\/\/cronicasyversiones.com\/index.php?rest_route=%2Fwp%2Fv2%2Fcomments&post=25022"}],"version-history":[{"count":2,"href":"http:\/\/cronicasyversiones.com\/index.php?rest_route=\/wp\/v2\/posts\/25022\/revisions"}],"predecessor-version":[{"id":25039,"href":"http:\/\/cronicasyversiones.com\/index.php?rest_route=\/wp\/v2\/posts\/25022\/revisions\/25039"}],"wp:featuredmedia":[{"embeddable":true,"href":"http:\/\/cronicasyversiones.com\/index.php?rest_route=\/wp\/v2\/media\/25023"}],"wp:attachment":[{"href":"http:\/\/cronicasyversiones.com\/index.php?rest_route=%2Fwp%2Fv2%2Fmedia&parent=25022"}],"wp:term":[{"taxonomy":"category","embeddable":true,"href":"http:\/\/cronicasyversiones.com\/index.php?rest_route=%2Fwp%2Fv2%2Fcategories&post=25022"},{"taxonomy":"post_tag","embeddable":true,"href":"http:\/\/cronicasyversiones.com\/index.php?rest_route=%2Fwp%2Fv2%2Ftags&post=25022"}],"curies":[{"name":"wp","href":"https:\/\/api.w.org\/{rel}","templated":true}]}}