{"id":25127,"date":"2019-11-14T21:53:25","date_gmt":"2019-11-15T00:53:25","guid":{"rendered":"http:\/\/cronicasyversiones.com\/?p=25127"},"modified":"2019-11-14T21:53:25","modified_gmt":"2019-11-15T00:53:25","slug":"pioneras-mujeres-que-hicieron-historia-con-muriel-santa-ana-en-la-tv-publica","status":"publish","type":"post","link":"http:\/\/cronicasyversiones.com\/?p=25127","title":{"rendered":"\u201cPioneras. Mujeres que hicieron historia\u201d, con Muriel Santa Ana, en la TV P\u00fablica"},"content":{"rendered":"<div style=\"padding-bottom:20px; padding-top:10px;\" class=\"hupso-share-buttons\"><!-- Hupso Share Buttons - https:\/\/www.hupso.com\/share\/ --><a class=\"hupso_counters\" href=\"https:\/\/www.hupso.com\/share\/\"><img decoding=\"async\" src=\"http:\/\/static.hupso.com\/share\/buttons\/lang\/es\/share-small.png\" style=\"border:0px; padding-top:2px; float:left;\" alt=\"Share Button\"\/><\/a><script type=\"text\/javascript\">var hupso_services_c=new Array(\"twitter\",\"facebook_like\",\"google\");var hupso_counters_lang = \"es_LA\";var hupso_image_folder_url = \"\";var hupso_twitter_via=\"crsyvrs\";var hupso_url_c=\"\";<\/script><script type=\"text\/javascript\" src=\"http:\/\/static.hupso.com\/share\/js\/counters.js\"><\/script><!-- Hupso Share Buttons --><\/div><h2>En cuatro docuficciones se narran las historias de ocho figuras destacadas en los movimientos en favor de los derechos de las mujeres en Argentina.<\/h2>\n<p><img loading=\"lazy\" decoding=\"async\" class=\"size-full wp-image-25128 aligncenter\" src=\"http:\/\/cronicasyversiones.com\/wp-content\/uploads\/2019\/11\/MURIEL.jpg\" alt=\"\" width=\"750\" height=\"499\" srcset=\"http:\/\/cronicasyversiones.com\/wp-content\/uploads\/2019\/11\/MURIEL.jpg 750w, http:\/\/cronicasyversiones.com\/wp-content\/uploads\/2019\/11\/MURIEL-300x200.jpg 300w, http:\/\/cronicasyversiones.com\/wp-content\/uploads\/2019\/11\/MURIEL-480x320.jpg 480w\" sizes=\"auto, (max-width: 750px) 100vw, 750px\" \/><\/p>\n<p><em><strong>\u201cPioneras. Mujeres que hicieron historia\u201d<\/strong><\/em>, con la actriz <strong>Muriel Santa Ana<\/strong>, la direcci\u00f3n esc\u00e9nica de Rub\u00e9n Szuchmacher y la direcci\u00f3n general de Federico Randazzo, se estrena e martes 19 de noviembre a las 22 en simult\u00e1neo con la <strong>TV P\u00fablica<\/strong> y la plataforma <strong>Contar.<\/strong><\/p>\n<p>Producida por <strong>Encuentro<\/strong>, se trata de cuatro docuficciones que narran las historias de ocho mujeres destacadas en los movimientos en favor de los derechos de las mujeres en Argentina.<\/p>\n<p>Desde el origen mismo de la Argentina, las mujeres vienen luchando por la paridad de g\u00e9nero, por sus derechos sociales y pol\u00edticos; y para frenar los femicidios.<\/p>\n<p>Retratos de ocho de las pioneras de los movimientos de mujeres: <strong>escritoras, profesionales, militantes y viajeras que desafiaron los mandatos y leyes de su \u00e9poca.<\/strong><\/p>\n<p>En la historia argentina, las demandas de los movimientos de mujeres y feministas fueron revolucionarias desde el siglo XIX y comienzos del XX. Pioneras incluye biograf\u00edas de destacadas mujeres que, desde hace m\u00e1s de un siglo, han irrumpido en el espacio p\u00fablico y han salido\u00a0 a la calle a interpelar los mandatos de su \u00e9poca y a luchar por sus derechos.<\/p>\n<p><strong>Muriel Santa Ana<\/strong> interpreta a ocho mujeres: las argentinas <strong>Mariquita S\u00e1nchez de Thompson<\/strong> (1786-1868), <strong>Raquel Cama\u00f1a<\/strong> (1883-1915), <strong>Ada Mar\u00eda Elflein<\/strong> (1880-1919), <strong>Juana Manso<\/strong> (1819-1875) y <strong>Herminia Brumana<\/strong> (1897-1954). Tambi\u00e9n, la uruguaya <strong>Mar\u00eda Abella de Ram\u00edrez<\/strong> (1866-1926), la francesa <strong>Gabriela Laperri\u00e8re<\/strong> (1861-1907) y la intelectual nacida en Odesa, Imperio ruso, <strong>Fenia Chertkoff<\/strong> (1869-1927).<\/p>\n<p>Bajo la forma de \u201cestampas\u201d (escenas performativas), estas pioneras irrumpen en la actualidad y salen a la calle a revivir sus consignas, a hacer o\u00edr su voz desafiante, y revelan, por medio de este juego temporal, que sus palabras tienen una gran actualidad y resuenan en los reclamos contempor\u00e1neos de las agendas feministas de toda la regi\u00f3n. Participan tambi\u00e9n de la serie historiadoras, soci\u00f3logas e investigadoras de Tucum\u00e1n, Rosario, C\u00f3rdoba, Mar del Plata, Ushuaia, La Plata y Buenos Aires, que dan testimonio y reflexionan sobre los principales procesos y conquistas de las mujeres. Una producci\u00f3n de Canal Encuentro con La Produ de TV.<\/p>\n<p><iframe loading=\"lazy\" src=\"https:\/\/www.youtube.com\/embed\/cyt_fZL0WmY\" width=\"600\" height=\"350\" frameborder=\"0\" allowfullscreen=\"allowfullscreen\"><\/iframe><\/p>\n<p><strong>CAP\u00cdTULO 1: Mujeres impresas | Martes 19 de noviembre a las 22<\/strong><\/p>\n<p>Herminia Brumana (1897-1954) y Mar\u00eda Abella (1866-1926): dos mujeres que canalizaron su lucha en la publicaci\u00f3n de peri\u00f3dicos que aun hoy circulan como una contrase\u00f1a feminista.<\/p>\n<p><strong>\u00a0CAP\u00cdTULO 2: Mujeres viajeras | Martes 26 de noviembre a las 22<\/strong><\/p>\n<p>Juana Manso (1819-1875) y Ada Mar\u00eda Elflein (1880-1919), como otras mujeres en su \u00e9poca, entendieron el viaje como forma de vivir la autonom\u00eda que la reglamentaci\u00f3n p\u00fablica imped\u00eda en las ciudades.<\/p>\n<p><strong>CAP\u00cdTULO 3: Mujeres deseantes | Martes 3 de diciembre a las 22<\/strong><\/p>\n<p>Mariquita S\u00e1nchez (1786-1868) y Raquel Cama\u00f1a (1883-1915) y un legado que interpela al cuerpo de las mujeres: el deseo femenino y la necesidad de la educaci\u00f3n sexual, dos reivindicaciones pioneras.<\/p>\n<p><strong>\u00a0CAP\u00cdTULO 4: Mujeres trabajadoras | Martes 10 de diciembre a las 22<\/strong><\/p>\n<p>Gabriela Laperri\u00e8re (1861-1907) y Fenia Chertkoff (1869-1927) asumieron un compromiso activo para reglamentar el trabajo de las mujeres. Visitando f\u00e1bricas y talleres, redactando convenios y organizando huelgas, lograron poner, en la escena p\u00fablica, la desigualdad de g\u00e9nero en el \u00e1mbito laboral.<\/p>\n<div style=\"padding-bottom:20px; padding-top:10px;\" class=\"hupso-share-buttons\"><!-- Hupso Share Buttons - https:\/\/www.hupso.com\/share\/ --><a class=\"hupso_counters\" href=\"https:\/\/www.hupso.com\/share\/\"><img decoding=\"async\" src=\"http:\/\/static.hupso.com\/share\/buttons\/lang\/es\/share-small.png\" style=\"border:0px; padding-top:2px; float:left;\" alt=\"Share Button\"\/><\/a><script type=\"text\/javascript\">var hupso_services_c=new Array(\"twitter\",\"facebook_like\",\"google\");var hupso_counters_lang = \"es_LA\";var hupso_image_folder_url = \"\";var hupso_twitter_via=\"crsyvrs\";var hupso_url_c=\"\";<\/script><script type=\"text\/javascript\" src=\"http:\/\/static.hupso.com\/share\/js\/counters.js\"><\/script><!-- Hupso Share Buttons --><\/div> ","protected":false},"excerpt":{"rendered":"<div style=\"padding-bottom:20px; padding-top:10px;\" class=\"hupso-share-buttons\"><!-- Hupso Share Buttons - https:\/\/www.hupso.com\/share\/ --><a class=\"hupso_counters\" href=\"https:\/\/www.hupso.com\/share\/\"><img src=\"http:\/\/static.hupso.com\/share\/buttons\/lang\/es\/share-small.png\" style=\"border:0px; padding-top:2px; float:left;\" alt=\"Share Button\"\/><\/a><script type=\"text\/javascript\">var hupso_services_c=new Array(\"twitter\",\"facebook_like\",\"google\");var hupso_counters_lang = \"es_LA\";var hupso_image_folder_url = \"\";var hupso_twitter_via=\"crsyvrs\";var hupso_url_c=\"\";<\/script><script type=\"text\/javascript\" src=\"http:\/\/static.hupso.com\/share\/js\/counters.js\"><\/script><!-- Hupso Share Buttons --><\/div><p>En cuatro docuficciones se narran las historias de ocho figuras destacadas en los movimientos en favor de los derechos de las mujeres en Argentina. \u201cPioneras. Mujeres que hicieron historia\u201d, con la actriz Muriel Santa Ana, la direcci\u00f3n esc\u00e9nica de&#46;&#46;&#46;<\/p>\n<div style=\"padding-bottom:20px; padding-top:10px;\" class=\"hupso-share-buttons\"><!-- Hupso Share Buttons - https:\/\/www.hupso.com\/share\/ --><a class=\"hupso_counters\" href=\"https:\/\/www.hupso.com\/share\/\"><img src=\"http:\/\/static.hupso.com\/share\/buttons\/lang\/es\/share-small.png\" style=\"border:0px; padding-top:2px; float:left;\" alt=\"Share Button\"\/><\/a><script type=\"text\/javascript\">var hupso_services_c=new Array(\"twitter\",\"facebook_like\",\"google\");var hupso_counters_lang = \"es_LA\";var hupso_image_folder_url = \"\";var hupso_twitter_via=\"crsyvrs\";var hupso_url_c=\"\";<\/script><script type=\"text\/javascript\" src=\"http:\/\/static.hupso.com\/share\/js\/counters.js\"><\/script><!-- Hupso Share Buttons --><\/div>","protected":false},"author":5,"featured_media":25128,"comment_status":"open","ping_status":"closed","sticky":false,"template":"","format":"standard","meta":{"footnotes":""},"categories":[6],"tags":[3739,9075,9275,2168],"class_list":["post-25127","post","type-post","status-publish","format-standard","has-post-thumbnail","hentry","category-radio-y-tv","tag-canal-encuentro","tag-contar","tag-muriel-santa-ana","tag-tv-publica"],"_links":{"self":[{"href":"http:\/\/cronicasyversiones.com\/index.php?rest_route=\/wp\/v2\/posts\/25127","targetHints":{"allow":["GET"]}}],"collection":[{"href":"http:\/\/cronicasyversiones.com\/index.php?rest_route=\/wp\/v2\/posts"}],"about":[{"href":"http:\/\/cronicasyversiones.com\/index.php?rest_route=\/wp\/v2\/types\/post"}],"author":[{"embeddable":true,"href":"http:\/\/cronicasyversiones.com\/index.php?rest_route=\/wp\/v2\/users\/5"}],"replies":[{"embeddable":true,"href":"http:\/\/cronicasyversiones.com\/index.php?rest_route=%2Fwp%2Fv2%2Fcomments&post=25127"}],"version-history":[{"count":1,"href":"http:\/\/cronicasyversiones.com\/index.php?rest_route=\/wp\/v2\/posts\/25127\/revisions"}],"predecessor-version":[{"id":25129,"href":"http:\/\/cronicasyversiones.com\/index.php?rest_route=\/wp\/v2\/posts\/25127\/revisions\/25129"}],"wp:featuredmedia":[{"embeddable":true,"href":"http:\/\/cronicasyversiones.com\/index.php?rest_route=\/wp\/v2\/media\/25128"}],"wp:attachment":[{"href":"http:\/\/cronicasyversiones.com\/index.php?rest_route=%2Fwp%2Fv2%2Fmedia&parent=25127"}],"wp:term":[{"taxonomy":"category","embeddable":true,"href":"http:\/\/cronicasyversiones.com\/index.php?rest_route=%2Fwp%2Fv2%2Fcategories&post=25127"},{"taxonomy":"post_tag","embeddable":true,"href":"http:\/\/cronicasyversiones.com\/index.php?rest_route=%2Fwp%2Fv2%2Ftags&post=25127"}],"curies":[{"name":"wp","href":"https:\/\/api.w.org\/{rel}","templated":true}]}}