{"id":25146,"date":"2019-11-18T12:39:29","date_gmt":"2019-11-18T15:39:29","guid":{"rendered":"http:\/\/cronicasyversiones.com\/?p=25146"},"modified":"2019-11-18T12:39:29","modified_gmt":"2019-11-18T15:39:29","slug":"con-diversas-propuestas-llega-un-festival-del-libro-feminista","status":"publish","type":"post","link":"http:\/\/cronicasyversiones.com\/?p=25146","title":{"rendered":"Con diversas propuestas, llega un Festival del Libro Feminista"},"content":{"rendered":"<div style=\"padding-bottom:20px; padding-top:10px;\" class=\"hupso-share-buttons\"><!-- Hupso Share Buttons - https:\/\/www.hupso.com\/share\/ --><a class=\"hupso_counters\" href=\"https:\/\/www.hupso.com\/share\/\"><img decoding=\"async\" src=\"http:\/\/static.hupso.com\/share\/buttons\/lang\/es\/share-small.png\" style=\"border:0px; padding-top:2px; float:left;\" alt=\"Share Button\"\/><\/a><script type=\"text\/javascript\">var hupso_services_c=new Array(\"twitter\",\"facebook_like\",\"google\");var hupso_counters_lang = \"es_LA\";var hupso_image_folder_url = \"\";var hupso_twitter_via=\"crsyvrs\";var hupso_url_c=\"\";<\/script><script type=\"text\/javascript\" src=\"http:\/\/static.hupso.com\/share\/js\/counters.js\"><\/script><!-- Hupso Share Buttons --><\/div><h2>El encuentro tendr\u00e1 feria de editoriales independientes e incluir\u00e1 lecturas, instancia de debate y un taller de fanzine.<\/h2>\n<p><img loading=\"lazy\" decoding=\"async\" class=\"size-full wp-image-25147 aligncenter\" src=\"http:\/\/cronicasyversiones.com\/wp-content\/uploads\/2019\/11\/libro.jpg\" alt=\"\" width=\"750\" height=\"471\" srcset=\"http:\/\/cronicasyversiones.com\/wp-content\/uploads\/2019\/11\/libro.jpg 750w, http:\/\/cronicasyversiones.com\/wp-content\/uploads\/2019\/11\/libro-300x188.jpg 300w\" sizes=\"auto, (max-width: 750px) 100vw, 750px\" \/><\/p>\n<p>Un<strong> Festival del Libro Feminista,<\/strong> que aglutinar\u00e1 una feria de editoriales independientes e incluir\u00e1 lecturas, instancia de debate y un taller de fanzine, tendr\u00e1 lugar el pr\u00f3ximo s\u00e1bado en el <strong>Museo de la Universidad Nacional de Tres de Febrero sede Hotel de Inmigrantes.<\/strong><\/p>\n<p>El encuentro \u00a0ser\u00e1 sede de presentaciones de nuevos t\u00edtulos y proyectos editoriales vinculados a la tem\u00e1tica de g\u00e9nero, adem\u00e1s se realizar\u00e1n lecturas y se llevar\u00e1 a cabo un taller de fanzines titulado <em><strong>\u00abSi mi biblioteca ardiera esta noche\u00bb<\/strong><\/em> en la biblioteca que Rosler mont\u00f3 con lecturas fundamentales en la sede de Muntref.<\/p>\n<p>El festival se realiza en el marco del primer proyecto de Rosler -referente feminista- en el pa\u00eds. Se trata de una biblioteca sobre arte y feminismo que la artista desarroll\u00f3 en colaboraci\u00f3n con el centro de estudios de g\u00e9nero de la Universidad Nacional de Tres de Febrero, acompa\u00f1ada por un conjunto de fotomontajes de los &#8217;60 y &#8217;70.<\/p>\n<p>Adem\u00e1s de las actividades, tambi\u00e9n habr\u00e1 una feria de libros con las editoriales que trabajan tem\u00e1tica feminista, como<strong> La Coop, Alto Pogo, Editorial Conejos, Madreselva Editorial, Milena Caserola, Paisanita Editora, Hilanderas, Trench editora<\/strong>, entre otras.<\/p>\n<p><em><strong>LEA TAMBI\u00c9N:\u00a0<\/strong><\/em><\/p>\n<div class=\"video-container\">\n<blockquote class=\"wp-embedded-content\" data-secret=\"ndau54yAkw\"><p><a href=\"http:\/\/cronicasyversiones.com\/?p=24987\">Mariana Enr\u00edquez gan\u00f3 el Premio Herralde de Novela<\/a><\/p><\/blockquote>\n<p><iframe loading=\"lazy\" class=\"wp-embedded-content\" sandbox=\"allow-scripts\" security=\"restricted\" style=\"position: absolute; clip: rect(1px, 1px, 1px, 1px);\" title=\"\u00abMariana Enr\u00edquez gan\u00f3 el Premio Herralde de Novela\u00bb \u2014    \" src=\"http:\/\/cronicasyversiones.com\/?p=24987&#038;embed=true#?secret=Xu7AvZ9f8a#?secret=ndau54yAkw\" data-secret=\"ndau54yAkw\" width=\"600\" height=\"338\" frameborder=\"0\" marginwidth=\"0\" marginheight=\"0\" scrolling=\"no\"><\/iframe><\/div>\n<p>El <strong>Festival del Libro Feminista<\/strong> se realizar\u00e1 el pr\u00f3ximo s\u00e1bado desde las 14 hasta las 19 con entrada gratuita en el Museo de la Universidad Nacional Tres de Febrero sede Hotel Inmigrantes, Ant\u00e1rtida Argentina 1355, en la Ciudad de Buenos Aires.<\/p>\n<p>El evento ser\u00e1 \u00a0en el marco la exposici\u00f3n de la artista estadounidense Martha Rosler, <em><strong>\u00abPuede que esta vez sea diferente\u00bb.<\/strong><\/em><\/p>\n<p>&nbsp;<\/p>\n<div style=\"padding-bottom:20px; padding-top:10px;\" class=\"hupso-share-buttons\"><!-- Hupso Share Buttons - https:\/\/www.hupso.com\/share\/ --><a class=\"hupso_counters\" href=\"https:\/\/www.hupso.com\/share\/\"><img decoding=\"async\" src=\"http:\/\/static.hupso.com\/share\/buttons\/lang\/es\/share-small.png\" style=\"border:0px; padding-top:2px; float:left;\" alt=\"Share Button\"\/><\/a><script type=\"text\/javascript\">var hupso_services_c=new Array(\"twitter\",\"facebook_like\",\"google\");var hupso_counters_lang = \"es_LA\";var hupso_image_folder_url = \"\";var hupso_twitter_via=\"crsyvrs\";var hupso_url_c=\"\";<\/script><script type=\"text\/javascript\" src=\"http:\/\/static.hupso.com\/share\/js\/counters.js\"><\/script><!-- Hupso Share Buttons --><\/div> ","protected":false},"excerpt":{"rendered":"<div style=\"padding-bottom:20px; padding-top:10px;\" class=\"hupso-share-buttons\"><!-- Hupso Share Buttons - https:\/\/www.hupso.com\/share\/ --><a class=\"hupso_counters\" href=\"https:\/\/www.hupso.com\/share\/\"><img src=\"http:\/\/static.hupso.com\/share\/buttons\/lang\/es\/share-small.png\" style=\"border:0px; padding-top:2px; float:left;\" alt=\"Share Button\"\/><\/a><script type=\"text\/javascript\">var hupso_services_c=new Array(\"twitter\",\"facebook_like\",\"google\");var hupso_counters_lang = \"es_LA\";var hupso_image_folder_url = \"\";var hupso_twitter_via=\"crsyvrs\";var hupso_url_c=\"\";<\/script><script type=\"text\/javascript\" src=\"http:\/\/static.hupso.com\/share\/js\/counters.js\"><\/script><!-- Hupso Share Buttons --><\/div><p>El encuentro tendr\u00e1 feria de editoriales independientes e incluir\u00e1 lecturas, instancia de debate y un taller de fanzine. Un Festival del Libro Feminista, que aglutinar\u00e1 una feria de editoriales independientes e incluir\u00e1 lecturas, instancia de debate y un taller&#46;&#46;&#46;<\/p>\n<div style=\"padding-bottom:20px; padding-top:10px;\" class=\"hupso-share-buttons\"><!-- Hupso Share Buttons - https:\/\/www.hupso.com\/share\/ --><a class=\"hupso_counters\" href=\"https:\/\/www.hupso.com\/share\/\"><img src=\"http:\/\/static.hupso.com\/share\/buttons\/lang\/es\/share-small.png\" style=\"border:0px; padding-top:2px; float:left;\" alt=\"Share Button\"\/><\/a><script type=\"text\/javascript\">var hupso_services_c=new Array(\"twitter\",\"facebook_like\",\"google\");var hupso_counters_lang = \"es_LA\";var hupso_image_folder_url = \"\";var hupso_twitter_via=\"crsyvrs\";var hupso_url_c=\"\";<\/script><script type=\"text\/javascript\" src=\"http:\/\/static.hupso.com\/share\/js\/counters.js\"><\/script><!-- Hupso Share Buttons --><\/div>","protected":false},"author":5,"featured_media":25147,"comment_status":"open","ping_status":"closed","sticky":false,"template":"","format":"standard","meta":{"footnotes":""},"categories":[7,9],"tags":[1456],"class_list":["post-25146","post","type-post","status-publish","format-standard","has-post-thumbnail","hentry","category-literatura","category-sociedad","tag-feria-del-libro"],"_links":{"self":[{"href":"http:\/\/cronicasyversiones.com\/index.php?rest_route=\/wp\/v2\/posts\/25146","targetHints":{"allow":["GET"]}}],"collection":[{"href":"http:\/\/cronicasyversiones.com\/index.php?rest_route=\/wp\/v2\/posts"}],"about":[{"href":"http:\/\/cronicasyversiones.com\/index.php?rest_route=\/wp\/v2\/types\/post"}],"author":[{"embeddable":true,"href":"http:\/\/cronicasyversiones.com\/index.php?rest_route=\/wp\/v2\/users\/5"}],"replies":[{"embeddable":true,"href":"http:\/\/cronicasyversiones.com\/index.php?rest_route=%2Fwp%2Fv2%2Fcomments&post=25146"}],"version-history":[{"count":1,"href":"http:\/\/cronicasyversiones.com\/index.php?rest_route=\/wp\/v2\/posts\/25146\/revisions"}],"predecessor-version":[{"id":25148,"href":"http:\/\/cronicasyversiones.com\/index.php?rest_route=\/wp\/v2\/posts\/25146\/revisions\/25148"}],"wp:featuredmedia":[{"embeddable":true,"href":"http:\/\/cronicasyversiones.com\/index.php?rest_route=\/wp\/v2\/media\/25147"}],"wp:attachment":[{"href":"http:\/\/cronicasyversiones.com\/index.php?rest_route=%2Fwp%2Fv2%2Fmedia&parent=25146"}],"wp:term":[{"taxonomy":"category","embeddable":true,"href":"http:\/\/cronicasyversiones.com\/index.php?rest_route=%2Fwp%2Fv2%2Fcategories&post=25146"},{"taxonomy":"post_tag","embeddable":true,"href":"http:\/\/cronicasyversiones.com\/index.php?rest_route=%2Fwp%2Fv2%2Ftags&post=25146"}],"curies":[{"name":"wp","href":"https:\/\/api.w.org\/{rel}","templated":true}]}}