{"id":25158,"date":"2019-11-19T13:35:35","date_gmt":"2019-11-19T16:35:35","guid":{"rendered":"http:\/\/cronicasyversiones.com\/?p=25158"},"modified":"2019-11-19T13:35:35","modified_gmt":"2019-11-19T16:35:35","slug":"entrepalabras-presenta-el-espectaculo-de-narracion-oral-sentimentales","status":"publish","type":"post","link":"http:\/\/cronicasyversiones.com\/?p=25158","title":{"rendered":"Entrepalabras presenta el espect\u00e1culo de narraci\u00f3n oral \u00abSentimentales\u201d"},"content":{"rendered":"<div style=\"padding-bottom:20px; padding-top:10px;\" class=\"hupso-share-buttons\"><!-- Hupso Share Buttons - https:\/\/www.hupso.com\/share\/ --><a class=\"hupso_counters\" href=\"https:\/\/www.hupso.com\/share\/\"><img decoding=\"async\" src=\"http:\/\/static.hupso.com\/share\/buttons\/lang\/es\/share-small.png\" style=\"border:0px; padding-top:2px; float:left;\" alt=\"Share Button\"\/><\/a><script type=\"text\/javascript\">var hupso_services_c=new Array(\"twitter\",\"facebook_like\",\"google\");var hupso_counters_lang = \"es_LA\";var hupso_image_folder_url = \"\";var hupso_twitter_via=\"crsyvrs\";var hupso_url_c=\"\";<\/script><script type=\"text\/javascript\" src=\"http:\/\/static.hupso.com\/share\/js\/counters.js\"><\/script><!-- Hupso Share Buttons --><\/div><h2>El grupo sale a escena con una puesta integrada por historias en las que los protagonistas son los sentimientos.<\/h2>\n<p><img loading=\"lazy\" decoding=\"async\" class=\"wp-image-25159 aligncenter\" src=\"http:\/\/cronicasyversiones.com\/wp-content\/uploads\/2019\/11\/thumbnail_entre.jpg\" alt=\"\" width=\"751\" height=\"496\" srcset=\"http:\/\/cronicasyversiones.com\/wp-content\/uploads\/2019\/11\/thumbnail_entre.jpg 960w, http:\/\/cronicasyversiones.com\/wp-content\/uploads\/2019\/11\/thumbnail_entre-300x198.jpg 300w, http:\/\/cronicasyversiones.com\/wp-content\/uploads\/2019\/11\/thumbnail_entre-768x508.jpg 768w\" sizes=\"auto, (max-width: 751px) 100vw, 751px\" \/><\/p>\n<p>El grupo <strong>Entrepalabras<\/strong> presenta el espect\u00e1culo de narraci\u00f3n oral <em><strong>\u00abSentimentales\u00bb<\/strong><\/em> este domingo 24 de noviembre, a las 17, en Caf\u00e9 Alvear, en Colombres 137, Lomas de Zamora.<\/p>\n<p>Se trata de \u00a0un espect\u00e1culo con historias en las que los protagonistas son los sentimientos: <strong>el amor, la venganza, la aceptaci\u00f3n, la felicidad, el enga\u00f1o.<\/strong><\/p>\n<p>Los lugares son limitados, por lo que s\u00f3lo se aceptan reservas al 2145-4716.<\/p>\n<p><em><strong>LEA TAMBI\u00c9N:\u00a0<\/strong><\/em><\/p>\n<div class=\"video-container\">\n<blockquote class=\"wp-embedded-content\" data-secret=\"uHYVrwZyGJ\"><p><a href=\"http:\/\/cronicasyversiones.com\/?p=25146\">Con diversas propuestas, llega un Festival del Libro Feminista<\/a><\/p><\/blockquote>\n<p><iframe loading=\"lazy\" class=\"wp-embedded-content\" sandbox=\"allow-scripts\" security=\"restricted\" style=\"position: absolute; clip: rect(1px, 1px, 1px, 1px);\" title=\"\u00abCon diversas propuestas, llega un Festival del Libro Feminista\u00bb \u2014    \" src=\"http:\/\/cronicasyversiones.com\/?p=25146&#038;embed=true#?secret=q5iMuh4zqE#?secret=uHYVrwZyGJ\" data-secret=\"uHYVrwZyGJ\" width=\"600\" height=\"338\" frameborder=\"0\" marginwidth=\"0\" marginheight=\"0\" scrolling=\"no\"><\/iframe><\/div>\n<h2>Sobre \u00a0Entrepalabras<\/h2>\n<p><strong>Entrepalabras<\/strong> es un grupo de narraci\u00f3n oral, integrado por cinco mujeres, de distintas generaciones, con distintas profesiones y ocupaciones, unidas por el placer de narrar.<\/p>\n<p>No, no leemos cuentos ni recitamos historias de memoria: utilizamos la palabra y el texto como columna \u00a0vertebral y los trasladamos a la oralidad, acompa\u00f1\u00e1ndolo con el cuerpo, con los gestos, con la mirada.<\/p>\n<p>En estos tres a\u00f1os de trayectoria, el grupo se present\u00f3 en diversos espacios culturales como el Teatro del Municipio de Lomas de Zamora, el Banfield Teatro Ensamble, El galp\u00f3n de la Estaci\u00f3n (Esteban Echeverr\u00eda), el Teatro del C\u00edrculo M\u00e9dico de Lomas de Zamora,<\/p>\n<p>Peumay\u00e9n Casa de T\u00e9 (Adrogu\u00e9), La Rueca Teatro (Monte Grande); y particip\u00f3 de eventos como la Feria del Libro de Lomas de Zamora (2016), el Festival Internacional de Narraci\u00f3n Oral \u00abPalabras m\u00e1s\u00bb (2015-2016) y el Festival Internacional de Narraci\u00f3n Oral \u00abPalabra \u00a0m\u00eda\u00bb (2016).<\/p>\n<p>El grupo lo integran \u00a0<strong>Natalia Arenas, Roxana G\u00f3mez, Adriana Molina, Cristina Rodr\u00edguez y Victoria Russo.<\/strong><\/p>\n<div style=\"padding-bottom:20px; padding-top:10px;\" class=\"hupso-share-buttons\"><!-- Hupso Share Buttons - https:\/\/www.hupso.com\/share\/ --><a class=\"hupso_counters\" href=\"https:\/\/www.hupso.com\/share\/\"><img decoding=\"async\" src=\"http:\/\/static.hupso.com\/share\/buttons\/lang\/es\/share-small.png\" style=\"border:0px; padding-top:2px; float:left;\" alt=\"Share Button\"\/><\/a><script type=\"text\/javascript\">var hupso_services_c=new Array(\"twitter\",\"facebook_like\",\"google\");var hupso_counters_lang = \"es_LA\";var hupso_image_folder_url = \"\";var hupso_twitter_via=\"crsyvrs\";var hupso_url_c=\"\";<\/script><script type=\"text\/javascript\" src=\"http:\/\/static.hupso.com\/share\/js\/counters.js\"><\/script><!-- Hupso Share Buttons --><\/div> ","protected":false},"excerpt":{"rendered":"<div style=\"padding-bottom:20px; padding-top:10px;\" class=\"hupso-share-buttons\"><!-- Hupso Share Buttons - https:\/\/www.hupso.com\/share\/ --><a class=\"hupso_counters\" href=\"https:\/\/www.hupso.com\/share\/\"><img src=\"http:\/\/static.hupso.com\/share\/buttons\/lang\/es\/share-small.png\" style=\"border:0px; padding-top:2px; float:left;\" alt=\"Share Button\"\/><\/a><script type=\"text\/javascript\">var hupso_services_c=new Array(\"twitter\",\"facebook_like\",\"google\");var hupso_counters_lang = \"es_LA\";var hupso_image_folder_url = \"\";var hupso_twitter_via=\"crsyvrs\";var hupso_url_c=\"\";<\/script><script type=\"text\/javascript\" src=\"http:\/\/static.hupso.com\/share\/js\/counters.js\"><\/script><!-- Hupso Share Buttons --><\/div><p>El grupo sale a escena con una puesta integrada por historias en las que los protagonistas son los sentimientos. El grupo Entrepalabras presenta el espect\u00e1culo de narraci\u00f3n oral \u00abSentimentales\u00bb este domingo 24 de noviembre, a las 17, en Caf\u00e9&#46;&#46;&#46;<\/p>\n<div style=\"padding-bottom:20px; padding-top:10px;\" class=\"hupso-share-buttons\"><!-- Hupso Share Buttons - https:\/\/www.hupso.com\/share\/ --><a class=\"hupso_counters\" href=\"https:\/\/www.hupso.com\/share\/\"><img src=\"http:\/\/static.hupso.com\/share\/buttons\/lang\/es\/share-small.png\" style=\"border:0px; padding-top:2px; float:left;\" alt=\"Share Button\"\/><\/a><script type=\"text\/javascript\">var hupso_services_c=new Array(\"twitter\",\"facebook_like\",\"google\");var hupso_counters_lang = \"es_LA\";var hupso_image_folder_url = \"\";var hupso_twitter_via=\"crsyvrs\";var hupso_url_c=\"\";<\/script><script type=\"text\/javascript\" src=\"http:\/\/static.hupso.com\/share\/js\/counters.js\"><\/script><!-- Hupso Share Buttons --><\/div>","protected":false},"author":5,"featured_media":25159,"comment_status":"open","ping_status":"closed","sticky":false,"template":"","format":"standard","meta":{"footnotes":""},"categories":[7,5],"tags":[7030,1283],"class_list":["post-25158","post","type-post","status-publish","format-standard","has-post-thumbnail","hentry","category-literatura","category-teatro","tag-entrepalabras","tag-narracion-oral"],"_links":{"self":[{"href":"http:\/\/cronicasyversiones.com\/index.php?rest_route=\/wp\/v2\/posts\/25158","targetHints":{"allow":["GET"]}}],"collection":[{"href":"http:\/\/cronicasyversiones.com\/index.php?rest_route=\/wp\/v2\/posts"}],"about":[{"href":"http:\/\/cronicasyversiones.com\/index.php?rest_route=\/wp\/v2\/types\/post"}],"author":[{"embeddable":true,"href":"http:\/\/cronicasyversiones.com\/index.php?rest_route=\/wp\/v2\/users\/5"}],"replies":[{"embeddable":true,"href":"http:\/\/cronicasyversiones.com\/index.php?rest_route=%2Fwp%2Fv2%2Fcomments&post=25158"}],"version-history":[{"count":1,"href":"http:\/\/cronicasyversiones.com\/index.php?rest_route=\/wp\/v2\/posts\/25158\/revisions"}],"predecessor-version":[{"id":25160,"href":"http:\/\/cronicasyversiones.com\/index.php?rest_route=\/wp\/v2\/posts\/25158\/revisions\/25160"}],"wp:featuredmedia":[{"embeddable":true,"href":"http:\/\/cronicasyversiones.com\/index.php?rest_route=\/wp\/v2\/media\/25159"}],"wp:attachment":[{"href":"http:\/\/cronicasyversiones.com\/index.php?rest_route=%2Fwp%2Fv2%2Fmedia&parent=25158"}],"wp:term":[{"taxonomy":"category","embeddable":true,"href":"http:\/\/cronicasyversiones.com\/index.php?rest_route=%2Fwp%2Fv2%2Fcategories&post=25158"},{"taxonomy":"post_tag","embeddable":true,"href":"http:\/\/cronicasyversiones.com\/index.php?rest_route=%2Fwp%2Fv2%2Ftags&post=25158"}],"curies":[{"name":"wp","href":"https:\/\/api.w.org\/{rel}","templated":true}]}}