{"id":2516,"date":"2014-06-26T16:56:21","date_gmt":"2014-06-26T19:56:21","guid":{"rendered":"http:\/\/cronicasyversiones.com\/?p=2516"},"modified":"2014-06-26T16:56:21","modified_gmt":"2014-06-26T19:56:21","slug":"la-trata-de-personas-en-escena","status":"publish","type":"post","link":"http:\/\/cronicasyversiones.com\/?p=2516","title":{"rendered":"La trata de personas, en escena"},"content":{"rendered":"<div style=\"padding-bottom:20px; padding-top:10px;\" class=\"hupso-share-buttons\"><!-- Hupso Share Buttons - https:\/\/www.hupso.com\/share\/ --><a class=\"hupso_counters\" href=\"https:\/\/www.hupso.com\/share\/\"><img decoding=\"async\" src=\"http:\/\/static.hupso.com\/share\/buttons\/lang\/es\/share-small.png\" style=\"border:0px; padding-top:2px; float:left;\" alt=\"Share Button\"\/><\/a><script type=\"text\/javascript\">var hupso_services_c=new Array(\"twitter\",\"facebook_like\",\"google\");var hupso_counters_lang = \"es_LA\";var hupso_image_folder_url = \"\";var hupso_twitter_via=\"crsyvrs\";var hupso_url_c=\"\";<\/script><script type=\"text\/javascript\" src=\"http:\/\/static.hupso.com\/share\/js\/counters.js\"><\/script><!-- Hupso Share Buttons --><\/div><h2 style=\"text-align: justify;\">En \u00abLa nena que estaba parada en la esquina\u00bb, se indaga en tres universos femeninos diferentes y en sus particulares formas de vincularse con la p\u00e9rdida.<\/h2>\n<p><a href=\"http:\/\/cronicasyversiones.com\/wp-content\/uploads\/2014\/06\/nena.jpg\"><img loading=\"lazy\" decoding=\"async\" class=\"wp-image-2517 aligncenter\" src=\"http:\/\/cronicasyversiones.com\/wp-content\/uploads\/2014\/06\/nena.jpg\" alt=\"nena\" width=\"786\" height=\"522\" srcset=\"http:\/\/cronicasyversiones.com\/wp-content\/uploads\/2014\/06\/nena.jpg 960w, http:\/\/cronicasyversiones.com\/wp-content\/uploads\/2014\/06\/nena-300x199.jpg 300w, http:\/\/cronicasyversiones.com\/wp-content\/uploads\/2014\/06\/nena-624x414.jpg 624w\" sizes=\"auto, (max-width: 786px) 100vw, 786px\" \/><\/a><\/p>\n<p style=\"text-align: justify;\">La obra <strong><em>\u00abLa nena que estaba parada en la esquina\u00bb<\/em><\/strong>, de <strong>Florencia Sant\u00e1ngelo<\/strong>, protagonizada por la propia autora y elenco, aborda la problem\u00e1tica de la<strong> trata de personas<\/strong>, con los avatares de tres mujeres afectadas por la desaparici\u00f3n de una chica en medio de la indiferencia social, a partir del domingo 6 de julio.<\/p>\n<p style=\"text-align: justify;\">En esta nueva puesta teatral, la autora indaga en <strong>tres universos femeninos diferentes<\/strong> y en sus particulares formas de vincularse con la p\u00e9rdida.<\/p>\n<p style=\"text-align: center;\"><strong>La acci\u00f3n se ubica en los primeros a\u00f1os de la d\u00e9cada e indaga sobre c\u00f3mo esta dolorosa problem\u00e1tica comienza a resonar en los diferentes estratos sociales.<\/strong><\/p>\n<p style=\"text-align: justify;\">El elenco de <em><strong>\u00abLa nena que estaba parada en la esquina\u00bb<\/strong> <\/em>se completa con Constanza Micheloni, Cecilia Dellatorre, Daniela Mari\u00f1o, Flor Otero, Karina Scheps, Math\u00edas Sassone, Cristina Sisca y Joaco Alonso.<\/p>\n<p style=\"text-align: justify;\">La obra puede verse los domingos a partir del 6 de julio en el espacio palermitano<strong> La Mueca<\/strong>, Cabrera 4255, a las 21.<\/p>\n<div style=\"padding-bottom:20px; padding-top:10px;\" class=\"hupso-share-buttons\"><!-- Hupso Share Buttons - https:\/\/www.hupso.com\/share\/ --><a class=\"hupso_counters\" href=\"https:\/\/www.hupso.com\/share\/\"><img decoding=\"async\" src=\"http:\/\/static.hupso.com\/share\/buttons\/lang\/es\/share-small.png\" style=\"border:0px; padding-top:2px; float:left;\" alt=\"Share Button\"\/><\/a><script type=\"text\/javascript\">var hupso_services_c=new Array(\"twitter\",\"facebook_like\",\"google\");var hupso_counters_lang = \"es_LA\";var hupso_image_folder_url = \"\";var hupso_twitter_via=\"crsyvrs\";var hupso_url_c=\"\";<\/script><script type=\"text\/javascript\" src=\"http:\/\/static.hupso.com\/share\/js\/counters.js\"><\/script><!-- Hupso Share Buttons --><\/div> ","protected":false},"excerpt":{"rendered":"<div style=\"padding-bottom:20px; padding-top:10px;\" class=\"hupso-share-buttons\"><!-- Hupso Share Buttons - https:\/\/www.hupso.com\/share\/ --><a class=\"hupso_counters\" href=\"https:\/\/www.hupso.com\/share\/\"><img src=\"http:\/\/static.hupso.com\/share\/buttons\/lang\/es\/share-small.png\" style=\"border:0px; padding-top:2px; float:left;\" alt=\"Share Button\"\/><\/a><script type=\"text\/javascript\">var hupso_services_c=new Array(\"twitter\",\"facebook_like\",\"google\");var hupso_counters_lang = \"es_LA\";var hupso_image_folder_url = \"\";var hupso_twitter_via=\"crsyvrs\";var hupso_url_c=\"\";<\/script><script type=\"text\/javascript\" src=\"http:\/\/static.hupso.com\/share\/js\/counters.js\"><\/script><!-- Hupso Share Buttons --><\/div><p>En \u00abLa nena que estaba parada en la esquina\u00bb, se indaga en tres universos femeninos diferentes y en sus particulares formas de vincularse con la p\u00e9rdida. La obra \u00abLa nena que estaba parada en la esquina\u00bb, de Florencia Sant\u00e1ngelo,&#46;&#46;&#46;<\/p>\n<div style=\"padding-bottom:20px; padding-top:10px;\" class=\"hupso-share-buttons\"><!-- Hupso Share Buttons - https:\/\/www.hupso.com\/share\/ --><a class=\"hupso_counters\" href=\"https:\/\/www.hupso.com\/share\/\"><img src=\"http:\/\/static.hupso.com\/share\/buttons\/lang\/es\/share-small.png\" style=\"border:0px; padding-top:2px; float:left;\" alt=\"Share Button\"\/><\/a><script type=\"text\/javascript\">var hupso_services_c=new Array(\"twitter\",\"facebook_like\",\"google\");var hupso_counters_lang = \"es_LA\";var hupso_image_folder_url = \"\";var hupso_twitter_via=\"crsyvrs\";var hupso_url_c=\"\";<\/script><script type=\"text\/javascript\" src=\"http:\/\/static.hupso.com\/share\/js\/counters.js\"><\/script><!-- Hupso Share Buttons --><\/div>","protected":false},"author":5,"featured_media":0,"comment_status":"open","ping_status":"open","sticky":false,"template":"","format":"standard","meta":{"footnotes":""},"categories":[5],"tags":[2009,2008,2010],"class_list":["post-2516","post","type-post","status-publish","format-standard","hentry","category-teatro","tag-florencia-santangelo","tag-la-nena-que-estaba-parada-en-la-esquina","tag-trata-de-personas"],"_links":{"self":[{"href":"http:\/\/cronicasyversiones.com\/index.php?rest_route=\/wp\/v2\/posts\/2516","targetHints":{"allow":["GET"]}}],"collection":[{"href":"http:\/\/cronicasyversiones.com\/index.php?rest_route=\/wp\/v2\/posts"}],"about":[{"href":"http:\/\/cronicasyversiones.com\/index.php?rest_route=\/wp\/v2\/types\/post"}],"author":[{"embeddable":true,"href":"http:\/\/cronicasyversiones.com\/index.php?rest_route=\/wp\/v2\/users\/5"}],"replies":[{"embeddable":true,"href":"http:\/\/cronicasyversiones.com\/index.php?rest_route=%2Fwp%2Fv2%2Fcomments&post=2516"}],"version-history":[{"count":0,"href":"http:\/\/cronicasyversiones.com\/index.php?rest_route=\/wp\/v2\/posts\/2516\/revisions"}],"wp:attachment":[{"href":"http:\/\/cronicasyversiones.com\/index.php?rest_route=%2Fwp%2Fv2%2Fmedia&parent=2516"}],"wp:term":[{"taxonomy":"category","embeddable":true,"href":"http:\/\/cronicasyversiones.com\/index.php?rest_route=%2Fwp%2Fv2%2Fcategories&post=2516"},{"taxonomy":"post_tag","embeddable":true,"href":"http:\/\/cronicasyversiones.com\/index.php?rest_route=%2Fwp%2Fv2%2Ftags&post=2516"}],"curies":[{"name":"wp","href":"https:\/\/api.w.org\/{rel}","templated":true}]}}