{"id":25164,"date":"2019-11-19T16:15:49","date_gmt":"2019-11-19T19:15:49","guid":{"rendered":"http:\/\/cronicasyversiones.com\/?p=25164"},"modified":"2019-11-19T17:19:51","modified_gmt":"2019-11-19T20:19:51","slug":"rita-segato-en-la-tercera-edicion-de-el-museo-reimaginado","status":"publish","type":"post","link":"http:\/\/cronicasyversiones.com\/?p=25164","title":{"rendered":"Rita Segato, en la tercera edici\u00f3n de El Museo Reimaginado"},"content":{"rendered":"<div style=\"padding-bottom:20px; padding-top:10px;\" class=\"hupso-share-buttons\"><!-- Hupso Share Buttons - https:\/\/www.hupso.com\/share\/ --><a class=\"hupso_counters\" href=\"https:\/\/www.hupso.com\/share\/\"><img decoding=\"async\" src=\"http:\/\/static.hupso.com\/share\/buttons\/lang\/es\/share-small.png\" style=\"border:0px; padding-top:2px; float:left;\" alt=\"Share Button\"\/><\/a><script type=\"text\/javascript\">var hupso_services_c=new Array(\"twitter\",\"facebook_like\",\"google\");var hupso_counters_lang = \"es_LA\";var hupso_image_folder_url = \"\";var hupso_twitter_via=\"crsyvrs\";var hupso_url_c=\"\";<\/script><script type=\"text\/javascript\" src=\"http:\/\/static.hupso.com\/share\/js\/counters.js\"><\/script><!-- Hupso Share Buttons --><\/div><h2>Adem\u00e1s de la antrop\u00f3loga, N\u00e9stor Garc\u00eda Canclini ser\u00e1 la otra presencia argentina en este \u00a0espacio para pensar sobre el futuro de los museos.<\/h2>\n<p><img loading=\"lazy\" decoding=\"async\" class=\"size-full wp-image-25165 aligncenter\" src=\"http:\/\/cronicasyversiones.com\/wp-content\/uploads\/2019\/11\/rita.jpg\" alt=\"\" width=\"750\" height=\"616\" srcset=\"http:\/\/cronicasyversiones.com\/wp-content\/uploads\/2019\/11\/rita.jpg 750w, http:\/\/cronicasyversiones.com\/wp-content\/uploads\/2019\/11\/rita-300x246.jpg 300w\" sizes=\"auto, (max-width: 750px) 100vw, 750px\" \/><\/p>\n<p>La tercera edici\u00f3n de <strong>El Museo Reimaginado<\/strong>, un espacio para pensar sobre el futuro de los museos en sinton\u00eda con sus contextos, se extender\u00e1 hasta el pr\u00f3ximo viernes <strong>en Oaxaca, M\u00e9xico.<\/strong><\/p>\n<p>El evento contar\u00e1 con la presencia y conferencias de los argentinos <strong>N\u00e9stor Garc\u00eda Canclini <\/strong>y<strong> Rita Segato,<\/strong> junto a profesionales de todo el mundo.<\/p>\n<p>Durante tres jornadas, especialistas en museos reflexionar\u00e1n sobre su actividad y, a trav\u00e9s de formatos y sesiones diversas pondr\u00e1n en escena las mejores metodolog\u00edas, ideas innovadoras y enfoques creativos propios del continente, un encuentro organizado por <strong>fundaci\u00f3n TyPA de la Argentina y la American Alliance of Museums.<\/strong><\/p>\n<p><strong>La antrop\u00f3loga Rita Segato<\/strong> ofrecer\u00e1 un marco intelectual para pensar las tem\u00e1ticas de colonialidad tales como la restituci\u00f3n patrimonial entendida como devoluci\u00f3n de vida, m\u00e1s que de cosas; el orden de g\u00e9nero; la violencia o el arraigo, en su conferencia del jueves 21 a las 9.<\/p>\n<p><em><strong>LEA TAMBI\u00c9N:<\/strong> <\/em><\/p>\n<div class=\"video-container\">\n<blockquote class=\"wp-embedded-content\" data-secret=\"6P3g2bNkBQ\"><p><a href=\"http:\/\/cronicasyversiones.com\/?p=25146\">Con diversas propuestas, llega un Festival del Libro Feminista<\/a><\/p><\/blockquote>\n<p><iframe loading=\"lazy\" class=\"wp-embedded-content\" sandbox=\"allow-scripts\" security=\"restricted\" style=\"position: absolute; clip: rect(1px, 1px, 1px, 1px);\" title=\"\u00abCon diversas propuestas, llega un Festival del Libro Feminista\u00bb \u2014    \" src=\"http:\/\/cronicasyversiones.com\/?p=25146&#038;embed=true#?secret=qgxur2IwvY#?secret=6P3g2bNkBQ\" data-secret=\"6P3g2bNkBQ\" width=\"600\" height=\"338\" frameborder=\"0\" marginwidth=\"0\" marginheight=\"0\" scrolling=\"no\"><\/iframe><\/div>\n<p>En esta tercera edici\u00f3n de <strong>El Museo Reimaginado,<\/strong> los debates girar\u00e1n en torno a la convivencia como horizonte y como responsabilidad. \u00bfC\u00f3mo puede el museo desarrollar capacidades que contribuyan a vivir en una sociedad mejor? \u00bfEn qu\u00e9 medida la escala de la organizaci\u00f3n determina la escala de los temas de los que puede hablar?, son algunos de los interrogantes que sobrevolar\u00e1n los debates.<\/p>\n<p>El programa completo se puede consultar en elmuseoreimaginado.com y las conferencias magistrales y sesiones de conversaci\u00f3n podr\u00e1n seguirse por streaming por el canal de YouTube de Fundaci\u00f3n TyPA, los d\u00edas 20, 21 y 22 de noviembre.<\/p>\n<div style=\"padding-bottom:20px; padding-top:10px;\" class=\"hupso-share-buttons\"><!-- Hupso Share Buttons - https:\/\/www.hupso.com\/share\/ --><a class=\"hupso_counters\" href=\"https:\/\/www.hupso.com\/share\/\"><img decoding=\"async\" src=\"http:\/\/static.hupso.com\/share\/buttons\/lang\/es\/share-small.png\" style=\"border:0px; padding-top:2px; float:left;\" alt=\"Share Button\"\/><\/a><script type=\"text\/javascript\">var hupso_services_c=new Array(\"twitter\",\"facebook_like\",\"google\");var hupso_counters_lang = \"es_LA\";var hupso_image_folder_url = \"\";var hupso_twitter_via=\"crsyvrs\";var hupso_url_c=\"\";<\/script><script type=\"text\/javascript\" src=\"http:\/\/static.hupso.com\/share\/js\/counters.js\"><\/script><!-- Hupso Share Buttons --><\/div> ","protected":false},"excerpt":{"rendered":"<div style=\"padding-bottom:20px; padding-top:10px;\" class=\"hupso-share-buttons\"><!-- Hupso Share Buttons - https:\/\/www.hupso.com\/share\/ --><a class=\"hupso_counters\" href=\"https:\/\/www.hupso.com\/share\/\"><img src=\"http:\/\/static.hupso.com\/share\/buttons\/lang\/es\/share-small.png\" style=\"border:0px; padding-top:2px; float:left;\" alt=\"Share Button\"\/><\/a><script type=\"text\/javascript\">var hupso_services_c=new Array(\"twitter\",\"facebook_like\",\"google\");var hupso_counters_lang = \"es_LA\";var hupso_image_folder_url = \"\";var hupso_twitter_via=\"crsyvrs\";var hupso_url_c=\"\";<\/script><script type=\"text\/javascript\" src=\"http:\/\/static.hupso.com\/share\/js\/counters.js\"><\/script><!-- Hupso Share Buttons --><\/div><p>Adem\u00e1s de la antrop\u00f3loga, N\u00e9stor Garc\u00eda Canclini ser\u00e1 la otra presencia argentina en este \u00a0espacio para pensar sobre el futuro de los museos. La tercera edici\u00f3n de El Museo Reimaginado, un espacio para pensar sobre el futuro de los&#46;&#46;&#46;<\/p>\n<div style=\"padding-bottom:20px; padding-top:10px;\" class=\"hupso-share-buttons\"><!-- Hupso Share Buttons - https:\/\/www.hupso.com\/share\/ --><a class=\"hupso_counters\" href=\"https:\/\/www.hupso.com\/share\/\"><img src=\"http:\/\/static.hupso.com\/share\/buttons\/lang\/es\/share-small.png\" style=\"border:0px; padding-top:2px; float:left;\" alt=\"Share Button\"\/><\/a><script type=\"text\/javascript\">var hupso_services_c=new Array(\"twitter\",\"facebook_like\",\"google\");var hupso_counters_lang = \"es_LA\";var hupso_image_folder_url = \"\";var hupso_twitter_via=\"crsyvrs\";var hupso_url_c=\"\";<\/script><script type=\"text\/javascript\" src=\"http:\/\/static.hupso.com\/share\/js\/counters.js\"><\/script><!-- Hupso Share Buttons --><\/div>","protected":false},"author":5,"featured_media":25165,"comment_status":"open","ping_status":"closed","sticky":false,"template":"","format":"standard","meta":{"footnotes":""},"categories":[9],"tags":[9439,9191],"class_list":["post-25164","post","type-post","status-publish","format-standard","has-post-thumbnail","hentry","category-sociedad","tag-nestor-garcia-canclini","tag-rita-segato"],"_links":{"self":[{"href":"http:\/\/cronicasyversiones.com\/index.php?rest_route=\/wp\/v2\/posts\/25164","targetHints":{"allow":["GET"]}}],"collection":[{"href":"http:\/\/cronicasyversiones.com\/index.php?rest_route=\/wp\/v2\/posts"}],"about":[{"href":"http:\/\/cronicasyversiones.com\/index.php?rest_route=\/wp\/v2\/types\/post"}],"author":[{"embeddable":true,"href":"http:\/\/cronicasyversiones.com\/index.php?rest_route=\/wp\/v2\/users\/5"}],"replies":[{"embeddable":true,"href":"http:\/\/cronicasyversiones.com\/index.php?rest_route=%2Fwp%2Fv2%2Fcomments&post=25164"}],"version-history":[{"count":1,"href":"http:\/\/cronicasyversiones.com\/index.php?rest_route=\/wp\/v2\/posts\/25164\/revisions"}],"predecessor-version":[{"id":25166,"href":"http:\/\/cronicasyversiones.com\/index.php?rest_route=\/wp\/v2\/posts\/25164\/revisions\/25166"}],"wp:featuredmedia":[{"embeddable":true,"href":"http:\/\/cronicasyversiones.com\/index.php?rest_route=\/wp\/v2\/media\/25165"}],"wp:attachment":[{"href":"http:\/\/cronicasyversiones.com\/index.php?rest_route=%2Fwp%2Fv2%2Fmedia&parent=25164"}],"wp:term":[{"taxonomy":"category","embeddable":true,"href":"http:\/\/cronicasyversiones.com\/index.php?rest_route=%2Fwp%2Fv2%2Fcategories&post=25164"},{"taxonomy":"post_tag","embeddable":true,"href":"http:\/\/cronicasyversiones.com\/index.php?rest_route=%2Fwp%2Fv2%2Ftags&post=25164"}],"curies":[{"name":"wp","href":"https:\/\/api.w.org\/{rel}","templated":true}]}}