{"id":25227,"date":"2019-11-25T21:50:51","date_gmt":"2019-11-26T00:50:51","guid":{"rendered":"http:\/\/cronicasyversiones.com\/?p=25227"},"modified":"2019-11-25T21:50:51","modified_gmt":"2019-11-26T00:50:51","slug":"canticuenticos-cierra-el-ano-con-tres-presentaciones","status":"publish","type":"post","link":"http:\/\/cronicasyversiones.com\/?p=25227","title":{"rendered":"Canticu\u00e9nticos cierra el a\u00f1o con tres presentaciones"},"content":{"rendered":"<div style=\"padding-bottom:20px; padding-top:10px;\" class=\"hupso-share-buttons\"><!-- Hupso Share Buttons - https:\/\/www.hupso.com\/share\/ --><a class=\"hupso_counters\" href=\"https:\/\/www.hupso.com\/share\/\"><img decoding=\"async\" src=\"http:\/\/static.hupso.com\/share\/buttons\/lang\/es\/share-small.png\" style=\"border:0px; padding-top:2px; float:left;\" alt=\"Share Button\"\/><\/a><script type=\"text\/javascript\">var hupso_services_c=new Array(\"twitter\",\"facebook_like\",\"google\");var hupso_counters_lang = \"es_LA\";var hupso_image_folder_url = \"\";var hupso_twitter_via=\"crsyvrs\";var hupso_url_c=\"\";<\/script><script type=\"text\/javascript\" src=\"http:\/\/static.hupso.com\/share\/js\/counters.js\"><\/script><!-- Hupso Share Buttons --><\/div><h2>El grupo oriundo de Santa Fe celera sus 10 a\u00f1os de actividad en Buenos Aires con tres shows en dos espacios porte\u00f1os.<\/h2>\n<p><img loading=\"lazy\" decoding=\"async\" class=\" wp-image-25228 aligncenter\" src=\"http:\/\/cronicasyversiones.com\/wp-content\/uploads\/2019\/11\/Canticuenticos-manos-1024x660-1024x660.jpg\" alt=\"\" width=\"754\" height=\"486\" srcset=\"http:\/\/cronicasyversiones.com\/wp-content\/uploads\/2019\/11\/Canticuenticos-manos-1024x660.jpg 1024w, http:\/\/cronicasyversiones.com\/wp-content\/uploads\/2019\/11\/Canticuenticos-manos-1024x660-300x193.jpg 300w, http:\/\/cronicasyversiones.com\/wp-content\/uploads\/2019\/11\/Canticuenticos-manos-1024x660-768x495.jpg 768w\" sizes=\"auto, (max-width: 754px) 100vw, 754px\" \/><\/p>\n<p><strong>Canticu\u00e9nticos,<\/strong> que lleva una d\u00e9cada de popular e influyente presencia en la canci\u00f3n para las infancias a partir de repertorio propio basado en m\u00fasica popular latinoamericana, llegar\u00e1 a despedir el a\u00f1o en Buenos Aires con tres presentaciones en dos espacios.<\/p>\n<p>El grupo santafesino, \u00a0que tiene editados cuatro \u00e1lbumes y una intensa actividad en redes y escenarios, se presentar\u00e1 el s\u00e1bado en el <strong>Auditorio de Belgrano<\/strong> (Virrey Loreto 2348) con funciones a las 16 y 18.30.<\/p>\n<p>Mientras que el domingo saldr\u00e1 a escena desde las 16 en el <strong>Teatro Gran Rivadavia,<\/strong> en la Avenida Rivadavia 8636.<\/p>\n<p>El grupo est\u00e1 formado por Ruth Hillar (voz, flauta y acorde\u00f3n), Daniela Ranallo (voz), Laura Ib\u00e1\u00f1ez (voz), Gonzalo Carmel\u00e9 (bajo y coros), Daniel Bianchi (guitarra, charango y coros), Nahuel Ramayo (bater\u00eda, percusi\u00f3n y coros) y Sebasti\u00e1n C\u00faneo (producci\u00f3n, iluminaci\u00f3n, fotograf\u00eda y video).<\/p>\n<p><iframe loading=\"lazy\" src=\"https:\/\/www.youtube.com\/embed\/PxN44gufV2E\" width=\"600\" height=\"350\" frameborder=\"0\" allowfullscreen=\"allowfullscreen\"><span style=\"display: inline-block; width: 0px; overflow: hidden; line-height: 0;\" data-mce-type=\"bookmark\" class=\"mce_SELRES_start\">?<\/span><\/iframe><\/p>\n<p>Y tambi\u00e9n lo integran Cintia Bertolino (voz invitada y asistencia de puesta en escena), Gast\u00f3n Menguez (guitarrista invitado), Dar\u00edo Zini (asistencia de escenario, aer\u00f3fonos, charango y percusi\u00f3n) y Javier Escandell (sonido).<\/p>\n<p>Canticu\u00e9nticos tiene un repertorio integrado por canciones como \u201c<em><strong>La cumbia del monstruo\u201d, \u201cQuiero para m\u00ed\u201d, \u201cEl mamboret\u00e1\u201d, \u201cNoni noni\u201d, \u201cBate con la cucharita\u201d, \u201cViene para ac\u00e1\u201d, \u201cSanto remedio\u201d, \u201cHornero \u00bfqu\u00e9 ves?\u201d, \u201cJuntes hay que jugar\u201d <\/strong>y<strong> \u201cHay secretos\u201d,<\/strong> <\/em>entre otros cl\u00e1sicos.<\/p>\n<p>Ese camino fue sumando matices y b\u00fasquedas con su primer concierto sinf\u00f3nico que en octubre pasado comparti\u00f3 con la Orquesta de la Universidad Nacional de San Juan y con un mega concierto coral con ni\u00f1os y ni\u00f1as cantores de Santa Fe.<\/p>\n<div style=\"padding-bottom:20px; padding-top:10px;\" class=\"hupso-share-buttons\"><!-- Hupso Share Buttons - https:\/\/www.hupso.com\/share\/ --><a class=\"hupso_counters\" href=\"https:\/\/www.hupso.com\/share\/\"><img decoding=\"async\" src=\"http:\/\/static.hupso.com\/share\/buttons\/lang\/es\/share-small.png\" style=\"border:0px; padding-top:2px; float:left;\" alt=\"Share Button\"\/><\/a><script type=\"text\/javascript\">var hupso_services_c=new Array(\"twitter\",\"facebook_like\",\"google\");var hupso_counters_lang = \"es_LA\";var hupso_image_folder_url = \"\";var hupso_twitter_via=\"crsyvrs\";var hupso_url_c=\"\";<\/script><script type=\"text\/javascript\" src=\"http:\/\/static.hupso.com\/share\/js\/counters.js\"><\/script><!-- Hupso Share Buttons --><\/div> ","protected":false},"excerpt":{"rendered":"<div style=\"padding-bottom:20px; padding-top:10px;\" class=\"hupso-share-buttons\"><!-- Hupso Share Buttons - https:\/\/www.hupso.com\/share\/ --><a class=\"hupso_counters\" href=\"https:\/\/www.hupso.com\/share\/\"><img src=\"http:\/\/static.hupso.com\/share\/buttons\/lang\/es\/share-small.png\" style=\"border:0px; padding-top:2px; float:left;\" alt=\"Share Button\"\/><\/a><script type=\"text\/javascript\">var hupso_services_c=new Array(\"twitter\",\"facebook_like\",\"google\");var hupso_counters_lang = \"es_LA\";var hupso_image_folder_url = \"\";var hupso_twitter_via=\"crsyvrs\";var hupso_url_c=\"\";<\/script><script type=\"text\/javascript\" src=\"http:\/\/static.hupso.com\/share\/js\/counters.js\"><\/script><!-- Hupso Share Buttons --><\/div><p>El grupo oriundo de Santa Fe celera sus 10 a\u00f1os de actividad en Buenos Aires con tres shows en dos espacios porte\u00f1os. Canticu\u00e9nticos, que lleva una d\u00e9cada de popular e influyente presencia en la canci\u00f3n para las infancias a&#46;&#46;&#46;<\/p>\n<div style=\"padding-bottom:20px; padding-top:10px;\" class=\"hupso-share-buttons\"><!-- Hupso Share Buttons - https:\/\/www.hupso.com\/share\/ --><a class=\"hupso_counters\" href=\"https:\/\/www.hupso.com\/share\/\"><img src=\"http:\/\/static.hupso.com\/share\/buttons\/lang\/es\/share-small.png\" style=\"border:0px; padding-top:2px; float:left;\" alt=\"Share Button\"\/><\/a><script type=\"text\/javascript\">var hupso_services_c=new Array(\"twitter\",\"facebook_like\",\"google\");var hupso_counters_lang = \"es_LA\";var hupso_image_folder_url = \"\";var hupso_twitter_via=\"crsyvrs\";var hupso_url_c=\"\";<\/script><script type=\"text\/javascript\" src=\"http:\/\/static.hupso.com\/share\/js\/counters.js\"><\/script><!-- Hupso Share Buttons --><\/div>","protected":false},"author":5,"featured_media":25228,"comment_status":"open","ping_status":"closed","sticky":false,"template":"","format":"standard","meta":{"footnotes":""},"categories":[3],"tags":[9085,8898],"class_list":["post-25227","post","type-post","status-publish","format-standard","has-post-thumbnail","hentry","category-musica","tag-canticuenticos","tag-infantiles"],"_links":{"self":[{"href":"http:\/\/cronicasyversiones.com\/index.php?rest_route=\/wp\/v2\/posts\/25227","targetHints":{"allow":["GET"]}}],"collection":[{"href":"http:\/\/cronicasyversiones.com\/index.php?rest_route=\/wp\/v2\/posts"}],"about":[{"href":"http:\/\/cronicasyversiones.com\/index.php?rest_route=\/wp\/v2\/types\/post"}],"author":[{"embeddable":true,"href":"http:\/\/cronicasyversiones.com\/index.php?rest_route=\/wp\/v2\/users\/5"}],"replies":[{"embeddable":true,"href":"http:\/\/cronicasyversiones.com\/index.php?rest_route=%2Fwp%2Fv2%2Fcomments&post=25227"}],"version-history":[{"count":1,"href":"http:\/\/cronicasyversiones.com\/index.php?rest_route=\/wp\/v2\/posts\/25227\/revisions"}],"predecessor-version":[{"id":25229,"href":"http:\/\/cronicasyversiones.com\/index.php?rest_route=\/wp\/v2\/posts\/25227\/revisions\/25229"}],"wp:featuredmedia":[{"embeddable":true,"href":"http:\/\/cronicasyversiones.com\/index.php?rest_route=\/wp\/v2\/media\/25228"}],"wp:attachment":[{"href":"http:\/\/cronicasyversiones.com\/index.php?rest_route=%2Fwp%2Fv2%2Fmedia&parent=25227"}],"wp:term":[{"taxonomy":"category","embeddable":true,"href":"http:\/\/cronicasyversiones.com\/index.php?rest_route=%2Fwp%2Fv2%2Fcategories&post=25227"},{"taxonomy":"post_tag","embeddable":true,"href":"http:\/\/cronicasyversiones.com\/index.php?rest_route=%2Fwp%2Fv2%2Ftags&post=25227"}],"curies":[{"name":"wp","href":"https:\/\/api.w.org\/{rel}","templated":true}]}}