{"id":25257,"date":"2019-11-28T17:10:08","date_gmt":"2019-11-28T20:10:08","guid":{"rendered":"http:\/\/cronicasyversiones.com\/?p=25257"},"modified":"2019-11-28T17:10:08","modified_gmt":"2019-11-28T20:10:08","slug":"el-ciclo-encuentro-de-cine-europeo-en-el-san-martin","status":"publish","type":"post","link":"http:\/\/cronicasyversiones.com\/?p=25257","title":{"rendered":"El ciclo Encuentro de Cine Europeo, en el San Martin"},"content":{"rendered":"<div style=\"padding-bottom:20px; padding-top:10px;\" class=\"hupso-share-buttons\"><!-- Hupso Share Buttons - https:\/\/www.hupso.com\/share\/ --><a class=\"hupso_counters\" href=\"https:\/\/www.hupso.com\/share\/\"><img decoding=\"async\" src=\"http:\/\/static.hupso.com\/share\/buttons\/lang\/es\/share-small.png\" style=\"border:0px; padding-top:2px; float:left;\" alt=\"Share Button\"\/><\/a><script type=\"text\/javascript\">var hupso_services_c=new Array(\"twitter\",\"facebook_like\",\"google\");var hupso_counters_lang = \"es_LA\";var hupso_image_folder_url = \"\";var hupso_twitter_via=\"crsyvrs\";var hupso_url_c=\"\";<\/script><script type=\"text\/javascript\" src=\"http:\/\/static.hupso.com\/share\/js\/counters.js\"><\/script><!-- Hupso Share Buttons --><\/div><h2>El encuentro tendr\u00e1 once largometrajes recientes de ficci\u00f3n y documentales que reflejan los retos de la Europa contempor\u00e1nea.<\/h2>\n<p><img loading=\"lazy\" decoding=\"async\" class=\"size-full wp-image-25258 aligncenter\" src=\"http:\/\/cronicasyversiones.com\/wp-content\/uploads\/2019\/11\/cine.jpg\" alt=\"\" width=\"750\" height=\"513\" srcset=\"http:\/\/cronicasyversiones.com\/wp-content\/uploads\/2019\/11\/cine.jpg 750w, http:\/\/cronicasyversiones.com\/wp-content\/uploads\/2019\/11\/cine-300x205.jpg 300w\" sizes=\"auto, (max-width: 750px) 100vw, 750px\" \/><\/p>\n<p>El Complejo Teatral de Buenos Aires y la Fundaci\u00f3n Cinemateca Argentina presentar\u00e1n el ciclo <strong>Encuentro de Cine Europeo<\/strong> en la Sala Leopoldo Lugones del Teatro San Mart\u00edn, en la Avenida Corrientes 1530.<\/p>\n<p>El ciclo est\u00e1 integrado por once largometrajes recientes de ficci\u00f3n y documentales que reflejan los retos de la Europa contempor\u00e1nea: el medio ambiente, la discriminaci\u00f3n, el narcotr\u00e1fico, la violencia, y la migraci\u00f3n, ente otros temas.<\/p>\n<p>El domingo primero se ver\u00e1 <strong><em>\u00abJ\u00falia ist\u00bb<\/em><\/strong> (Espa\u00f1a, 2017), de Elena Mart\u00edn y <strong><em>\u00abLos decentes\u00bb<\/em><\/strong> (Austria\/Argentina\/Rep\u00fablica de Corea, 2016), de Lukas Valenta Rinner, mientras que el 2 se veran <strong><em>\u00abUn paso detr\u00e1s del seraf\u00edn\u00bb<\/em><\/strong> (Rumania, 2017), de Daniel Sandu y <strong><em>\u00abLos limpiadores\u00bb<\/em><\/strong> (Alemania\/ Holanda\/Reino Unido, 2018), de Hans Block y Moritz Riesewieck.<\/p>\n<p><em><strong>LEA TAMBI\u00c9N:<\/strong> <\/em><\/p>\n<div class=\"video-container\">\n<blockquote class=\"wp-embedded-content\" data-secret=\"f7dinO97YA\"><p><a href=\"http:\/\/cronicasyversiones.com\/?p=25224\">La Semana de Cine del Festival de Cannes, en el Gaumont<\/a><\/p><\/blockquote>\n<p><iframe loading=\"lazy\" class=\"wp-embedded-content\" sandbox=\"allow-scripts\" security=\"restricted\" style=\"position: absolute; clip: rect(1px, 1px, 1px, 1px);\" title=\"\u00abLa Semana de Cine del Festival de Cannes, en el Gaumont\u00bb \u2014    \" src=\"http:\/\/cronicasyversiones.com\/?p=25224&#038;embed=true#?secret=OLj5BR0Qdl#?secret=f7dinO97YA\" data-secret=\"f7dinO97YA\" width=\"600\" height=\"338\" frameborder=\"0\" marginwidth=\"0\" marginheight=\"0\" scrolling=\"no\"><\/iframe><\/div>\n<p>Para el 4 est\u00e1n programadas <strong><em>\u00abEl distante ladrido de los perros\u00bb<\/em><\/strong> (Dinamarca\/Suecia\/Finlandia, 2017), de Simon Lereng Wilmont y <strong><em>\u00abEl rey de los belgas\u00bb <\/em><\/strong>(B\u00e9lgica\/Pa\u00edses Bajos\/Bulgaria, 2016), de Peter Brosens y Jessica Woodworth, mientras que el 5 <strong><em>\u00abConsecuencias\u00bb<\/em><\/strong> (Eslovenia\/Austria, 2018), de Darko Stante.<\/p>\n<p>Finalmente, el 6 ir\u00e1 <strong><em>\u00abLa Constituci\u00f3n\u00bb<\/em><\/strong> (Croacia\/Rep. Checa\/Eslovenia, 2016), de Rajko Grlic y <strong><em>\u00abLa Ciambra\u00bb<\/em><\/strong> (Italia\/Alemania\/Francia\/Estados Unidos, 2017), de Jonas Carpignano y el 7 <strong><em>\u00abEl ni\u00f1o en el puente\u00bb <\/em><\/strong>(Chipre, 2016), de Petros Charalambous y \u00abUn extra\u00f1o en el para\u00edso\u00bb (Pa\u00edses Bajos, 2016), de Guido Hendrikx.<\/p>\n<p>El Encuentro de Cine Europeo se desarrolla en siete sedes de manera simult\u00e1nea.<\/p>\n<div style=\"padding-bottom:20px; padding-top:10px;\" class=\"hupso-share-buttons\"><!-- Hupso Share Buttons - https:\/\/www.hupso.com\/share\/ --><a class=\"hupso_counters\" href=\"https:\/\/www.hupso.com\/share\/\"><img decoding=\"async\" src=\"http:\/\/static.hupso.com\/share\/buttons\/lang\/es\/share-small.png\" style=\"border:0px; padding-top:2px; float:left;\" alt=\"Share Button\"\/><\/a><script type=\"text\/javascript\">var hupso_services_c=new Array(\"twitter\",\"facebook_like\",\"google\");var hupso_counters_lang = \"es_LA\";var hupso_image_folder_url = \"\";var hupso_twitter_via=\"crsyvrs\";var hupso_url_c=\"\";<\/script><script type=\"text\/javascript\" src=\"http:\/\/static.hupso.com\/share\/js\/counters.js\"><\/script><!-- Hupso Share Buttons --><\/div> ","protected":false},"excerpt":{"rendered":"<div style=\"padding-bottom:20px; padding-top:10px;\" class=\"hupso-share-buttons\"><!-- Hupso Share Buttons - https:\/\/www.hupso.com\/share\/ --><a class=\"hupso_counters\" href=\"https:\/\/www.hupso.com\/share\/\"><img src=\"http:\/\/static.hupso.com\/share\/buttons\/lang\/es\/share-small.png\" style=\"border:0px; padding-top:2px; float:left;\" alt=\"Share Button\"\/><\/a><script type=\"text\/javascript\">var hupso_services_c=new Array(\"twitter\",\"facebook_like\",\"google\");var hupso_counters_lang = \"es_LA\";var hupso_image_folder_url = \"\";var hupso_twitter_via=\"crsyvrs\";var hupso_url_c=\"\";<\/script><script type=\"text\/javascript\" src=\"http:\/\/static.hupso.com\/share\/js\/counters.js\"><\/script><!-- Hupso Share Buttons --><\/div><p>El encuentro tendr\u00e1 once largometrajes recientes de ficci\u00f3n y documentales que reflejan los retos de la Europa contempor\u00e1nea. El Complejo Teatral de Buenos Aires y la Fundaci\u00f3n Cinemateca Argentina presentar\u00e1n el ciclo Encuentro de Cine Europeo en la Sala&#46;&#46;&#46;<\/p>\n<div style=\"padding-bottom:20px; padding-top:10px;\" class=\"hupso-share-buttons\"><!-- Hupso Share Buttons - https:\/\/www.hupso.com\/share\/ --><a class=\"hupso_counters\" href=\"https:\/\/www.hupso.com\/share\/\"><img src=\"http:\/\/static.hupso.com\/share\/buttons\/lang\/es\/share-small.png\" style=\"border:0px; padding-top:2px; float:left;\" alt=\"Share Button\"\/><\/a><script type=\"text\/javascript\">var hupso_services_c=new Array(\"twitter\",\"facebook_like\",\"google\");var hupso_counters_lang = \"es_LA\";var hupso_image_folder_url = \"\";var hupso_twitter_via=\"crsyvrs\";var hupso_url_c=\"\";<\/script><script type=\"text\/javascript\" src=\"http:\/\/static.hupso.com\/share\/js\/counters.js\"><\/script><!-- Hupso Share Buttons --><\/div>","protected":false},"author":5,"featured_media":25258,"comment_status":"open","ping_status":"closed","sticky":false,"template":"","format":"standard","meta":{"footnotes":""},"categories":[4],"tags":[],"class_list":["post-25257","post","type-post","status-publish","format-standard","has-post-thumbnail","hentry","category-cine"],"_links":{"self":[{"href":"http:\/\/cronicasyversiones.com\/index.php?rest_route=\/wp\/v2\/posts\/25257","targetHints":{"allow":["GET"]}}],"collection":[{"href":"http:\/\/cronicasyversiones.com\/index.php?rest_route=\/wp\/v2\/posts"}],"about":[{"href":"http:\/\/cronicasyversiones.com\/index.php?rest_route=\/wp\/v2\/types\/post"}],"author":[{"embeddable":true,"href":"http:\/\/cronicasyversiones.com\/index.php?rest_route=\/wp\/v2\/users\/5"}],"replies":[{"embeddable":true,"href":"http:\/\/cronicasyversiones.com\/index.php?rest_route=%2Fwp%2Fv2%2Fcomments&post=25257"}],"version-history":[{"count":1,"href":"http:\/\/cronicasyversiones.com\/index.php?rest_route=\/wp\/v2\/posts\/25257\/revisions"}],"predecessor-version":[{"id":25259,"href":"http:\/\/cronicasyversiones.com\/index.php?rest_route=\/wp\/v2\/posts\/25257\/revisions\/25259"}],"wp:featuredmedia":[{"embeddable":true,"href":"http:\/\/cronicasyversiones.com\/index.php?rest_route=\/wp\/v2\/media\/25258"}],"wp:attachment":[{"href":"http:\/\/cronicasyversiones.com\/index.php?rest_route=%2Fwp%2Fv2%2Fmedia&parent=25257"}],"wp:term":[{"taxonomy":"category","embeddable":true,"href":"http:\/\/cronicasyversiones.com\/index.php?rest_route=%2Fwp%2Fv2%2Fcategories&post=25257"},{"taxonomy":"post_tag","embeddable":true,"href":"http:\/\/cronicasyversiones.com\/index.php?rest_route=%2Fwp%2Fv2%2Ftags&post=25257"}],"curies":[{"name":"wp","href":"https:\/\/api.w.org\/{rel}","templated":true}]}}