{"id":25289,"date":"2019-12-02T13:52:07","date_gmt":"2019-12-02T16:52:07","guid":{"rendered":"http:\/\/cronicasyversiones.com\/?p=25289"},"modified":"2019-12-02T13:56:42","modified_gmt":"2019-12-02T16:56:42","slug":"la-odisea-de-los-giles-seleccionada-al-goya-iberoamericano","status":"publish","type":"post","link":"http:\/\/cronicasyversiones.com\/?p=25289","title":{"rendered":"\u00abLa odisea de los giles\u00bb, seleccionada al Goya Iberoamericano"},"content":{"rendered":"<div style=\"padding-bottom:20px; padding-top:10px;\" class=\"hupso-share-buttons\"><!-- Hupso Share Buttons - https:\/\/www.hupso.com\/share\/ --><a class=\"hupso_counters\" href=\"https:\/\/www.hupso.com\/share\/\"><img decoding=\"async\" src=\"http:\/\/static.hupso.com\/share\/buttons\/lang\/es\/share-small.png\" style=\"border:0px; padding-top:2px; float:left;\" alt=\"Share Button\"\/><\/a><script type=\"text\/javascript\">var hupso_services_c=new Array(\"twitter\",\"facebook_like\",\"google\");var hupso_counters_lang = \"es_LA\";var hupso_image_folder_url = \"\";var hupso_twitter_via=\"crsyvrs\";var hupso_url_c=\"\";<\/script><script type=\"text\/javascript\" src=\"http:\/\/static.hupso.com\/share\/js\/counters.js\"><\/script><!-- Hupso Share Buttons --><\/div><h2>La taquillera pel\u00edcula de Sebasti\u00e1n Borensztein qued\u00f3 seleccionada como uno de las cuatro pel\u00edculas que aspiran al premio.<\/h2>\n<p><img loading=\"lazy\" decoding=\"async\" class=\" wp-image-25290 aligncenter\" src=\"http:\/\/cronicasyversiones.com\/wp-content\/uploads\/2019\/12\/odisea-1024x575.jpg\" alt=\"\" width=\"751\" height=\"422\" srcset=\"http:\/\/cronicasyversiones.com\/wp-content\/uploads\/2019\/12\/odisea-1024x575.jpg 1024w, http:\/\/cronicasyversiones.com\/wp-content\/uploads\/2019\/12\/odisea-300x169.jpg 300w, http:\/\/cronicasyversiones.com\/wp-content\/uploads\/2019\/12\/odisea-768x432.jpg 768w, http:\/\/cronicasyversiones.com\/wp-content\/uploads\/2019\/12\/odisea.jpg 1500w\" sizes=\"auto, (max-width: 751px) 100vw, 751px\" \/><\/p>\n<p><em><strong>\u00abLa odisea de los giles\u00bb,<\/strong><\/em> de <strong>Sebasti\u00e1n Borensztein<\/strong>, qued\u00f3 seleccionada como uno de las cuatro pel\u00edculas que aspiran al premio <strong>Goya Iberoamericano<\/strong> que otorga la Academia del cine espa\u00f1ol y cuyo resultado se conocer\u00e1 el 25 de enero de 2020 en M\u00e1laga.<\/p>\n<p>La pel\u00edcula argentina, la m\u00e1s taquillera de origen nacional en los cines locales con poco m\u00e1s de un mill\u00f3n de espectadores desde su estreno en agosto pasado, tambi\u00e9n aspira a competir en los premios Oscar.<\/p>\n<p><strong>\u00abLa odisea de los giles\u00bb<\/strong> busca obtener el Goya en la categor\u00eda iberoamericana con otros tres filmes: \u00abAra\u00f1a\u00bb, del chileno Andr\u00e9s Wood; \u00abMonos\u00bb, del colombiano Alejandro Landes, y \u00abEl despertar de las hormigas\u00bb, de la costarricense Antonella Sudasassi.<\/p>\n<p><em><strong>LEA TAMBI\u00c9N:<\/strong><\/em><\/p>\n<div class=\"video-container\">\n<blockquote class=\"wp-embedded-content\" data-secret=\"c6dkjgTVQk\"><p><a href=\"https:\/\/cronicasyversiones.com\/?p=25173\">\u201cLos son\u00e1mbulos\u201d, la nueva pel\u00edcula de Paula Hern\u00e1ndez<\/a><\/p><\/blockquote>\n<p><iframe loading=\"lazy\" class=\"wp-embedded-content\" sandbox=\"allow-scripts\" security=\"restricted\" style=\"position: absolute; clip: rect(1px, 1px, 1px, 1px);\" title=\"\u00ab\u201cLos son\u00e1mbulos\u201d, la nueva pel\u00edcula de Paula Hern\u00e1ndez\u00bb \u2014    \" src=\"https:\/\/cronicasyversiones.com\/?p=25173&#038;embed=true#?secret=VmgTgwnpNC#?secret=c6dkjgTVQk\" data-secret=\"c6dkjgTVQk\" width=\"600\" height=\"338\" frameborder=\"0\" marginwidth=\"0\" marginheight=\"0\" scrolling=\"no\"><\/iframe><\/div>\n<p>La pel\u00edcula est\u00e1 protagonizada por <strong>Ricardo Dar\u00edn, Luis Brandoni, Chino Dar\u00edn, Ver\u00f3nica Llin\u00e1s, Daniel Ar\u00e1oz, Carlos Belloso, Rita Cortese y Andr\u00e9s Parra.<\/strong><\/p>\n<p>Todo transcurre en la Provincia de Buenos Aires, fines del 2001. Un grupo de amigos y vecinos pierde el dinero que hab\u00eda logrado reunir para reflotar una vieja cooperativa agr\u00edcola.<\/p>\n<p>Al poco tiempo, descubren que sus ahorros se perdieron por una estafa realizada por un inescrupuloso abogado y un gerente de banco que contaban con informaci\u00f3n de lo que se iba a desencadenar en el pa\u00eds. Al enterarse de lo sucedido, este grupo de vecinos decide organizarse y armar un minucioso plan con el objetivo de recuperar lo que les pertenece.<\/p>\n<div style=\"padding-bottom:20px; padding-top:10px;\" class=\"hupso-share-buttons\"><!-- Hupso Share Buttons - https:\/\/www.hupso.com\/share\/ --><a class=\"hupso_counters\" href=\"https:\/\/www.hupso.com\/share\/\"><img decoding=\"async\" src=\"http:\/\/static.hupso.com\/share\/buttons\/lang\/es\/share-small.png\" style=\"border:0px; padding-top:2px; float:left;\" alt=\"Share Button\"\/><\/a><script type=\"text\/javascript\">var hupso_services_c=new Array(\"twitter\",\"facebook_like\",\"google\");var hupso_counters_lang = \"es_LA\";var hupso_image_folder_url = \"\";var hupso_twitter_via=\"crsyvrs\";var hupso_url_c=\"\";<\/script><script type=\"text\/javascript\" src=\"http:\/\/static.hupso.com\/share\/js\/counters.js\"><\/script><!-- Hupso Share Buttons --><\/div> ","protected":false},"excerpt":{"rendered":"<div style=\"padding-bottom:20px; padding-top:10px;\" class=\"hupso-share-buttons\"><!-- Hupso Share Buttons - https:\/\/www.hupso.com\/share\/ --><a class=\"hupso_counters\" href=\"https:\/\/www.hupso.com\/share\/\"><img src=\"http:\/\/static.hupso.com\/share\/buttons\/lang\/es\/share-small.png\" style=\"border:0px; padding-top:2px; float:left;\" alt=\"Share Button\"\/><\/a><script type=\"text\/javascript\">var hupso_services_c=new Array(\"twitter\",\"facebook_like\",\"google\");var hupso_counters_lang = \"es_LA\";var hupso_image_folder_url = \"\";var hupso_twitter_via=\"crsyvrs\";var hupso_url_c=\"\";<\/script><script type=\"text\/javascript\" src=\"http:\/\/static.hupso.com\/share\/js\/counters.js\"><\/script><!-- Hupso Share Buttons --><\/div><p>La taquillera pel\u00edcula de Sebasti\u00e1n Borensztein qued\u00f3 seleccionada como uno de las cuatro pel\u00edculas que aspiran al premio. \u00abLa odisea de los giles\u00bb, de Sebasti\u00e1n Borensztein, qued\u00f3 seleccionada como uno de las cuatro pel\u00edculas que aspiran al premio Goya&#46;&#46;&#46;<\/p>\n<div style=\"padding-bottom:20px; padding-top:10px;\" class=\"hupso-share-buttons\"><!-- Hupso Share Buttons - https:\/\/www.hupso.com\/share\/ --><a class=\"hupso_counters\" href=\"https:\/\/www.hupso.com\/share\/\"><img src=\"http:\/\/static.hupso.com\/share\/buttons\/lang\/es\/share-small.png\" style=\"border:0px; padding-top:2px; float:left;\" alt=\"Share Button\"\/><\/a><script type=\"text\/javascript\">var hupso_services_c=new Array(\"twitter\",\"facebook_like\",\"google\");var hupso_counters_lang = \"es_LA\";var hupso_image_folder_url = \"\";var hupso_twitter_via=\"crsyvrs\";var hupso_url_c=\"\";<\/script><script type=\"text\/javascript\" src=\"http:\/\/static.hupso.com\/share\/js\/counters.js\"><\/script><!-- Hupso Share Buttons --><\/div>","protected":false},"author":5,"featured_media":25290,"comment_status":"open","ping_status":"closed","sticky":false,"template":"","format":"standard","meta":{"footnotes":""},"categories":[4],"tags":[3913,1763,6004,7665,371,1165,3534,6249,4282],"class_list":["post-25289","post","type-post","status-publish","format-standard","has-post-thumbnail","hentry","category-cine","tag-carlos-belloso","tag-chino-darin","tag-daniel-araoz","tag-luis-brandoni","tag-premios-goya","tag-ricardo-darin","tag-rita-cortese","tag-sebastian-borensztein","tag-veronica-llinas"],"_links":{"self":[{"href":"http:\/\/cronicasyversiones.com\/index.php?rest_route=\/wp\/v2\/posts\/25289","targetHints":{"allow":["GET"]}}],"collection":[{"href":"http:\/\/cronicasyversiones.com\/index.php?rest_route=\/wp\/v2\/posts"}],"about":[{"href":"http:\/\/cronicasyversiones.com\/index.php?rest_route=\/wp\/v2\/types\/post"}],"author":[{"embeddable":true,"href":"http:\/\/cronicasyversiones.com\/index.php?rest_route=\/wp\/v2\/users\/5"}],"replies":[{"embeddable":true,"href":"http:\/\/cronicasyversiones.com\/index.php?rest_route=%2Fwp%2Fv2%2Fcomments&post=25289"}],"version-history":[{"count":2,"href":"http:\/\/cronicasyversiones.com\/index.php?rest_route=\/wp\/v2\/posts\/25289\/revisions"}],"predecessor-version":[{"id":25292,"href":"http:\/\/cronicasyversiones.com\/index.php?rest_route=\/wp\/v2\/posts\/25289\/revisions\/25292"}],"wp:featuredmedia":[{"embeddable":true,"href":"http:\/\/cronicasyversiones.com\/index.php?rest_route=\/wp\/v2\/media\/25290"}],"wp:attachment":[{"href":"http:\/\/cronicasyversiones.com\/index.php?rest_route=%2Fwp%2Fv2%2Fmedia&parent=25289"}],"wp:term":[{"taxonomy":"category","embeddable":true,"href":"http:\/\/cronicasyversiones.com\/index.php?rest_route=%2Fwp%2Fv2%2Fcategories&post=25289"},{"taxonomy":"post_tag","embeddable":true,"href":"http:\/\/cronicasyversiones.com\/index.php?rest_route=%2Fwp%2Fv2%2Ftags&post=25289"}],"curies":[{"name":"wp","href":"https:\/\/api.w.org\/{rel}","templated":true}]}}