{"id":25346,"date":"2019-12-06T17:27:06","date_gmt":"2019-12-06T20:27:06","guid":{"rendered":"http:\/\/cronicasyversiones.com\/?p=25346"},"modified":"2019-12-06T17:27:06","modified_gmt":"2019-12-06T20:27:06","slug":"jorge-lujan-e-isol-en-pantuflas-en-el-malba","status":"publish","type":"post","link":"http:\/\/cronicasyversiones.com\/?p=25346","title":{"rendered":"Jorge Luj\u00e1n e Isol \u201cEn pantuflas\u201d, en el Malba"},"content":{"rendered":"<div style=\"padding-bottom:20px; padding-top:10px;\" class=\"hupso-share-buttons\"><!-- Hupso Share Buttons - https:\/\/www.hupso.com\/share\/ --><a class=\"hupso_counters\" href=\"https:\/\/www.hupso.com\/share\/\"><img decoding=\"async\" src=\"http:\/\/static.hupso.com\/share\/buttons\/lang\/es\/share-small.png\" style=\"border:0px; padding-top:2px; float:left;\" alt=\"Share Button\"\/><\/a><script type=\"text\/javascript\">var hupso_services_c=new Array(\"twitter\",\"facebook_like\",\"google\");var hupso_counters_lang = \"es_LA\";var hupso_image_folder_url = \"\";var hupso_twitter_via=\"crsyvrs\";var hupso_url_c=\"\";<\/script><script type=\"text\/javascript\" src=\"http:\/\/static.hupso.com\/share\/js\/counters.js\"><\/script><!-- Hupso Share Buttons --><\/div><h2>Presentan la reedici\u00f3n de \u201cPantuflas de perrito\u201d, que vino al mundo con la colaboraci\u00f3n de ni\u00f1os latinoamericanos.<\/h2>\n<p><img loading=\"lazy\" decoding=\"async\" class=\"wp-image-25347 aligncenter\" src=\"http:\/\/cronicasyversiones.com\/wp-content\/uploads\/2019\/12\/isol.jpg\" alt=\"\" width=\"767\" height=\"506\" srcset=\"http:\/\/cronicasyversiones.com\/wp-content\/uploads\/2019\/12\/isol.jpg 750w, http:\/\/cronicasyversiones.com\/wp-content\/uploads\/2019\/12\/isol-300x198.jpg 300w\" sizes=\"auto, (max-width: 767px) 100vw, 767px\" \/><\/p>\n<p><strong>Jorge Luj\u00e1n <\/strong>e<strong> Isol<\/strong> estar\u00e1n \u201cen pantuflas\u201d el mi\u00e9rcoles 11 de diciembre a las 17,30.Auditorio, en el <strong>Malba,<\/strong> en la Avenida Figueroa Alcorta 3415, con entrada gratuita hasta completar la capacidad de la sala.<\/p>\n<p>En una casa, o quiz\u00e1s un departamento, hay una ni\u00f1a que desea tener un perrito que se llame Olivia. En otras casas, otras chicas y chicos ya tienen sus mascotas: <strong>un hamster, una conejita, la tortuga Coco, la gata Mishina<\/strong> y cada instante compartido se convierte en pura algarab\u00eda.<\/p>\n<p><strong><em>\u201cPantuflas de perrito\u201d<\/em><\/strong> vino al mundo con la colaboraci\u00f3n de ni\u00f1os latinoamericanos y con los poemas y dibujos bulliciosos de Jorge Luj\u00e1n e Isol.<\/p>\n<p>En ocasi\u00f3n de su reedici\u00f3n, estos dos grandes de la literatura ilustrada compartir\u00e1n poemas, canciones e ilustraciones en el auditorio del museo. Los chicos y las chicas estar\u00e1n invitados a dise\u00f1ar su propia versi\u00f3n de <strong><em>\u201cPantuflas de perrito\u201d.<\/em><\/strong><\/p>\n<p><em><strong>LEA TAMBI\u00c9N:<\/strong> <\/em><\/p>\n<div class=\"video-container\">\n<blockquote class=\"wp-embedded-content\" data-secret=\"ZKDyQEb624\"><p><a href=\"http:\/\/cronicasyversiones.com\/?p=24664\">Un libro ilustrado rescata los recuerdos de Frida Kahlo<\/a><\/p><\/blockquote>\n<p><iframe loading=\"lazy\" class=\"wp-embedded-content\" sandbox=\"allow-scripts\" security=\"restricted\" style=\"position: absolute; clip: rect(1px, 1px, 1px, 1px);\" title=\"\u00abUn libro ilustrado rescata los recuerdos de Frida Kahlo\u00bb \u2014    \" src=\"http:\/\/cronicasyversiones.com\/?p=24664&#038;embed=true#?secret=ZAw4ZRiXEx#?secret=ZKDyQEb624\" data-secret=\"ZKDyQEb624\" width=\"600\" height=\"338\" frameborder=\"0\" marginwidth=\"0\" marginheight=\"0\" scrolling=\"no\"><\/iframe><\/div>\n<p><strong>Jorge Luj\u00e1n<\/strong> es poeta, m\u00fasico y arquitecto naci\u00f3 en la ciudad de C\u00f3rdoba y vive en M\u00e9xico. Ha publicado 49 libros, la mayor parte para ni\u00f1os.<\/p>\n<p><strong>Isol Misenta<\/strong> es ilustradora, cantante y muchas veces autora de los textos de sus libros para ni\u00f1os.\u00a0 Su especialidad es narrar a trav\u00e9s del di\u00e1logo entre im\u00e1genes y textos (libro \u00e1lbum). Tiene 24 t\u00edtulos publicados, traducidos a diecisiete idiomas.<\/p>\n<p>&nbsp;<\/p>\n<div style=\"padding-bottom:20px; padding-top:10px;\" class=\"hupso-share-buttons\"><!-- Hupso Share Buttons - https:\/\/www.hupso.com\/share\/ --><a class=\"hupso_counters\" href=\"https:\/\/www.hupso.com\/share\/\"><img decoding=\"async\" src=\"http:\/\/static.hupso.com\/share\/buttons\/lang\/es\/share-small.png\" style=\"border:0px; padding-top:2px; float:left;\" alt=\"Share Button\"\/><\/a><script type=\"text\/javascript\">var hupso_services_c=new Array(\"twitter\",\"facebook_like\",\"google\");var hupso_counters_lang = \"es_LA\";var hupso_image_folder_url = \"\";var hupso_twitter_via=\"crsyvrs\";var hupso_url_c=\"\";<\/script><script type=\"text\/javascript\" src=\"http:\/\/static.hupso.com\/share\/js\/counters.js\"><\/script><!-- Hupso Share Buttons --><\/div> ","protected":false},"excerpt":{"rendered":"<div style=\"padding-bottom:20px; padding-top:10px;\" class=\"hupso-share-buttons\"><!-- Hupso Share Buttons - https:\/\/www.hupso.com\/share\/ --><a class=\"hupso_counters\" href=\"https:\/\/www.hupso.com\/share\/\"><img src=\"http:\/\/static.hupso.com\/share\/buttons\/lang\/es\/share-small.png\" style=\"border:0px; padding-top:2px; float:left;\" alt=\"Share Button\"\/><\/a><script type=\"text\/javascript\">var hupso_services_c=new Array(\"twitter\",\"facebook_like\",\"google\");var hupso_counters_lang = \"es_LA\";var hupso_image_folder_url = \"\";var hupso_twitter_via=\"crsyvrs\";var hupso_url_c=\"\";<\/script><script type=\"text\/javascript\" src=\"http:\/\/static.hupso.com\/share\/js\/counters.js\"><\/script><!-- Hupso Share Buttons --><\/div><p>Presentan la reedici\u00f3n de \u201cPantuflas de perrito\u201d, que vino al mundo con la colaboraci\u00f3n de ni\u00f1os latinoamericanos. Jorge Luj\u00e1n e Isol estar\u00e1n \u201cen pantuflas\u201d el mi\u00e9rcoles 11 de diciembre a las 17,30.Auditorio, en el Malba, en la Avenida Figueroa&#46;&#46;&#46;<\/p>\n<div style=\"padding-bottom:20px; padding-top:10px;\" class=\"hupso-share-buttons\"><!-- Hupso Share Buttons - https:\/\/www.hupso.com\/share\/ --><a class=\"hupso_counters\" href=\"https:\/\/www.hupso.com\/share\/\"><img src=\"http:\/\/static.hupso.com\/share\/buttons\/lang\/es\/share-small.png\" style=\"border:0px; padding-top:2px; float:left;\" alt=\"Share Button\"\/><\/a><script type=\"text\/javascript\">var hupso_services_c=new Array(\"twitter\",\"facebook_like\",\"google\");var hupso_counters_lang = \"es_LA\";var hupso_image_folder_url = \"\";var hupso_twitter_via=\"crsyvrs\";var hupso_url_c=\"\";<\/script><script type=\"text\/javascript\" src=\"http:\/\/static.hupso.com\/share\/js\/counters.js\"><\/script><!-- Hupso Share Buttons --><\/div>","protected":false},"author":5,"featured_media":25347,"comment_status":"open","ping_status":"closed","sticky":false,"template":"","format":"standard","meta":{"footnotes":""},"categories":[8,7],"tags":[2521,9459],"class_list":["post-25346","post","type-post","status-publish","format-standard","has-post-thumbnail","hentry","category-artes-plasticas","category-literatura","tag-isol","tag-jorge-lujan"],"_links":{"self":[{"href":"http:\/\/cronicasyversiones.com\/index.php?rest_route=\/wp\/v2\/posts\/25346","targetHints":{"allow":["GET"]}}],"collection":[{"href":"http:\/\/cronicasyversiones.com\/index.php?rest_route=\/wp\/v2\/posts"}],"about":[{"href":"http:\/\/cronicasyversiones.com\/index.php?rest_route=\/wp\/v2\/types\/post"}],"author":[{"embeddable":true,"href":"http:\/\/cronicasyversiones.com\/index.php?rest_route=\/wp\/v2\/users\/5"}],"replies":[{"embeddable":true,"href":"http:\/\/cronicasyversiones.com\/index.php?rest_route=%2Fwp%2Fv2%2Fcomments&post=25346"}],"version-history":[{"count":1,"href":"http:\/\/cronicasyversiones.com\/index.php?rest_route=\/wp\/v2\/posts\/25346\/revisions"}],"predecessor-version":[{"id":25348,"href":"http:\/\/cronicasyversiones.com\/index.php?rest_route=\/wp\/v2\/posts\/25346\/revisions\/25348"}],"wp:featuredmedia":[{"embeddable":true,"href":"http:\/\/cronicasyversiones.com\/index.php?rest_route=\/wp\/v2\/media\/25347"}],"wp:attachment":[{"href":"http:\/\/cronicasyversiones.com\/index.php?rest_route=%2Fwp%2Fv2%2Fmedia&parent=25346"}],"wp:term":[{"taxonomy":"category","embeddable":true,"href":"http:\/\/cronicasyversiones.com\/index.php?rest_route=%2Fwp%2Fv2%2Fcategories&post=25346"},{"taxonomy":"post_tag","embeddable":true,"href":"http:\/\/cronicasyversiones.com\/index.php?rest_route=%2Fwp%2Fv2%2Ftags&post=25346"}],"curies":[{"name":"wp","href":"https:\/\/api.w.org\/{rel}","templated":true}]}}