{"id":25457,"date":"2019-12-29T10:29:14","date_gmt":"2019-12-29T13:29:14","guid":{"rendered":"http:\/\/cronicasyversiones.com\/?p=25457"},"modified":"2019-12-29T10:29:19","modified_gmt":"2019-12-29T13:29:19","slug":"fito-paez-encabeza-el-festival-buena-vibra","status":"publish","type":"post","link":"http:\/\/cronicasyversiones.com\/?p=25457","title":{"rendered":"Fito P\u00e1ez encabeza el Festival Buena Vibra"},"content":{"rendered":"<div style=\"padding-bottom:20px; padding-top:10px;\" class=\"hupso-share-buttons\"><!-- Hupso Share Buttons - https:\/\/www.hupso.com\/share\/ --><a class=\"hupso_counters\" href=\"https:\/\/www.hupso.com\/share\/\"><img decoding=\"async\" src=\"http:\/\/static.hupso.com\/share\/buttons\/lang\/es\/share-small.png\" style=\"border:0px; padding-top:2px; float:left;\" alt=\"Share Button\"\/><\/a><script type=\"text\/javascript\">var hupso_services_c=new Array(\"twitter\",\"facebook_like\",\"google\");var hupso_counters_lang = \"es_LA\";var hupso_image_folder_url = \"\";var hupso_twitter_via=\"crsyvrs\";var hupso_url_c=\"\";<\/script><script type=\"text\/javascript\" src=\"http:\/\/static.hupso.com\/share\/js\/counters.js\"><\/script><!-- Hupso Share Buttons --><\/div><h2>Marilina Bertoldi y Lisandro Aristimu\u00f1o, junto a otros artistas, tambi\u00e9n formar\u00e1n parte de la programaci\u00f3n de este encuentro.<\/h2>\n<p><img loading=\"lazy\" decoding=\"async\" class=\"wp-image-25458 aligncenter\" src=\"http:\/\/cronicasyversiones.com\/wp-content\/uploads\/2019\/12\/fito.jpg\" alt=\"\" width=\"746\" height=\"497\" srcset=\"http:\/\/cronicasyversiones.com\/wp-content\/uploads\/2019\/12\/fito.jpg 960w, http:\/\/cronicasyversiones.com\/wp-content\/uploads\/2019\/12\/fito-300x200.jpg 300w, http:\/\/cronicasyversiones.com\/wp-content\/uploads\/2019\/12\/fito-768x512.jpg 768w, http:\/\/cronicasyversiones.com\/wp-content\/uploads\/2019\/12\/fito-480x320.jpg 480w\" sizes=\"auto, (max-width: 746px) 100vw, 746px\" \/><\/p>\n<p>La edici\u00f3n 2020 del <strong>Festival Buena Vibra,<\/strong> que tendr\u00e1 lugar el 15 de febrero en el porte\u00f1o Hip\u00f3dromo de Palermo, tendr\u00e1 a <strong>Fito P\u00e1ez, Marilina Bertoldi y Lisandro Aristimu\u00f1o<\/strong>, como figuras centrales.<\/p>\n<p>Tambi\u00e9n ser\u00e1n parte de la programaci\u00f3n Miranda!, El Kuelgue, Bandalos Chinos, Perota Chingo, Conociendo a Rusia y Alex Awandter.<\/p>\n<p>Se sumar\u00e1n tambi\u00e9n a esta propuesta Femina, Lo&#8217; Pibitos, Barbi Recanati, Nafta, Paula Maffia y El Zar.<\/p>\n<p><em><strong>LEA TAMBI\u00c9N:<\/strong> <\/em><\/p>\n<div class=\"video-container\">\n<blockquote class=\"wp-embedded-content\" data-secret=\"eg8Wy2K3Fn\"><p><a href=\"http:\/\/cronicasyversiones.com\/?p=25352\">Paula Maff\u00eda, Eruca Sativa, La Mississippi y Ska-P, en el Baradero Rock<\/a><\/p><\/blockquote>\n<p><iframe loading=\"lazy\" class=\"wp-embedded-content\" sandbox=\"allow-scripts\" security=\"restricted\" style=\"position: absolute; clip: rect(1px, 1px, 1px, 1px);\" title=\"\u00abPaula Maff\u00eda, Eruca Sativa, La Mississippi y Ska-P, en el Baradero Rock\u00bb \u2014    \" src=\"http:\/\/cronicasyversiones.com\/?p=25352&#038;embed=true#?secret=cUgP5BhbZJ#?secret=eg8Wy2K3Fn\" data-secret=\"eg8Wy2K3Fn\" width=\"600\" height=\"338\" frameborder=\"0\" marginwidth=\"0\" marginheight=\"0\" scrolling=\"no\"><\/iframe><\/div>\n<p>Seg\u00fan los organizadores, se trata de un encuentro musical que se caracteriza por presentar artistas de la <strong>escena indie,<\/strong> aunque en esta ocasi\u00f3n los organizadores decidieron ampliar la convocatoria a algunos m\u00fasicos consagrados.<\/p>\n<p>Esta iniciativa implic\u00f3 adem\u00e1s un cambio de escenario hacia un espacio m\u00e1s amplio, por lo que los espacios como el <strong>Centro Cultural Matienzo y Ciudad Cultural Konex<\/strong> fueron dejando su lugar al estadio Malvinas Argentinas en la \u00faltima edici\u00f3n y, en la pr\u00f3xima, pasar\u00e1 al Hip\u00f3dromo de San Isidro.<\/p>\n<div style=\"padding-bottom:20px; padding-top:10px;\" class=\"hupso-share-buttons\"><!-- Hupso Share Buttons - https:\/\/www.hupso.com\/share\/ --><a class=\"hupso_counters\" href=\"https:\/\/www.hupso.com\/share\/\"><img decoding=\"async\" src=\"http:\/\/static.hupso.com\/share\/buttons\/lang\/es\/share-small.png\" style=\"border:0px; padding-top:2px; float:left;\" alt=\"Share Button\"\/><\/a><script type=\"text\/javascript\">var hupso_services_c=new Array(\"twitter\",\"facebook_like\",\"google\");var hupso_counters_lang = \"es_LA\";var hupso_image_folder_url = \"\";var hupso_twitter_via=\"crsyvrs\";var hupso_url_c=\"\";<\/script><script type=\"text\/javascript\" src=\"http:\/\/static.hupso.com\/share\/js\/counters.js\"><\/script><!-- Hupso Share Buttons --><\/div> ","protected":false},"excerpt":{"rendered":"<div style=\"padding-bottom:20px; padding-top:10px;\" class=\"hupso-share-buttons\"><!-- Hupso Share Buttons - https:\/\/www.hupso.com\/share\/ --><a class=\"hupso_counters\" href=\"https:\/\/www.hupso.com\/share\/\"><img src=\"http:\/\/static.hupso.com\/share\/buttons\/lang\/es\/share-small.png\" style=\"border:0px; padding-top:2px; float:left;\" alt=\"Share Button\"\/><\/a><script type=\"text\/javascript\">var hupso_services_c=new Array(\"twitter\",\"facebook_like\",\"google\");var hupso_counters_lang = \"es_LA\";var hupso_image_folder_url = \"\";var hupso_twitter_via=\"crsyvrs\";var hupso_url_c=\"\";<\/script><script type=\"text\/javascript\" src=\"http:\/\/static.hupso.com\/share\/js\/counters.js\"><\/script><!-- Hupso Share Buttons --><\/div><p>Marilina Bertoldi y Lisandro Aristimu\u00f1o, junto a otros artistas, tambi\u00e9n formar\u00e1n parte de la programaci\u00f3n de este encuentro. La edici\u00f3n 2020 del Festival Buena Vibra, que tendr\u00e1 lugar el 15 de febrero en el porte\u00f1o Hip\u00f3dromo de Palermo, tendr\u00e1&#46;&#46;&#46;<\/p>\n<div style=\"padding-bottom:20px; padding-top:10px;\" class=\"hupso-share-buttons\"><!-- Hupso Share Buttons - https:\/\/www.hupso.com\/share\/ --><a class=\"hupso_counters\" href=\"https:\/\/www.hupso.com\/share\/\"><img src=\"http:\/\/static.hupso.com\/share\/buttons\/lang\/es\/share-small.png\" style=\"border:0px; padding-top:2px; float:left;\" alt=\"Share Button\"\/><\/a><script type=\"text\/javascript\">var hupso_services_c=new Array(\"twitter\",\"facebook_like\",\"google\");var hupso_counters_lang = \"es_LA\";var hupso_image_folder_url = \"\";var hupso_twitter_via=\"crsyvrs\";var hupso_url_c=\"\";<\/script><script type=\"text\/javascript\" src=\"http:\/\/static.hupso.com\/share\/js\/counters.js\"><\/script><!-- Hupso Share Buttons --><\/div>","protected":false},"author":5,"featured_media":25458,"comment_status":"open","ping_status":"closed","sticky":false,"template":"","format":"standard","meta":{"footnotes":""},"categories":[3],"tags":[13,5708,8955],"class_list":["post-25457","post","type-post","status-publish","format-standard","has-post-thumbnail","hentry","category-musica","tag-fito-paez","tag-lisandro-aristimuno","tag-marilina-bertoldi"],"_links":{"self":[{"href":"http:\/\/cronicasyversiones.com\/index.php?rest_route=\/wp\/v2\/posts\/25457","targetHints":{"allow":["GET"]}}],"collection":[{"href":"http:\/\/cronicasyversiones.com\/index.php?rest_route=\/wp\/v2\/posts"}],"about":[{"href":"http:\/\/cronicasyversiones.com\/index.php?rest_route=\/wp\/v2\/types\/post"}],"author":[{"embeddable":true,"href":"http:\/\/cronicasyversiones.com\/index.php?rest_route=\/wp\/v2\/users\/5"}],"replies":[{"embeddable":true,"href":"http:\/\/cronicasyversiones.com\/index.php?rest_route=%2Fwp%2Fv2%2Fcomments&post=25457"}],"version-history":[{"count":2,"href":"http:\/\/cronicasyversiones.com\/index.php?rest_route=\/wp\/v2\/posts\/25457\/revisions"}],"predecessor-version":[{"id":25569,"href":"http:\/\/cronicasyversiones.com\/index.php?rest_route=\/wp\/v2\/posts\/25457\/revisions\/25569"}],"wp:featuredmedia":[{"embeddable":true,"href":"http:\/\/cronicasyversiones.com\/index.php?rest_route=\/wp\/v2\/media\/25458"}],"wp:attachment":[{"href":"http:\/\/cronicasyversiones.com\/index.php?rest_route=%2Fwp%2Fv2%2Fmedia&parent=25457"}],"wp:term":[{"taxonomy":"category","embeddable":true,"href":"http:\/\/cronicasyversiones.com\/index.php?rest_route=%2Fwp%2Fv2%2Fcategories&post=25457"},{"taxonomy":"post_tag","embeddable":true,"href":"http:\/\/cronicasyversiones.com\/index.php?rest_route=%2Fwp%2Fv2%2Ftags&post=25457"}],"curies":[{"name":"wp","href":"https:\/\/api.w.org\/{rel}","templated":true}]}}