{"id":25564,"date":"2019-12-27T20:22:21","date_gmt":"2019-12-27T23:22:21","guid":{"rendered":"http:\/\/cronicasyversiones.com\/?p=25564"},"modified":"2019-12-27T20:22:21","modified_gmt":"2019-12-27T23:22:21","slug":"el-legado-realizara-su-segunda-temporada-en-mar-del-plata","status":"publish","type":"post","link":"http:\/\/cronicasyversiones.com\/?p=25564","title":{"rendered":"\u201cEl Legado\u201d realizar\u00e1 su segunda temporada en Mar del Plata"},"content":{"rendered":"<div style=\"padding-bottom:20px; padding-top:10px;\" class=\"hupso-share-buttons\"><!-- Hupso Share Buttons - https:\/\/www.hupso.com\/share\/ --><a class=\"hupso_counters\" href=\"https:\/\/www.hupso.com\/share\/\"><img decoding=\"async\" src=\"http:\/\/static.hupso.com\/share\/buttons\/lang\/es\/share-small.png\" style=\"border:0px; padding-top:2px; float:left;\" alt=\"Share Button\"\/><\/a><script type=\"text\/javascript\">var hupso_services_c=new Array(\"twitter\",\"facebook_like\",\"google\");var hupso_counters_lang = \"es_LA\";var hupso_image_folder_url = \"\";var hupso_twitter_via=\"crsyvrs\";var hupso_url_c=\"\";<\/script><script type=\"text\/javascript\" src=\"http:\/\/static.hupso.com\/share\/js\/counters.js\"><\/script><!-- Hupso Share Buttons --><\/div><h2>Con autor\u00eda y actuaci\u00f3n de Merceditas Elordi, est\u00e1 basado en testimonios reales de cuatro casos diferentes de la sede de Abuelas de la ciudad balnearia.<\/h2>\n<p><img loading=\"lazy\" decoding=\"async\" class=\"size-full wp-image-25565 aligncenter\" src=\"http:\/\/cronicasyversiones.com\/wp-content\/uploads\/2019\/12\/legado.jpg\" alt=\"\" width=\"750\" height=\"530\" srcset=\"http:\/\/cronicasyversiones.com\/wp-content\/uploads\/2019\/12\/legado.jpg 750w, http:\/\/cronicasyversiones.com\/wp-content\/uploads\/2019\/12\/legado-300x212.jpg 300w\" sizes=\"auto, (max-width: 750px) 100vw, 750px\" \/><\/p>\n<p>La segunda temporada de <strong><em>\u201cEl Legado\u201d,<\/em><\/strong> con autor\u00eda y actuaci\u00f3n de <strong>Merceditas Elordi,<\/strong> arranca su segunda temporada en <strong>Mar del Plata<\/strong>, en la sala S\u00e9ptimo Fuego, ubicada en Bol\u00edvar 3675.<\/p>\n<p>Con direcci\u00f3n de <strong>Jos\u00e9 Toccalino,<\/strong> las funciones se van a realizar todos los s\u00e1bados de enero y febrero a las 20.<\/p>\n<p>El unipersonal est\u00e1 basado en testimonios reales de cuatro casos diferentes de la sede de <strong>Abuelas de Mar del Plata<\/strong> y obtuvo excelentes cr\u00edticas y m\u00faltiples premios en el transcurso de sus temporadas en Mar del Plata y en Buenos Aires.<\/p>\n<p><strong>Merceditas Elordi<\/strong> interpreta el personaje de Carmen, una mujer que luch\u00f3 toda su vida por encontrar a su hija y a su nieta.<\/p>\n<p><em><strong>LEA TAMBI\u00c9N:<\/strong> <\/em><\/p>\n<div class=\"video-container\">\n<blockquote class=\"wp-embedded-content\" data-secret=\"ZSTc544MWj\"><p><a href=\"http:\/\/cronicasyversiones.com\/?p=25444\">\u00abFlashes\u00bb, la nueva obra de Patricio Abadi<\/a><\/p><\/blockquote>\n<p><iframe loading=\"lazy\" class=\"wp-embedded-content\" sandbox=\"allow-scripts\" security=\"restricted\" style=\"position: absolute; clip: rect(1px, 1px, 1px, 1px);\" title=\"\u00ab\u00abFlashes\u00bb, la nueva obra de Patricio Abadi\u00bb \u2014    \" src=\"http:\/\/cronicasyversiones.com\/?p=25444&#038;embed=true#?secret=ynSZRTRlkx#?secret=ZSTc544MWj\" data-secret=\"ZSTc544MWj\" width=\"600\" height=\"338\" frameborder=\"0\" marginwidth=\"0\" marginheight=\"0\" scrolling=\"no\"><\/iframe><\/div>\n<p>En un c\u00e1lido y austero living, <strong>Carmen repasa su historia<\/strong>, pasando como un recuerdo vivo por todas las etapas de su vida, la mujer joven, fuerte y decidida; la se\u00f1ora de m\u00e1s de sesenta a\u00f1os que repasa sus vivencias y sostiene su lucha; la abuela de m\u00e1s de setenta a\u00f1os que a\u00fan conserva el humor y la fuerza en su mirada pero que necesita pasarle a otros la continuidad de su b\u00fasqueda y la mujer anciana, con muy poca lucidez que sigue habitando su hogar y sus recuerdos.<\/p>\n<p><strong>En la puesta convive la calidez de esa casa<\/strong>, con la dulzura, alegr\u00eda y valent\u00eda\u00a0 que Carmen imprimir\u00e1 en cada acto. Ella ha construido su mundo interno y sus recuerdos en una gran superficie transparente iluminada con la energ\u00eda y la luz de una llama. Una llama que es alimentada por la potencia de su conmovedora voz, una llama que seguir\u00e1 ardiendo hasta el final de sus d\u00edas.<\/p>\n<p>&nbsp;<\/p>\n<div style=\"padding-bottom:20px; padding-top:10px;\" class=\"hupso-share-buttons\"><!-- Hupso Share Buttons - https:\/\/www.hupso.com\/share\/ --><a class=\"hupso_counters\" href=\"https:\/\/www.hupso.com\/share\/\"><img decoding=\"async\" src=\"http:\/\/static.hupso.com\/share\/buttons\/lang\/es\/share-small.png\" style=\"border:0px; padding-top:2px; float:left;\" alt=\"Share Button\"\/><\/a><script type=\"text\/javascript\">var hupso_services_c=new Array(\"twitter\",\"facebook_like\",\"google\");var hupso_counters_lang = \"es_LA\";var hupso_image_folder_url = \"\";var hupso_twitter_via=\"crsyvrs\";var hupso_url_c=\"\";<\/script><script type=\"text\/javascript\" src=\"http:\/\/static.hupso.com\/share\/js\/counters.js\"><\/script><!-- Hupso Share Buttons --><\/div> ","protected":false},"excerpt":{"rendered":"<div style=\"padding-bottom:20px; padding-top:10px;\" class=\"hupso-share-buttons\"><!-- Hupso Share Buttons - https:\/\/www.hupso.com\/share\/ --><a class=\"hupso_counters\" href=\"https:\/\/www.hupso.com\/share\/\"><img src=\"http:\/\/static.hupso.com\/share\/buttons\/lang\/es\/share-small.png\" style=\"border:0px; padding-top:2px; float:left;\" alt=\"Share Button\"\/><\/a><script type=\"text\/javascript\">var hupso_services_c=new Array(\"twitter\",\"facebook_like\",\"google\");var hupso_counters_lang = \"es_LA\";var hupso_image_folder_url = \"\";var hupso_twitter_via=\"crsyvrs\";var hupso_url_c=\"\";<\/script><script type=\"text\/javascript\" src=\"http:\/\/static.hupso.com\/share\/js\/counters.js\"><\/script><!-- Hupso Share Buttons --><\/div><p>Con autor\u00eda y actuaci\u00f3n de Merceditas Elordi, est\u00e1 basado en testimonios reales de cuatro casos diferentes de la sede de Abuelas de la ciudad balnearia. La segunda temporada de \u201cEl Legado\u201d, con autor\u00eda y actuaci\u00f3n de Merceditas Elordi, arranca&#46;&#46;&#46;<\/p>\n<div style=\"padding-bottom:20px; padding-top:10px;\" class=\"hupso-share-buttons\"><!-- Hupso Share Buttons - https:\/\/www.hupso.com\/share\/ --><a class=\"hupso_counters\" href=\"https:\/\/www.hupso.com\/share\/\"><img src=\"http:\/\/static.hupso.com\/share\/buttons\/lang\/es\/share-small.png\" style=\"border:0px; padding-top:2px; float:left;\" alt=\"Share Button\"\/><\/a><script type=\"text\/javascript\">var hupso_services_c=new Array(\"twitter\",\"facebook_like\",\"google\");var hupso_counters_lang = \"es_LA\";var hupso_image_folder_url = \"\";var hupso_twitter_via=\"crsyvrs\";var hupso_url_c=\"\";<\/script><script type=\"text\/javascript\" src=\"http:\/\/static.hupso.com\/share\/js\/counters.js\"><\/script><!-- Hupso Share Buttons --><\/div>","protected":false},"author":5,"featured_media":25565,"comment_status":"open","ping_status":"closed","sticky":false,"template":"","format":"standard","meta":{"footnotes":""},"categories":[5],"tags":[244,4234],"class_list":["post-25564","post","type-post","status-publish","format-standard","has-post-thumbnail","hentry","category-teatro","tag-mar-del-plata","tag-merceditas-elordi"],"_links":{"self":[{"href":"http:\/\/cronicasyversiones.com\/index.php?rest_route=\/wp\/v2\/posts\/25564","targetHints":{"allow":["GET"]}}],"collection":[{"href":"http:\/\/cronicasyversiones.com\/index.php?rest_route=\/wp\/v2\/posts"}],"about":[{"href":"http:\/\/cronicasyversiones.com\/index.php?rest_route=\/wp\/v2\/types\/post"}],"author":[{"embeddable":true,"href":"http:\/\/cronicasyversiones.com\/index.php?rest_route=\/wp\/v2\/users\/5"}],"replies":[{"embeddable":true,"href":"http:\/\/cronicasyversiones.com\/index.php?rest_route=%2Fwp%2Fv2%2Fcomments&post=25564"}],"version-history":[{"count":1,"href":"http:\/\/cronicasyversiones.com\/index.php?rest_route=\/wp\/v2\/posts\/25564\/revisions"}],"predecessor-version":[{"id":25566,"href":"http:\/\/cronicasyversiones.com\/index.php?rest_route=\/wp\/v2\/posts\/25564\/revisions\/25566"}],"wp:featuredmedia":[{"embeddable":true,"href":"http:\/\/cronicasyversiones.com\/index.php?rest_route=\/wp\/v2\/media\/25565"}],"wp:attachment":[{"href":"http:\/\/cronicasyversiones.com\/index.php?rest_route=%2Fwp%2Fv2%2Fmedia&parent=25564"}],"wp:term":[{"taxonomy":"category","embeddable":true,"href":"http:\/\/cronicasyversiones.com\/index.php?rest_route=%2Fwp%2Fv2%2Fcategories&post=25564"},{"taxonomy":"post_tag","embeddable":true,"href":"http:\/\/cronicasyversiones.com\/index.php?rest_route=%2Fwp%2Fv2%2Ftags&post=25564"}],"curies":[{"name":"wp","href":"https:\/\/api.w.org\/{rel}","templated":true}]}}