{"id":25580,"date":"2020-01-02T08:50:06","date_gmt":"2020-01-02T11:50:06","guid":{"rendered":"http:\/\/cronicasyversiones.com\/?p=25580"},"modified":"2020-01-02T08:50:11","modified_gmt":"2020-01-02T11:50:11","slug":"la-miniserie-dracula-disponible-en-netflix","status":"publish","type":"post","link":"http:\/\/cronicasyversiones.com\/?p=25580","title":{"rendered":"La miniserie \u201cDr\u00e1cula\u201d, disponible en Netflix"},"content":{"rendered":"<div style=\"padding-bottom:20px; padding-top:10px;\" class=\"hupso-share-buttons\"><!-- Hupso Share Buttons - https:\/\/www.hupso.com\/share\/ --><a class=\"hupso_counters\" href=\"https:\/\/www.hupso.com\/share\/\"><img decoding=\"async\" src=\"http:\/\/static.hupso.com\/share\/buttons\/lang\/es\/share-small.png\" style=\"border:0px; padding-top:2px; float:left;\" alt=\"Share Button\"\/><\/a><script type=\"text\/javascript\">var hupso_services_c=new Array(\"twitter\",\"facebook_like\",\"google\");var hupso_counters_lang = \"es_LA\";var hupso_image_folder_url = \"\";var hupso_twitter_via=\"crsyvrs\";var hupso_url_c=\"\";<\/script><script type=\"text\/javascript\" src=\"http:\/\/static.hupso.com\/share\/js\/counters.js\"><\/script><!-- Hupso Share Buttons --><\/div><h2>Basada en la cl\u00e1sica novela de Bram Stoker y protagonizada por el actor dan\u00e9s Claes Bang, la historia se contar\u00e1 en tres episodios.<\/h2>\n<p><img loading=\"lazy\" decoding=\"async\" class=\"wp-image-25581 aligncenter\" src=\"http:\/\/cronicasyversiones.com\/wp-content\/uploads\/2019\/12\/dracular-1024x576.png\" alt=\"\" width=\"798\" height=\"449\" srcset=\"http:\/\/cronicasyversiones.com\/wp-content\/uploads\/2019\/12\/dracular-1024x576.png 1024w, http:\/\/cronicasyversiones.com\/wp-content\/uploads\/2019\/12\/dracular-300x169.png 300w, http:\/\/cronicasyversiones.com\/wp-content\/uploads\/2019\/12\/dracular-768x432.png 768w, http:\/\/cronicasyversiones.com\/wp-content\/uploads\/2019\/12\/dracular.png 1280w\" sizes=\"auto, (max-width: 798px) 100vw, 798px\" \/><\/p>\n<p>La miniserie<em><strong> \u201cDr\u00e1cula\u201d<\/strong><\/em>, basada en la cl\u00e1sica novela de <strong>Bram Stoker<\/strong> y protagonizada por el actor dan\u00e9s C<strong>laes Bang<\/strong> en el rol del conde vampiro, estar\u00e1 a disposici\u00f3n en la plataforma de <strong>Netflix<\/strong> desde el s\u00e1bado 4 de enero.<\/p>\n<p>Compuesta por tres episodios de una hora y media de duraci\u00f3n, la miniserie es una coproducci\u00f3n de Netflix con la BBC escrita por Mark Gatiss y Steven Moffat, creadores de la elogiada<em><strong> \u201cSherlock\u201d<\/strong><\/em>.<\/p>\n<p>Creada por los guionistas de Sherlock, Mark Gattis y Steven Moffat, la serie est\u00e1 producida para BBC y cuenta la historia de c\u00f3mo el vampiro viaja desde Transilvania hasta Inglaterra.<\/p>\n<p><em><strong>LEA TAMBI\u00c9N:&nbsp;<\/strong><\/em><\/p>\n<div class=\"video-container\">\n<blockquote class=\"wp-embedded-content\" data-secret=\"uKKRHLfO6i\"><p><a href=\"http:\/\/cronicasyversiones.com\/?p=25529\">\u00abCarrie\u00bb, de  Stephen King, ser\u00e1 una serie<\/a><\/p><\/blockquote>\n<p><iframe loading=\"lazy\" class=\"wp-embedded-content\" sandbox=\"allow-scripts\" security=\"restricted\" style=\"position: absolute; clip: rect(1px, 1px, 1px, 1px);\" title=\"\u00ab\u00abCarrie\u00bb, de  Stephen King, ser\u00e1 una serie\u00bb \u2014    \" src=\"http:\/\/cronicasyversiones.com\/?p=25529&#038;embed=true#?secret=YiuXWUoBhX#?secret=uKKRHLfO6i\" data-secret=\"uKKRHLfO6i\" width=\"600\" height=\"338\" frameborder=\"0\" marginwidth=\"0\" marginheight=\"0\" scrolling=\"no\"><\/iframe><\/div>\n<p><strong>El Conde Dr\u00e1cula se oculta bajo una apariencia enigm\u00e1tica<\/strong>. Pero en realidad, es un vampiro que perdi\u00f3 al amor de su vida hace cuatrocientos a\u00f1os.<\/p>\n<p>Cuando conoce al abogado Harker y a su mujer, Mina, Dr\u00e1cula se sumerge en sus recuerdos, ya que la prometida de Harker se parece a su amada. Por eso, el vampiro viaja de su lugar de residencia hasta Londres, donde acaba aterrorizando a los que les rodea<\/p>\n<div style=\"padding-bottom:20px; padding-top:10px;\" class=\"hupso-share-buttons\"><!-- Hupso Share Buttons - https:\/\/www.hupso.com\/share\/ --><a class=\"hupso_counters\" href=\"https:\/\/www.hupso.com\/share\/\"><img decoding=\"async\" src=\"http:\/\/static.hupso.com\/share\/buttons\/lang\/es\/share-small.png\" style=\"border:0px; padding-top:2px; float:left;\" alt=\"Share Button\"\/><\/a><script type=\"text\/javascript\">var hupso_services_c=new Array(\"twitter\",\"facebook_like\",\"google\");var hupso_counters_lang = \"es_LA\";var hupso_image_folder_url = \"\";var hupso_twitter_via=\"crsyvrs\";var hupso_url_c=\"\";<\/script><script type=\"text\/javascript\" src=\"http:\/\/static.hupso.com\/share\/js\/counters.js\"><\/script><!-- Hupso Share Buttons --><\/div> ","protected":false},"excerpt":{"rendered":"<div style=\"padding-bottom:20px; padding-top:10px;\" class=\"hupso-share-buttons\"><!-- Hupso Share Buttons - https:\/\/www.hupso.com\/share\/ --><a class=\"hupso_counters\" href=\"https:\/\/www.hupso.com\/share\/\"><img src=\"http:\/\/static.hupso.com\/share\/buttons\/lang\/es\/share-small.png\" style=\"border:0px; padding-top:2px; float:left;\" alt=\"Share Button\"\/><\/a><script type=\"text\/javascript\">var hupso_services_c=new Array(\"twitter\",\"facebook_like\",\"google\");var hupso_counters_lang = \"es_LA\";var hupso_image_folder_url = \"\";var hupso_twitter_via=\"crsyvrs\";var hupso_url_c=\"\";<\/script><script type=\"text\/javascript\" src=\"http:\/\/static.hupso.com\/share\/js\/counters.js\"><\/script><!-- Hupso Share Buttons --><\/div><p>Basada en la cl\u00e1sica novela de Bram Stoker y protagonizada por el actor dan\u00e9s Claes Bang, la historia se contar\u00e1 en tres episodios. La miniserie \u201cDr\u00e1cula\u201d, basada en la cl\u00e1sica novela de Bram Stoker y protagonizada por el actor&#46;&#46;&#46;<\/p>\n<div style=\"padding-bottom:20px; padding-top:10px;\" class=\"hupso-share-buttons\"><!-- Hupso Share Buttons - https:\/\/www.hupso.com\/share\/ --><a class=\"hupso_counters\" href=\"https:\/\/www.hupso.com\/share\/\"><img src=\"http:\/\/static.hupso.com\/share\/buttons\/lang\/es\/share-small.png\" style=\"border:0px; padding-top:2px; float:left;\" alt=\"Share Button\"\/><\/a><script type=\"text\/javascript\">var hupso_services_c=new Array(\"twitter\",\"facebook_like\",\"google\");var hupso_counters_lang = \"es_LA\";var hupso_image_folder_url = \"\";var hupso_twitter_via=\"crsyvrs\";var hupso_url_c=\"\";<\/script><script type=\"text\/javascript\" src=\"http:\/\/static.hupso.com\/share\/js\/counters.js\"><\/script><!-- Hupso Share Buttons --><\/div>","protected":false},"author":5,"featured_media":25581,"comment_status":"open","ping_status":"closed","sticky":false,"template":"","format":"standard","meta":{"footnotes":""},"categories":[6],"tags":[4936,2545,1270],"class_list":["post-25580","post","type-post","status-publish","format-standard","has-post-thumbnail","hentry","category-radio-y-tv","tag-dracula","tag-genero-de-terror","tag-netflix"],"_links":{"self":[{"href":"http:\/\/cronicasyversiones.com\/index.php?rest_route=\/wp\/v2\/posts\/25580","targetHints":{"allow":["GET"]}}],"collection":[{"href":"http:\/\/cronicasyversiones.com\/index.php?rest_route=\/wp\/v2\/posts"}],"about":[{"href":"http:\/\/cronicasyversiones.com\/index.php?rest_route=\/wp\/v2\/types\/post"}],"author":[{"embeddable":true,"href":"http:\/\/cronicasyversiones.com\/index.php?rest_route=\/wp\/v2\/users\/5"}],"replies":[{"embeddable":true,"href":"http:\/\/cronicasyversiones.com\/index.php?rest_route=%2Fwp%2Fv2%2Fcomments&post=25580"}],"version-history":[{"count":2,"href":"http:\/\/cronicasyversiones.com\/index.php?rest_route=\/wp\/v2\/posts\/25580\/revisions"}],"predecessor-version":[{"id":25601,"href":"http:\/\/cronicasyversiones.com\/index.php?rest_route=\/wp\/v2\/posts\/25580\/revisions\/25601"}],"wp:featuredmedia":[{"embeddable":true,"href":"http:\/\/cronicasyversiones.com\/index.php?rest_route=\/wp\/v2\/media\/25581"}],"wp:attachment":[{"href":"http:\/\/cronicasyversiones.com\/index.php?rest_route=%2Fwp%2Fv2%2Fmedia&parent=25580"}],"wp:term":[{"taxonomy":"category","embeddable":true,"href":"http:\/\/cronicasyversiones.com\/index.php?rest_route=%2Fwp%2Fv2%2Fcategories&post=25580"},{"taxonomy":"post_tag","embeddable":true,"href":"http:\/\/cronicasyversiones.com\/index.php?rest_route=%2Fwp%2Fv2%2Ftags&post=25580"}],"curies":[{"name":"wp","href":"https:\/\/api.w.org\/{rel}","templated":true}]}}